{"id":11955,"date":"2024-08-08T17:52:58","date_gmt":"2024-08-08T20:52:58","guid":{"rendered":"https:\/\/guialimeira.com.br\/2024\/08\/08\/edival-pontes-conquista-bronze-para-o-brasil-no-taekwondo\/"},"modified":"2024-08-08T17:52:58","modified_gmt":"2024-08-08T20:52:58","slug":"edival-pontes-conquista-bronze-para-o-brasil-no-taekwondo","status":"publish","type":"post","link":"https:\/\/guialimeira.com.br\/news\/edival-pontes-conquista-bronze-para-o-brasil-no-taekwondo\/","title":{"rendered":"Edival Pontes conquista bronze para o Brasil no taekwondo"},"content":{"rendered":"<p> <br \/>\n<\/p>\n<div>\n<p>O brasileiro Edival Pontes, o Netinho, conquistou a medalha de bronze na categoria at\u00e9 68 quilos do taekwondo dos Jogos Ol\u00edmpicos de Paris (Fran\u00e7a), nesta quinta-feira (8) na arena montada no Grand Palais, ap\u00f3s derrotar o espanhol Javier Polo Perez por 2 rounds 1.<img data-recalc-dims=\"1\" decoding=\"async\" src=\"https:\/\/i0.wp.com\/agenciabrasil.ebc.com.br\/ebc.png?w=696&#038;ssl=1\" style=\"width:1px; height:1px; display:inline;\"\/><img data-recalc-dims=\"1\" decoding=\"async\" src=\"https:\/\/i0.wp.com\/agenciabrasil.ebc.com.br\/ebc.gif?w=696&#038;ssl=1\" style=\"width:1px; height:1px; display:inline;\"\/><\/p>\n<blockquote class=\"twitter-tweet\">\n<p dir=\"ltr\" lang=\"pt\" xml:lang=\"pt\">\u00c9 BRONZE PARA O BRASIL!<\/p>\n<p>NETINHO \u00c9 BRONZE NO TAEKWONDO AT\u00c9 68KG<\/p>\n<p>VAMOS, BRASIL!<\/p>\n<p>\u00c9 BRONZE, \u00c9 BRONZE!<a href=\"https:\/\/twitter.com\/hashtag\/JogosOl%C3%ADmpicos?src=hash&amp;ref_src=twsrc%5Etfw\" rel=\"noopener\">#JogosOl\u00edmpicos<\/a> <a href=\"https:\/\/twitter.com\/hashtag\/TimeBrasil?src=hash&amp;ref_src=twsrc%5Etfw\" rel=\"noopener\">#TimeBrasil<\/a> <a href=\"https:\/\/twitter.com\/hashtag\/Paris2024?src=hash&amp;ref_src=twsrc%5Etfw\" rel=\"noopener\">#Paris2024<\/a> <a href=\"https:\/\/t.co\/FqNgoYKMkd\">pic.twitter.com\/FqNgoYKMkd<\/a><\/p>\n<p>\u2014 Time Brasil (@timebrasil) <a href=\"https:\/\/twitter.com\/timebrasil\/status\/1821624388451758462?ref_src=twsrc%5Etfw\" rel=\"noopener\">August 8, 2024<\/a><\/p><\/blockquote>\n<p>Para alcan\u00e7ar o bronze ol\u00edmpico o brasileiro teve que mostrar poder de rea\u00e7\u00e3o, pois estreou na competi\u00e7\u00e3o com derrota para o jordaniano Zaid Kareem. Mas Netinho recebeu a oportunidade de disputar a repescagem por causa da classifica\u00e7\u00e3o do lutador da Jord\u00e2nia \u00e0 decis\u00e3o na modalidade.<\/p>\n<p>A medalha de Edival Pontes no taekwondo \u00e9 a 15\u00ba do Brasil nos Jogos de Paris. J\u00e1 na hist\u00f3ria da modalidade em Olimp\u00edadas, a conquista de Netinho \u00e9 a terceira de um brasileiro, ap\u00f3s os bronzes de Natalia Falavigna, nos Jogos de Pequim (2008), e de Maicon Andrade, nos Jogos do Rio (2016).<\/p>\n<blockquote class=\"twitter-tweet\">\n<p dir=\"ltr\" lang=\"pt\" xml:lang=\"pt\">\u00c9 BRONZE PARA O BRASIL! \ud83e\udd49<\/p>\n<p>Em uma grande luta contra o espanhol, Netinho deu um show e garantiu a medalha de bronze para o <a href=\"https:\/\/twitter.com\/hashtag\/TimeBrasil?src=hash&amp;ref_src=twsrc%5Etfw\" rel=\"noopener\">#TimeBrasil<\/a> no Taekwondo!<\/p>\n<p>\u00c9 O BRASA! \ud83d\udd25\u2705<a href=\"https:\/\/twitter.com\/hashtag\/JogosOl%C3%ADmpicos?src=hash&amp;ref_src=twsrc%5Etfw\" rel=\"noopener\">#JogosOl\u00edmpicos<\/a> <a href=\"https:\/\/twitter.com\/hashtag\/Paris2024?src=hash&amp;ref_src=twsrc%5Etfw\" rel=\"noopener\">#Paris2024<\/a> <a href=\"https:\/\/twitter.com\/hashtag\/Medley?src=hash&amp;ref_src=twsrc%5Etfw\" rel=\"noopener\">#Medley<\/a> <a href=\"https:\/\/t.co\/Ha44YBwqjs\">pic.twitter.com\/Ha44YBwqjs<\/a><\/p>\n<p>\u2014 Time Brasil (@timebrasil) <a href=\"https:\/\/twitter.com\/timebrasil\/status\/1821627458782703956?ref_src=twsrc%5Etfw\" rel=\"noopener\">August 8, 2024<\/a><\/p><\/blockquote><\/div>\n<p><script async src=\"\/\/platform.twitter.com\/widgets.js\" charset=\"utf-8\"><\/script><br \/>\n<br \/><br \/>\n<br \/><a href=\"https:\/\/agenciabrasil.ebc.com.br\/esportes\/noticia\/2024-08\/edival-pontes-conquista-bronze-para-o-brasil-no-taekwondo\" rel=\"noopener\">Ag\u00eancia Brasil<\/a><\/p>\n","protected":false},"excerpt":{"rendered":"<p>O brasileiro Edival Pontes, o Netinho, conquistou a medalha de bronze na categoria at\u00e9 68 quilos do taekwondo dos Jogos Ol\u00edmpicos de Paris (Fran\u00e7a), nesta quinta-feira (8) na arena montada no Grand Palais, ap\u00f3s derrotar o espanhol Javier Polo Perez por 2 rounds 1. \u00c9 BRONZE PARA O BRASIL! NETINHO \u00c9 BRONZE NO TAEKWONDO AT\u00c9 [&hellip;]<\/p>\n","protected":false},"author":1,"featured_media":11956,"comment_status":"open","ping_status":"open","sticky":false,"template":"","format":"standard","meta":{"_jetpack_newsletter_access":"","_jetpack_dont_email_post_to_subs":false,"_jetpack_newsletter_tier_id":0,"_jetpack_memberships_contains_paywalled_content":false,"_mbp_banners":[],"_jetpack_feature_clip_id":0,"_jetpack_memberships_contains_paid_content":false,"footnotes":"","jetpack_publicize_message":"","jetpack_publicize_feature_enabled":true,"jetpack_social_post_already_shared":true,"jetpack_social_options":{"image_generator_settings":{"template":"highway","default_image_id":0,"font":"","enabled":false},"version":2},"jetpack_post_was_ever_published":false},"categories":[23],"tags":[],"class_list":["post-11955","post","type-post","status-publish","format-standard","has-post-thumbnail","category-esportes"],"jetpack_publicize_connections":[],"jetpack-related-posts":[],"jetpack_shortlink":"https:\/\/wp.me\/p7Eq1F-36P","jetpack_sharing_enabled":true,"jetpack_featured_media_url":"https:\/\/i0.wp.com\/guialimeira.com.br\/news\/wp-content\/uploads\/2024\/08\/2024-08-08t201206z_2099660221_up1ek881k44i3_rtrmadp_3_olympics-2024-taekwondo_0.jpg?fit=1600%2C800&ssl=1","_links":{"self":[{"href":"https:\/\/guialimeira.com.br\/news\/wp-json\/wp\/v2\/posts\/11955","targetHints":{"allow":["GET"]}}],"collection":[{"href":"https:\/\/guialimeira.com.br\/news\/wp-json\/wp\/v2\/posts"}],"about":[{"href":"https:\/\/guialimeira.com.br\/news\/wp-json\/wp\/v2\/types\/post"}],"author":[{"embeddable":true,"href":"https:\/\/guialimeira.com.br\/news\/wp-json\/wp\/v2\/users\/1"}],"replies":[{"embeddable":true,"href":"https:\/\/guialimeira.com.br\/news\/wp-json\/wp\/v2\/comments?post=11955"}],"version-history":[{"count":0,"href":"https:\/\/guialimeira.com.br\/news\/wp-json\/wp\/v2\/posts\/11955\/revisions"}],"wp:featuredmedia":[{"embeddable":true,"href":"https:\/\/guialimeira.com.br\/news\/wp-json\/wp\/v2\/media\/11956"}],"wp:attachment":[{"href":"https:\/\/guialimeira.com.br\/news\/wp-json\/wp\/v2\/media?parent=11955"}],"wp:term":[{"taxonomy":"category","embeddable":true,"href":"https:\/\/guialimeira.com.br\/news\/wp-json\/wp\/v2\/categories?post=11955"},{"taxonomy":"post_tag","embeddable":true,"href":"https:\/\/guialimeira.com.br\/news\/wp-json\/wp\/v2\/tags?post=11955"}],"curies":[{"name":"wp","href":"https:\/\/api.w.org\/{rel}","templated":true}]}}