{"id":11910,"date":"2024-08-08T09:44:57","date_gmt":"2024-08-08T12:44:57","guid":{"rendered":"https:\/\/guialimeira.com.br\/2024\/08\/08\/brasil-fica-fora-da-final-do-revezamento-4x100m-no-atletismo-em-paris\/"},"modified":"2024-08-08T09:44:57","modified_gmt":"2024-08-08T12:44:57","slug":"brasil-fica-fora-da-final-do-revezamento-4x100m-no-atletismo-em-paris","status":"publish","type":"post","link":"https:\/\/guialimeira.com.br\/news\/brasil-fica-fora-da-final-do-revezamento-4x100m-no-atletismo-em-paris\/","title":{"rendered":"Brasil fica fora da final do revezamento 4x100m no atletismo em Paris"},"content":{"rendered":"<p> <br \/>\n<\/p>\n<div>\n<p>Na primeira sess\u00e3o desta quinta-feira (8) do atletismo nos Jogos Ol\u00edmpicos de Paris, os atletas do Brasil n\u00e3o conseguiram avan\u00e7ar para as finais. Na segunda bateria das eliminat\u00f3rias, o quarteto verde a amarelo &#8211; Gabriel dos Santos, Felipe Bardi, Erik Cardoso e Renan Gallina &#8211;\u00a0cruzou a linha de chegada com o tempo de 38seg73, o sexto melhor da s\u00e9rie.<img data-recalc-dims=\"1\" decoding=\"async\" src=\"https:\/\/i0.wp.com\/agenciabrasil.ebc.com.br\/ebc.png?w=696&#038;ssl=1\" style=\"width:1px; height:1px; display:inline;\"\/><img data-recalc-dims=\"1\" decoding=\"async\" src=\"https:\/\/i0.wp.com\/agenciabrasil.ebc.com.br\/ebc.gif?w=696&#038;ssl=1\" style=\"width:1px; height:1px; display:inline;\"\/><\/p>\n<p>A marca, no entanto, foi insuficiente para figurar entre as oito melhores da competi\u00e7\u00e3o, que avan\u00e7aram \u00e0 final. O melhor tempo foi obtido pelo time dos Estados Unidos: 37seg47. Uma curiosidade \u00e9 que a\u00a0tradicional equipe\u00a0da Jamaica, detentora dos recordes ol\u00edmpico e mundial na prova, ficou de fora da final, com a marca de 38seg45.<\/p>\n<p>As eliminat\u00f3rias do arremesso de peso feminino tiveram a participa\u00e7\u00e3o de duas brasileiras. No grupo A, Livia Avancini terminou na 15\u00aa coloca\u00e7\u00e3o, com a marca de 16m26, e ficou fora da final. O mesmo aconteceu com Ana Caroline Silva, que teve como melhor arremesso 17.09 e foi a 11\u00aa colocada no grupo B.<\/p>\n<blockquote class=\"twitter-tweet\">\n<p dir=\"ltr\" lang=\"pt\" xml:lang=\"pt\">QUEBRADOR DE RECORDES! \ud83d\udcaa\ud83c\udffd\ud83c\udde7\ud83c\uddf7<\/p>\n<p>Nas classificat\u00f3rias do lan\u00e7amento do dardo em <a href=\"https:\/\/twitter.com\/hashtag\/Paris2024?src=hash&amp;ref_src=twsrc%5Etfw\" rel=\"noopener\">#Paris2024<\/a>, Luiz Maur\u00edcio bate o recorde sul-americano de 85m57, que pertencia a ele mesmo, e se classifica para a final na quarta posi\u00e7\u00e3o do Grupo B, com a marca de 85m91! \ud83d\udc4f\ud83c\udffc<\/p>\n<p>A disputa pela medalha ser\u00e1\u2026 <a href=\"https:\/\/t.co\/T0syjei8wU\">pic.twitter.com\/T0syjei8wU<\/a><\/p>\n<p>\u2014 Time Brasil (@timebrasil) <a href=\"https:\/\/twitter.com\/timebrasil\/status\/1820780371786518925?ref_src=twsrc%5Etfw\" rel=\"noopener\">August 6, 2024<\/a><\/p><\/blockquote>\n<h2>Brasil na final do lan\u00e7amento de dardo\u00a0<\/h2>\n<p>Ainda hoje, a partir das 15h25 (hor\u00e1rio de Bras\u00edlia), Luiz Maur\u00edcio da Silva participa da final do lan\u00e7amento de dardo. <a href=\"https:\/\/agenciabrasil.ebc.com.br\/esportes\/noticia\/2024-08\/luiz-mauricio-da-silva-avanca-final-do-lancamento-de-dardo-em-paris\" rel=\"noopener\"><strong>O atleta mineiro de 24 anos se classificou na \u00faltima ter\u00e7a-feira (6)<\/strong><\/a> com a sexta\u00a0melhor marca da eliminat\u00f3ria (85m91), novo recorde sul-americano da prova.<\/p>\n<\/p><\/div>\n<p><script async src=\"\/\/platform.twitter.com\/widgets.js\" charset=\"utf-8\"><\/script><br \/>\n<br \/><br \/>\n<br \/><a href=\"https:\/\/agenciabrasil.ebc.com.br\/esportes\/noticia\/2024-08\/brasil-fica-fora-da-final-do-revezamento-4x100m-no-atletismo-em-paris\" rel=\"noopener\">Ag\u00eancia Brasil<\/a><\/p>\n","protected":false},"excerpt":{"rendered":"<p>Na primeira sess\u00e3o desta quinta-feira (8) do atletismo nos Jogos Ol\u00edmpicos de Paris, os atletas do Brasil n\u00e3o conseguiram avan\u00e7ar para as finais. Na segunda bateria das eliminat\u00f3rias, o quarteto verde a amarelo &#8211; Gabriel dos Santos, Felipe Bardi, Erik Cardoso e Renan Gallina &#8211;\u00a0cruzou a linha de chegada com o tempo de 38seg73, o [&hellip;]<\/p>\n","protected":false},"author":1,"featured_media":11911,"comment_status":"open","ping_status":"open","sticky":false,"template":"","format":"standard","meta":{"_jetpack_newsletter_access":"","_jetpack_dont_email_post_to_subs":false,"_jetpack_newsletter_tier_id":0,"_jetpack_memberships_contains_paywalled_content":false,"_mbp_banners":[],"_jetpack_feature_clip_id":0,"_jetpack_memberships_contains_paid_content":false,"footnotes":"","jetpack_publicize_message":"","jetpack_publicize_feature_enabled":true,"jetpack_social_post_already_shared":true,"jetpack_social_options":{"image_generator_settings":{"template":"highway","default_image_id":0,"font":"","enabled":false},"version":2},"jetpack_post_was_ever_published":false},"categories":[23],"tags":[],"class_list":["post-11910","post","type-post","status-publish","format-standard","has-post-thumbnail","category-esportes"],"jetpack_publicize_connections":[],"jetpack-related-posts":[],"jetpack_shortlink":"https:\/\/wp.me\/p7Eq1F-366","jetpack_sharing_enabled":true,"jetpack_featured_media_url":"https:\/\/i0.wp.com\/guialimeira.com.br\/news\/wp-content\/uploads\/2024\/08\/brasil_revez_4x100_atletsimo_paris.jpeg?fit=1600%2C800&ssl=1","_links":{"self":[{"href":"https:\/\/guialimeira.com.br\/news\/wp-json\/wp\/v2\/posts\/11910","targetHints":{"allow":["GET"]}}],"collection":[{"href":"https:\/\/guialimeira.com.br\/news\/wp-json\/wp\/v2\/posts"}],"about":[{"href":"https:\/\/guialimeira.com.br\/news\/wp-json\/wp\/v2\/types\/post"}],"author":[{"embeddable":true,"href":"https:\/\/guialimeira.com.br\/news\/wp-json\/wp\/v2\/users\/1"}],"replies":[{"embeddable":true,"href":"https:\/\/guialimeira.com.br\/news\/wp-json\/wp\/v2\/comments?post=11910"}],"version-history":[{"count":0,"href":"https:\/\/guialimeira.com.br\/news\/wp-json\/wp\/v2\/posts\/11910\/revisions"}],"wp:featuredmedia":[{"embeddable":true,"href":"https:\/\/guialimeira.com.br\/news\/wp-json\/wp\/v2\/media\/11911"}],"wp:attachment":[{"href":"https:\/\/guialimeira.com.br\/news\/wp-json\/wp\/v2\/media?parent=11910"}],"wp:term":[{"taxonomy":"category","embeddable":true,"href":"https:\/\/guialimeira.com.br\/news\/wp-json\/wp\/v2\/categories?post=11910"},{"taxonomy":"post_tag","embeddable":true,"href":"https:\/\/guialimeira.com.br\/news\/wp-json\/wp\/v2\/tags?post=11910"}],"curies":[{"name":"wp","href":"https:\/\/api.w.org\/{rel}","templated":true}]}}