{"id":11884,"date":"2024-08-07T20:31:55","date_gmt":"2024-08-07T23:31:55","guid":{"rendered":"https:\/\/guialimeira.com.br\/2024\/08\/07\/rebeca-andrade-e-celebrada-por-lendas-do-esporte-brasileiro\/"},"modified":"2024-08-07T20:31:55","modified_gmt":"2024-08-07T23:31:55","slug":"rebeca-andrade-e-celebrada-por-lendas-do-esporte-brasileiro","status":"publish","type":"post","link":"https:\/\/guialimeira.com.br\/news\/rebeca-andrade-e-celebrada-por-lendas-do-esporte-brasileiro\/","title":{"rendered":"Rebeca Andrade \u00e9 celebrada por lendas do esporte brasileiro"},"content":{"rendered":"<p> <br \/>\n<\/p>\n<div>\n<p>Os Jogos de Paris (Fran\u00e7a) foram o palco no qual Rebeca Andrade assumiu o posto de maior medalhista do Brasil entre homens e mulheres na hist\u00f3ria dos Jogos Ol\u00edmpicos. Isto porque a jovem de 25 anos de idade subiu ao p\u00f3dio em quatro oportunidades no megaevento esportivo realizado na capital francesa (um bronze na disputa por equipes, um ouro no solo e duas pratas, no individual geral e no salto), chegando ao total de seis conquistas ol\u00edmpicas (considerando as duas gl\u00f3rias alcan\u00e7adas em T\u00f3quio) e superando duas lendas do esporte brasileiro, os velejadores Robert Scheidt e Torben Grael.<img data-recalc-dims=\"1\" decoding=\"async\" src=\"https:\/\/i0.wp.com\/agenciabrasil.ebc.com.br\/ebc.png?w=696&#038;ssl=1\" style=\"width:1px; height:1px; display:inline;\"\/><img data-recalc-dims=\"1\" decoding=\"async\" src=\"https:\/\/i0.wp.com\/agenciabrasil.ebc.com.br\/ebc.gif?w=696&#038;ssl=1\" style=\"width:1px; height:1px; display:inline;\"\/><\/p>\n<blockquote class=\"twitter-tweet\">\n<p dir=\"ltr\" lang=\"pt\" xml:lang=\"pt\">Bicampe\u00e3 ol\u00edmpica. \ud83e\udd47\ud83e\udd47<br \/>Seis vezes medalhista. \ud83e\udd38\ud83c\udffe\u200d\u2642\ufe0f<br \/>A maior medalhista ol\u00edmpica do Brasil em toda a hist\u00f3ria. \ud83c\udde7\ud83c\uddf7<\/p>\n<p>Faltam adjetivos para descrever Rebeca Andrade! \ud83d\udc51<a href=\"https:\/\/twitter.com\/hashtag\/TimeBrasil?src=hash&amp;ref_src=twsrc%5Etfw\" rel=\"noopener\">#TimeBrasil<\/a> <a href=\"https:\/\/twitter.com\/hashtag\/JogosOl%C3%ADmpicos?src=hash&amp;ref_src=twsrc%5Etfw\" rel=\"noopener\">#JogosOl\u00edmpicos<\/a> <a href=\"https:\/\/twitter.com\/hashtag\/Hemmer?src=hash&amp;ref_src=twsrc%5Etfw\" rel=\"noopener\">#Hemmer<\/a> <a href=\"https:\/\/t.co\/vWmB4oJy7S\">pic.twitter.com\/vWmB4oJy7S<\/a><\/p>\n<p>\u2014 Time Brasil (@timebrasil) <a href=\"https:\/\/twitter.com\/timebrasil\/status\/1820492380736561655?ref_src=twsrc%5Etfw\" rel=\"noopener\">August 5, 2024<\/a><\/p><\/blockquote>\n<p>Em entrevista concedida nesta quarta-feira (7) ao Comit\u00ea Ol\u00edmpico do Brasil (COB), Torben Grael, que tem cinco medalhas ol\u00edmpicas no curr\u00edculo (dois ouros, uma prata e dois bronzes), celebrou o feito de Rebeca Andrade, um sinal de evolu\u00e7\u00e3o do esporte brasileiro: \u201cQuanto mais atletas brasileiros alcan\u00e7arem esses resultados, melhor. \u00c9 sinal de que o esporte no Brasil est\u00e1 tendo bons resultados. A Rebeca fez dois excelentes Jogos Ol\u00edmpicos, em T\u00f3quio e especialmente aqui na Fran\u00e7a. Ent\u00e3o s\u00f3 podemos estar superfelizes com esse resultado\u201d.<\/p>\n<p>J\u00e1 Robert Scheidt, que tamb\u00e9m subiu em cinco oportunidades em p\u00f3dios ol\u00edmpicos (dois ouros, duas pratas e um bronze) destacou o fato de as gl\u00f3rias de Rebeca servirem de motiva\u00e7\u00e3o para as novas gera\u00e7\u00f5es se envolverem com o esporte: \u201cEla fez hist\u00f3ria em Paris chegando a seis medalhas ol\u00edmpicas. Estamos muito contentes por esse sucesso todo dela. Acho que vai ser muito positivo, vai impactar a juventude brasileira. Acho que s\u00f3 incentiva as crian\u00e7as a entrarem para a gin\u00e1stica, para os esportes no geral\u201d.<\/p>\n<p>Mas Rebeca pode ter companhia no posto de maior medalhista do Brasil na hist\u00f3ria das Olimp\u00edadas at\u00e9 o final das disputas em Paris. Isto porque o baiano Isaquias Queiroz, que j\u00e1 tem quatro gl\u00f3rias ol\u00edmpicas na carreira, disputa duas provas de canoagem nos Jogos da capital francesa: C1 1000 metros (canoa individual) e C2 500 metros (canoa dupla).<\/p>\n<blockquote class=\"twitter-tweet\">\n<p dir=\"ltr\" lang=\"pt\" xml:lang=\"pt\">MAIS UMA SEMIFINAL! \ud83d\udc4f\ud83c\udffd\ud83c\udde7\ud83c\uddf7<\/p>\n<p>Isaquias Queiroz fica na 2\u00aa posi\u00e7\u00e3o da bateria e avan\u00e7a direto \u00e0s semis do C1 1000m na canoagem velocidade, sem precisar passar pelas quartas de final. O brasileiro \u00e9 o atual campe\u00e3o ol\u00edmpico da prova.<\/p>\n<p>A disputa por medalhas acontecer\u00e1 na sexta-feira\u2026 <a href=\"https:\/\/t.co\/7PD3HEbbSv\">pic.twitter.com\/7PD3HEbbSv<\/a><\/p>\n<p>\u2014 Time Brasil (@timebrasil) <a href=\"https:\/\/twitter.com\/timebrasil\/status\/1821134361078501449?ref_src=twsrc%5Etfw\" rel=\"noopener\">August 7, 2024<\/a><\/p><\/blockquote>\n<h2>Maiores medalhistas do Brasil na hist\u00f3ria dos Jogos Ol\u00edmpicos<\/h2>\n<p><strong>1. Rebeca Andrade (gin\u00e1stica art\u00edstica) &#8211; 6 medalhas:<\/strong> ouro no salto (T\u00f3quio 2020), ouro no solo (Paris 2024), prata individual geral (T\u00f3quio 2020), prata individual geral (Paris 2024), prata no salto (Paris 2024) e bronze por equipes (Paris 2024).<\/p>\n<p><strong>2. Robert Scheidt (vela) &#8211; 5 medalhas:<\/strong> ouro (Atlanta 1996), ouro (Atenas 2004), prata (Sydney 2000), prata (Pequim 2008) e bronze (Londres 2012).<\/p>\n<p><strong>3. Torben Grael (vela) &#8211; 5 medalhas:<\/strong> ouro (Atlanta 1996), ouro (Atenas 2004), prata (Los Angeles 1984), bronze (Seul 1988) e bronze (Sydney 2000).<\/p>\n<p><strong>4. Serginho (v\u00f4lei) &#8211; 4 medalhas:<\/strong> ouro (Atenas 2004), ouro (Rio 2016), prata (Pequim 2008) e prata (Londres 2012).<\/p>\n<p><strong>5. Isaquias Queiroz (canoagem) &#8211; 4 medalhas:<\/strong> ouro (T\u00f3quio 2020), duas pratas (ambas na Rio 2016) e bronze (Rio 2016).<\/p>\n<\/p><\/div>\n<p><script async src=\"\/\/platform.twitter.com\/widgets.js\" charset=\"utf-8\"><\/script><br \/>\n<br \/><br \/>\n<br \/><a href=\"https:\/\/agenciabrasil.ebc.com.br\/esportes\/noticia\/2024-08\/rebeca-andrade-e-celebrada-por-lendas-do-esporte-brasileiro\" rel=\"noopener\">Ag\u00eancia Brasil<\/a><\/p>\n","protected":false},"excerpt":{"rendered":"<p>Os Jogos de Paris (Fran\u00e7a) foram o palco no qual Rebeca Andrade assumiu o posto de maior medalhista do Brasil entre homens e mulheres na hist\u00f3ria dos Jogos Ol\u00edmpicos. Isto porque a jovem de 25 anos de idade subiu ao p\u00f3dio em quatro oportunidades no megaevento esportivo realizado na capital francesa (um bronze na disputa [&hellip;]<\/p>\n","protected":false},"author":1,"featured_media":11885,"comment_status":"open","ping_status":"open","sticky":false,"template":"","format":"standard","meta":{"_jetpack_newsletter_access":"","_jetpack_dont_email_post_to_subs":false,"_jetpack_newsletter_tier_id":0,"_jetpack_memberships_contains_paywalled_content":false,"_mbp_banners":[],"_jetpack_feature_clip_id":0,"_jetpack_memberships_contains_paid_content":false,"footnotes":"","jetpack_publicize_message":"","jetpack_publicize_feature_enabled":true,"jetpack_social_post_already_shared":true,"jetpack_social_options":{"image_generator_settings":{"template":"highway","default_image_id":0,"font":"","enabled":false},"version":2},"jetpack_post_was_ever_published":false},"categories":[23],"tags":[],"class_list":["post-11884","post","type-post","status-publish","format-standard","has-post-thumbnail","category-esportes"],"jetpack_publicize_connections":[],"jetpack-related-posts":[],"jetpack_shortlink":"https:\/\/wp.me\/p7Eq1F-35G","jetpack_sharing_enabled":true,"jetpack_featured_media_url":"https:\/\/i0.wp.com\/guialimeira.com.br\/news\/wp-content\/uploads\/2024\/08\/2024-08-05t134125z_1396862532_up1ek85120ziw_rtrmadp_3_olympics-2024-artisticgymnastics.jpg?fit=1600%2C800&ssl=1","_links":{"self":[{"href":"https:\/\/guialimeira.com.br\/news\/wp-json\/wp\/v2\/posts\/11884","targetHints":{"allow":["GET"]}}],"collection":[{"href":"https:\/\/guialimeira.com.br\/news\/wp-json\/wp\/v2\/posts"}],"about":[{"href":"https:\/\/guialimeira.com.br\/news\/wp-json\/wp\/v2\/types\/post"}],"author":[{"embeddable":true,"href":"https:\/\/guialimeira.com.br\/news\/wp-json\/wp\/v2\/users\/1"}],"replies":[{"embeddable":true,"href":"https:\/\/guialimeira.com.br\/news\/wp-json\/wp\/v2\/comments?post=11884"}],"version-history":[{"count":0,"href":"https:\/\/guialimeira.com.br\/news\/wp-json\/wp\/v2\/posts\/11884\/revisions"}],"wp:featuredmedia":[{"embeddable":true,"href":"https:\/\/guialimeira.com.br\/news\/wp-json\/wp\/v2\/media\/11885"}],"wp:attachment":[{"href":"https:\/\/guialimeira.com.br\/news\/wp-json\/wp\/v2\/media?parent=11884"}],"wp:term":[{"taxonomy":"category","embeddable":true,"href":"https:\/\/guialimeira.com.br\/news\/wp-json\/wp\/v2\/categories?post=11884"},{"taxonomy":"post_tag","embeddable":true,"href":"https:\/\/guialimeira.com.br\/news\/wp-json\/wp\/v2\/tags?post=11884"}],"curies":[{"name":"wp","href":"https:\/\/api.w.org\/{rel}","templated":true}]}}