{"id":11879,"date":"2024-08-07T19:31:02","date_gmt":"2024-08-07T22:31:02","guid":{"rendered":"https:\/\/guialimeira.com.br\/2024\/08\/07\/alison-dos-santos-garante-presenca-na-final-dos-400-m-com-barreiras\/"},"modified":"2024-08-07T19:31:02","modified_gmt":"2024-08-07T22:31:02","slug":"alison-dos-santos-garante-presenca-na-final-dos-400-m-com-barreiras","status":"publish","type":"post","link":"https:\/\/guialimeira.com.br\/news\/alison-dos-santos-garante-presenca-na-final-dos-400-m-com-barreiras\/","title":{"rendered":"Alison dos Santos garante presen\u00e7a na final dos 400 m com barreiras"},"content":{"rendered":"<p> <br \/>\n<\/p>\n<div>\n<p>Alison dos Santos garantiu presen\u00e7a na decis\u00e3o da prova dos 400 metros livres com barreira dos Jogos Ol\u00edmpicos de Paris (Fran\u00e7a) ap\u00f3s conquistar o quarto melhor tempo das semifinais da prova, 47s95, nesta quarta-feira (78) no Stade de France.<img data-recalc-dims=\"1\" decoding=\"async\" src=\"https:\/\/i0.wp.com\/agenciabrasil.ebc.com.br\/ebc.png?w=696&#038;ssl=1\" style=\"width:1px; height:1px; display:inline;\"\/><img data-recalc-dims=\"1\" decoding=\"async\" src=\"https:\/\/i0.wp.com\/agenciabrasil.ebc.com.br\/ebc.gif?w=696&#038;ssl=1\" style=\"width:1px; height:1px; display:inline;\"\/><\/p>\n<blockquote class=\"twitter-tweet\">\n<p dir=\"ltr\" lang=\"pt\" xml:lang=\"pt\">CLASSIFICADO PARA A FINAL!<\/p>\n<p>Alison dos Santos, o Piu, est\u00e1 classificado para a final dos 400m com barreiras!<\/p>\n<p>Ele ficou em terceiro na sua bateria e o 4\u00ba melhor tempo da semifinal. Matheus Lima faz o 16\u00ba melhor tempo e n\u00e3o consegue a classifica\u00e7\u00e3o.<a href=\"https:\/\/twitter.com\/hashtag\/JogosOl%C3%ADmpicos?src=hash&amp;ref_src=twsrc%5Etfw\" rel=\"noopener\">#JogosOl\u00edmpicos<\/a> <a href=\"https:\/\/twitter.com\/hashtag\/TimeBrasil?src=hash&amp;ref_src=twsrc%5Etfw\" rel=\"noopener\">#TimeBrasil<\/a>\u2026 <a href=\"https:\/\/t.co\/wY57HKpryv\">pic.twitter.com\/wY57HKpryv<\/a><\/p>\n<p>\u2014 Time Brasil (@timebrasil) <a href=\"https:\/\/twitter.com\/timebrasil\/status\/1821245596688126442?ref_src=twsrc%5Etfw\" rel=\"noopener\">August 7, 2024<\/a><\/p><\/blockquote>\n<p>Nas semifinais, o brasileiro ficou atr\u00e1s apenas do noruegu\u00eas Karsten Warholm, do norte-americano Rai Benjamin e do franc\u00eas Clement Ducos. A final da prova ser\u00e1 realizada na pr\u00f3xima sexta-feira (9) a partir das 16h45 (hor\u00e1rio de Bras\u00edlia).<\/p>\n<p>\u201cSabia que eu poderia ter corrido melhor, mas \u00e9 essa a vida do atletismo, voc\u00ea tem que estar preparado para todas as situa\u00e7\u00f5es. Acho que vou com mais raiva, vou com um pouco mais de gosto ruim na garganta, gosto ruim no peito e sabendo que chegar l\u00e1 n\u00e3o foi tranquilo, n\u00e3o foi o caminho perfeito. Mas nada muda, [na final] s\u00e3o oito atletas, tr\u00eas medalhas e um campe\u00e3o\u201d, declarou Alison ap\u00f3s a prova.<\/p>\n<h2>Final no salto triplo<\/h2>\n<p>Outro brasileiro a avan\u00e7ar para uma final no atletismo foi Almir J\u00fanior, que disputar\u00e1 a decis\u00e3o do salto triplo ap\u00f3s fechar a fase eliminat\u00f3ria na quinta posi\u00e7\u00e3o com a marca de 17,06 metros. A defini\u00e7\u00e3o dos medalhistas ol\u00edmpicos na prova ter\u00e1 in\u00edcio \u00e0s 15h13 da pr\u00f3xima sexta-feira (9).<\/p>\n<p>\u201cO primeiro objetivo era passar para a final. Queria ter feito a marca de qualifica\u00e7\u00e3o direta, faltaram 4 cent\u00edmetros, mas estamos dentro da final do mesmo jeito. Quando saltei, sabia que estaria dentro. \u00c9 muito dif\u00edcil sair [da competi\u00e7\u00e3o] saltando acima de 17 metros. Esse era o primeiro objetivo, a ideia inicial, porque a Olimp\u00edada \u00e9 o maior palco do planeta\u201d, declarou o brasileiro.<\/p>\n<p>\u201cO que quero fazer [na final] \u00e9 o quanto precisar para ir para o p\u00f3dio. Acho que a final \u00e9 isso. A final ol\u00edmpica nunca foi sobre resultado, \u00e9 medalha. Meu objetivo inicial \u00e9 a medalha\u201d, concluiu Almir.<\/p>\n<\/p><\/div>\n<p><script async src=\"\/\/platform.twitter.com\/widgets.js\" charset=\"utf-8\"><\/script><br \/>\n<br \/><br \/>\n<br \/><a href=\"https:\/\/agenciabrasil.ebc.com.br\/esportes\/noticia\/2024-08\/alison-dos-santos-garante-presenca-na-final-dos-400-m-com-barreiras\" rel=\"noopener\">Ag\u00eancia Brasil<\/a><\/p>\n","protected":false},"excerpt":{"rendered":"<p>Alison dos Santos garantiu presen\u00e7a na decis\u00e3o da prova dos 400 metros livres com barreira dos Jogos Ol\u00edmpicos de Paris (Fran\u00e7a) ap\u00f3s conquistar o quarto melhor tempo das semifinais da prova, 47s95, nesta quarta-feira (78) no Stade de France. CLASSIFICADO PARA A FINAL! Alison dos Santos, o Piu, est\u00e1 classificado para a final dos 400m [&hellip;]<\/p>\n","protected":false},"author":1,"featured_media":11880,"comment_status":"open","ping_status":"open","sticky":false,"template":"","format":"standard","meta":{"_jetpack_newsletter_access":"","_jetpack_dont_email_post_to_subs":false,"_jetpack_newsletter_tier_id":0,"_jetpack_memberships_contains_paywalled_content":false,"_mbp_banners":[],"_jetpack_feature_clip_id":0,"_jetpack_memberships_contains_paid_content":false,"footnotes":"","jetpack_publicize_message":"","jetpack_publicize_feature_enabled":true,"jetpack_social_post_already_shared":true,"jetpack_social_options":{"image_generator_settings":{"template":"highway","default_image_id":0,"font":"","enabled":false},"version":2},"jetpack_post_was_ever_published":false},"categories":[23],"tags":[],"class_list":["post-11879","post","type-post","status-publish","format-standard","has-post-thumbnail","category-esportes"],"jetpack_publicize_connections":[],"jetpack-related-posts":[],"jetpack_shortlink":"https:\/\/wp.me\/p7Eq1F-35B","jetpack_sharing_enabled":true,"jetpack_featured_media_url":"https:\/\/i0.wp.com\/guialimeira.com.br\/news\/wp-content\/uploads\/2024\/08\/2024-08-05t082511z_1670286692_up1ek850ndwdt_rtrmadp_3_olympics-2024-athletics.jpg?fit=1600%2C800&ssl=1","_links":{"self":[{"href":"https:\/\/guialimeira.com.br\/news\/wp-json\/wp\/v2\/posts\/11879","targetHints":{"allow":["GET"]}}],"collection":[{"href":"https:\/\/guialimeira.com.br\/news\/wp-json\/wp\/v2\/posts"}],"about":[{"href":"https:\/\/guialimeira.com.br\/news\/wp-json\/wp\/v2\/types\/post"}],"author":[{"embeddable":true,"href":"https:\/\/guialimeira.com.br\/news\/wp-json\/wp\/v2\/users\/1"}],"replies":[{"embeddable":true,"href":"https:\/\/guialimeira.com.br\/news\/wp-json\/wp\/v2\/comments?post=11879"}],"version-history":[{"count":0,"href":"https:\/\/guialimeira.com.br\/news\/wp-json\/wp\/v2\/posts\/11879\/revisions"}],"wp:featuredmedia":[{"embeddable":true,"href":"https:\/\/guialimeira.com.br\/news\/wp-json\/wp\/v2\/media\/11880"}],"wp:attachment":[{"href":"https:\/\/guialimeira.com.br\/news\/wp-json\/wp\/v2\/media?parent=11879"}],"wp:term":[{"taxonomy":"category","embeddable":true,"href":"https:\/\/guialimeira.com.br\/news\/wp-json\/wp\/v2\/categories?post=11879"},{"taxonomy":"post_tag","embeddable":true,"href":"https:\/\/guialimeira.com.br\/news\/wp-json\/wp\/v2\/tags?post=11879"}],"curies":[{"name":"wp","href":"https:\/\/api.w.org\/{rel}","templated":true}]}}