{"id":11877,"date":"2024-08-07T18:14:55","date_gmt":"2024-08-07T21:14:55","guid":{"rendered":"https:\/\/guialimeira.com.br\/2024\/08\/07\/polio-oms-vacinara-600-mil-criancas-com-menos-de-8-anos-em-gaza\/"},"modified":"2024-08-07T18:14:55","modified_gmt":"2024-08-07T21:14:55","slug":"polio-oms-vacinara-600-mil-criancas-com-menos-de-8-anos-em-gaza","status":"publish","type":"post","link":"https:\/\/guialimeira.com.br\/news\/polio-oms-vacinara-600-mil-criancas-com-menos-de-8-anos-em-gaza\/","title":{"rendered":"P\u00f3lio: OMS vacinar\u00e1 600 mil crian\u00e7as com menos de 8 anos em Gaza"},"content":{"rendered":"<p> <br \/>\n<\/p>\n<div>\n<p><a href=\"https:\/\/agenciabrasil.ebc.com.br\/internacional\/noticia\/2024-07\/diretor-geral-da-oms-confirma-deteccao-de-polio-na-faixa-de-gaza\" target=\"_blank\" rel=\"noopener\">A Organiza\u00e7\u00e3o Mundial da Sa\u00fade (OMS)<\/a> vai enviar mais de um milh\u00e3o de doses contra a poliomielite para a Faixa de Gaza. As vacinas, de acordo com o diretor-geral da entidade, Tedros Adhanom Ghebreyesus, devem ser administradas em cerca de seiscentas mil crian\u00e7as de at\u00e9 8 anos ao longo das pr\u00f3ximas semanas.\u00a0<img data-recalc-dims=\"1\" decoding=\"async\" src=\"https:\/\/i0.wp.com\/agenciabrasil.ebc.com.br\/ebc.png?w=696&#038;ssl=1\" style=\"width:1px; height:1px; display:inline;\"\/><img data-recalc-dims=\"1\" decoding=\"async\" src=\"https:\/\/i0.wp.com\/agenciabrasil.ebc.com.br\/ebc.gif?w=696&#038;ssl=1\" style=\"width:1px; height:1px; display:inline;\"\/><\/p>\n<p>Em seu perfil na rede social X (antigo <em>Twitter<\/em>), Tedros informou que a OMS &#8211; em parceria com o Fundo das Na\u00e7\u00f5es Unidas para a Inf\u00e2ncia (Unicef) e a Ag\u00eancia das Na\u00e7\u00f5es Unidas de Assist\u00eancia aos Refugiados da Palestina no Pr\u00f3ximo Oriente (UNRWA, na sigla em ingl\u00eas) &#8211; planeja executar duas rodadas de campanha de vacina\u00e7\u00e3o contra a p\u00f3lio na regi\u00e3o.\u00a0<\/p>\n<p>\u201cPrecisamos de absoluta liberdade de circula\u00e7\u00e3o de profissionais de sa\u00fade e do equipamento m\u00e9dico para realizar essas opera\u00e7\u00f5es complexas com seguran\u00e7a e efic\u00e1cia\u201d, informou.<\/p>\n<p>Segundo Tedros, a detec\u00e7\u00e3o do v\u00edrus da p\u00f3lio em amostras de esgoto colhidas na Faixa de Gaza \u00e9 um sinal claro de que a doen\u00e7a tem circulado na regi\u00e3o, colocando em risco crian\u00e7as n\u00e3o vacinadas.<\/p>\n<p>\u201cUm cessar-fogo ou, pelo menos, dias de tranquilidade durante a prepara\u00e7\u00e3o e a execu\u00e7\u00e3o das campanhas de vacina\u00e7\u00e3o s\u00e3o necess\u00e1rios para proteger as crian\u00e7as em Gaza contra a p\u00f3lio\u201d, completou o diretor-geral da OMS.\u00a0<\/p>\n<h2>Como \u00e9<\/h2>\n<p>O v\u00edrus da p\u00f3lio &#8211; transmitido principalmente por via fecal-oral &#8211; \u00e9 classificado como altamente infeccioso, capaz de invadir o sistema nervoso central e causar paralisia. A estimativa \u00e9 que uma em cada duzentas infec\u00e7\u00f5es leve \u00e0 paralisia irrevers\u00edvel, geralmente das pernas. Entre os acometidos, 5% a 10% morrem por paralisia dos m\u00fasculos respirat\u00f3rios.<\/p>\n<div class=\"dnd-widget-wrapper context-cheio_8colunas type-image\">\n<div class=\"dnd-atom-rendered\"><!-- scald=276218:cheio_8colunas --><\/p>\n<div class=\"shadow overflow-hidden rounded-lg d-block w-100\">\n            <img data-recalc-dims=\"1\" decoding=\"async\" src=\"https:\/\/i0.wp.com\/agenciabrasil.ebc.com.br\/sites\/default\/files\/thumbnails\/image\/loading_v2.gif?w=696&#038;ssl=1\" data-echo=\"https:\/\/imagens.ebc.com.br\/6SQLux2RBrBhwyCMh3yxuvnwUvc=\/754x0\/smart\/https:\/\/agenciabrasil.ebc.com.br\/sites\/default\/files\/thumbnails\/image\/2022-01-06t154554z_1_lynxmpei050m7_rtroptp_4_health-coronavirus-who.jpg?itok=azb-TSgj\" alt=\"Diretor-geral da OMS, Tedros Adhanom Ghebreyesus, durante coletiva de imprensa em Genebra&#13;&#10;20\/12\/2021 REUTERS\/Denis Balibouse\" title=\"REUTERS\/Denis Balibouse\/Proibida reprodu\u00e7\u00e3o\" class=\"flex-fill img-cover\"\/><br \/>\n        <img data-recalc-dims=\"1\" decoding=\"async\" src=\"https:\/\/i0.wp.com\/imagens.ebc.com.br\/6SQLux2RBrBhwyCMh3yxuvnwUvc%3D\/754x0\/smart\/https%3A\/\/agenciabrasil.ebc.com.br\/sites\/default\/files\/thumbnails\/image\/2022-01-06t154554z_1_lynxmpei050m7_rtroptp_4_health-coronavirus-who.jpg?w=696&#038;ssl=1\" alt=\"Diretor-geral da OMS, Tedros Adhanom Ghebreyesus, durante coletiva de imprensa em Genebra&#13;&#10;20\/12\/2021 REUTERS\/Denis Balibouse\" title=\"REUTERS\/Denis Balibouse\/Proibida reprodu\u00e7\u00e3o\" class=\"flex-fill img-cover\"\/>\n    <\/div>\n<p><!-- END scald=276218 --><\/div>\n<div class=\"dnd-caption-wrapper\">\n<p><!--copyright=276218-->Tedros Adhanom defende vacina\u00e7\u00e3o de crian\u00e7as contra a poliomielite\u00a0 &#8211; <strong>REUTERS\/Denis Balibouse\/Proibida reprodu\u00e7\u00e3o<\/strong><!--END copyright=276218--><\/p>\n<\/div>\n<\/div>\n<p>Os casos da doen\u00e7a em todo o mundo diminu\u00edram 99% desde 1988, passando de 350 mil para seis casos reportados em 2021, em raz\u00e3o de campanhas de vacina\u00e7\u00e3o em massa. Esfor\u00e7os ainda s\u00e3o necess\u00e1rios para erradicar o v\u00edrus por completo do planeta.\u00a0<\/p>\n<p>Para a OMS, crian\u00e7as com menos de cinco anos correm maior risco de contrair a p\u00f3lio em Gaza &#8211; sobretudo beb\u00eas de at\u00e9 dois anos, uma vez que as campanhas de vacina\u00e7\u00e3o de rotina foram interrompidas em raz\u00e3o de quase dez meses de conflito na regi\u00e3o.\u00a0<\/p>\n<p>Al\u00e9m da p\u00f3lio, a entidade relatou aumento generalizado de casos de hepatite A, diarr\u00e9ia e gastroenterite, \u00e0 medida em que as condi\u00e7\u00f5es sanit\u00e1rias se deterioram em Gaza, com o esgoto sendo derramado em ruas pr\u00f3ximas a acampamentos destinados a pessoas deslocadas.\u00a0<\/p>\n<h2>Emerg\u00eancia global<\/h2>\n<p>A p\u00f3lio figura atualmente como a \u00fanica emerg\u00eancia em sa\u00fade p\u00fablica de import\u00e2ncia internacional mantida pela OMS.<\/p>\n<p>O mesmo comit\u00ea que declarou o fim da emerg\u00eancia para a covid-19 e para a <em>mpox<\/em> decidiu, em maio do ano passado, por unanimidade, manter o mais alto status de emerg\u00eancia sanit\u00e1ria concedido pela entidade para a p\u00f3lio.<\/p>\n<p>\u201cO comit\u00ea unanimemente concordou que o risco de dissemina\u00e7\u00e3o internacional do poliov\u00edrus permanece como emerg\u00eancia em sa\u00fade p\u00fablica de import\u00e2ncia internacional e orientou para a extens\u00e3o das recomenda\u00e7\u00f5es tempor\u00e1rias por mais tr\u00eas meses\u201d, informou relat\u00f3rio da OMS.<\/p>\n<\/p><\/div>\n<p><br \/>\n<br \/><a href=\"https:\/\/agenciabrasil.ebc.com.br\/internacional\/noticia\/2024-08\/polio-oms-vacinara-600-mil-criancas-com-menos-de-8-anos-em-gaza\" rel=\"noopener\">Ag\u00eancia Brasil <\/a><\/p>\n","protected":false},"excerpt":{"rendered":"<p>A Organiza\u00e7\u00e3o Mundial da Sa\u00fade (OMS) vai enviar mais de um milh\u00e3o de doses contra a poliomielite para a Faixa de Gaza. As vacinas, de acordo com o diretor-geral da entidade, Tedros Adhanom Ghebreyesus, devem ser administradas em cerca de seiscentas mil crian\u00e7as de at\u00e9 8 anos ao longo das pr\u00f3ximas semanas.\u00a0 Em seu perfil [&hellip;]<\/p>\n","protected":false},"author":1,"featured_media":7880,"comment_status":"open","ping_status":"open","sticky":false,"template":"","format":"standard","meta":{"_jetpack_newsletter_access":"","_jetpack_dont_email_post_to_subs":false,"_jetpack_newsletter_tier_id":0,"_jetpack_memberships_contains_paywalled_content":false,"_mbp_banners":[],"_jetpack_feature_clip_id":0,"_jetpack_memberships_contains_paid_content":false,"footnotes":"","jetpack_publicize_message":"","jetpack_publicize_feature_enabled":true,"jetpack_social_post_already_shared":true,"jetpack_social_options":{"image_generator_settings":{"template":"highway","default_image_id":0,"font":"","enabled":false},"version":2},"jetpack_post_was_ever_published":false},"categories":[25],"tags":[],"class_list":["post-11877","post","type-post","status-publish","format-standard","has-post-thumbnail","category-internacional"],"jetpack_publicize_connections":[],"jetpack-related-posts":[],"jetpack_shortlink":"https:\/\/wp.me\/p7Eq1F-35z","jetpack_sharing_enabled":true,"jetpack_featured_media_url":"https:\/\/i0.wp.com\/guialimeira.com.br\/news\/wp-content\/uploads\/2024\/06\/tmazs_abr_0608182716df.jpg?fit=1600%2C800&ssl=1","_links":{"self":[{"href":"https:\/\/guialimeira.com.br\/news\/wp-json\/wp\/v2\/posts\/11877","targetHints":{"allow":["GET"]}}],"collection":[{"href":"https:\/\/guialimeira.com.br\/news\/wp-json\/wp\/v2\/posts"}],"about":[{"href":"https:\/\/guialimeira.com.br\/news\/wp-json\/wp\/v2\/types\/post"}],"author":[{"embeddable":true,"href":"https:\/\/guialimeira.com.br\/news\/wp-json\/wp\/v2\/users\/1"}],"replies":[{"embeddable":true,"href":"https:\/\/guialimeira.com.br\/news\/wp-json\/wp\/v2\/comments?post=11877"}],"version-history":[{"count":0,"href":"https:\/\/guialimeira.com.br\/news\/wp-json\/wp\/v2\/posts\/11877\/revisions"}],"wp:featuredmedia":[{"embeddable":true,"href":"https:\/\/guialimeira.com.br\/news\/wp-json\/wp\/v2\/media\/7880"}],"wp:attachment":[{"href":"https:\/\/guialimeira.com.br\/news\/wp-json\/wp\/v2\/media?parent=11877"}],"wp:term":[{"taxonomy":"category","embeddable":true,"href":"https:\/\/guialimeira.com.br\/news\/wp-json\/wp\/v2\/categories?post=11877"},{"taxonomy":"post_tag","embeddable":true,"href":"https:\/\/guialimeira.com.br\/news\/wp-json\/wp\/v2\/tags?post=11877"}],"curies":[{"name":"wp","href":"https:\/\/api.w.org\/{rel}","templated":true}]}}