{"id":11850,"date":"2024-08-07T13:09:57","date_gmt":"2024-08-07T16:09:57","guid":{"rendered":"https:\/\/guialimeira.com.br\/2024\/08\/07\/oposicao-denuncia-prisao-de-lider-e-maduro-justifica-as-2-mil-prisoes\/"},"modified":"2024-08-07T13:09:57","modified_gmt":"2024-08-07T16:09:57","slug":"oposicao-denuncia-prisao-de-lider-e-maduro-justifica-as-2-mil-prisoes","status":"publish","type":"post","link":"https:\/\/guialimeira.com.br\/news\/oposicao-denuncia-prisao-de-lider-e-maduro-justifica-as-2-mil-prisoes\/","title":{"rendered":"Oposi\u00e7\u00e3o denuncia pris\u00e3o de l\u00edder e Maduro justifica as 2 mil pris\u00f5es"},"content":{"rendered":"<p> <br \/>\n<\/p>\n<div>\n<p>Lideran\u00e7as da oposi\u00e7\u00e3o da Venezuela e organiza\u00e7\u00f5es de direitos humanos denunciaram na noite desta ter\u00e7a-feira (6) a pris\u00e3o de Mar\u00eda Oropeza, dirigente da campanha eleitoral de Edmundo Gonz\u00e1lez no estado de Portuguesa. Enquanto isso, o governo de Nicol\u00e1s Maduro justifica as mais de 2 mil pris\u00f5es dos \u00faltimos dias, alegando que s\u00e3o \u201cterroristas\u201d que est\u00e3o atacando pr\u00e9dios p\u00fablicos, for\u00e7as policiais e lideran\u00e7as chavistas.<img data-recalc-dims=\"1\" decoding=\"async\" src=\"https:\/\/i0.wp.com\/agenciabrasil.ebc.com.br\/ebc.png?w=696&#038;ssl=1\" style=\"width:1px; height:1px; display:inline;\"\/><img data-recalc-dims=\"1\" decoding=\"async\" src=\"https:\/\/i0.wp.com\/agenciabrasil.ebc.com.br\/ebc.gif?w=696&#038;ssl=1\" style=\"width:1px; height:1px; display:inline;\"\/><\/p>\n<p>Segundo as den\u00fancias de opositores, a pris\u00e3o de Mar\u00eda Oropeza teria ocorrido sem decis\u00e3o judicial. N\u00e3o h\u00e1, por enquanto, a confirma\u00e7\u00e3o dessa pris\u00e3o por autoridades do pa\u00eds.<\/p>\n<p>A organiza\u00e7\u00e3o n\u00e3o governamental (ONG) de direitos humanos venezuelana Provea publicou, em uma rede social, o v\u00eddeo feito pela Mar\u00eda Oropeza do momento da pris\u00e3o. <a href=\"https:\/\/x.com\/_Provea\/status\/1821012329045123367\" target=\"_blank\" rel=\"noopener\">No v\u00eddeo<\/a>, \u00e9 poss\u00edvel ver policiais arrombando a porta de sua casa. Ap\u00f3s ingressarem, uma agente de seguran\u00e7a solicita o celular da dirigente.<\/p>\n<p>\u201cNa Venezuela continua a pol\u00edtica estatal de persegui\u00e7\u00e3o e repress\u00e3o, o que constituiria crimes contra a humanidade. \u00c9 assim que prendem a l\u00edder Mar\u00eda Oropeza, sem qualquer ordem\u201d, afirmou a Provea.<\/p>\n<p>O governo da Venezuela tem sido acusado por pa\u00edses e organiza\u00e7\u00f5es internacionais e de direitos humanos de uso desproporcional da for\u00e7a e de repress\u00e3o pol\u00edtica contra manifesta\u00e7\u00f5es que questionam o resultado da elei\u00e7\u00e3o presidencial do dia 28 de julho. Em nota publicada nesta quarta-feira (7), a Provea e a Federa\u00e7\u00e3o Internacional pelos Direitos Humanos (FIDH) questionaram as a\u00e7\u00f5es policiais dos \u00faltimos dias.<\/p>\n<p>Segundo as organiza\u00e7\u00f5es,\u201c22 pessoas foram assassinadas, 1.062 detidas arbitrariamente e pelo menos 40 desaparecimentos for\u00e7ados em apenas uma semana, marcando m\u00e1ximos hist\u00f3ricos em compara\u00e7\u00e3o com outros ciclos de protesto. Esses atos de repress\u00e3o se devem a padr\u00f5es sistem\u00e1ticos de persegui\u00e7\u00e3o anteriormente perpetrados pelas autoridades venezuelanas.\u201d<\/p>\n<h2>\u201cTerroristas\u201d<\/h2>\n<p>Por outro lado, o presidente Nicol\u00e1s Maduro justificou nessa ter\u00e7a-feira (6) as mais de 2,2 mil pris\u00f5es realizadas nos \u00faltimos dias, dizendo que se tratam de \u201cterroristas\u201d e que h\u00e1 provas em todos esses casos.<\/p>\n<p>\u201cEles atacaram transeuntes. Eles assassinaram pessoas que caminhavam por uma pra\u00e7a. Queimaram hospitais, cl\u00ednicas, escolas, universidades. Queimaram 250 m\u00f3dulos policiais, queimaram prefeituras, queimaram sedes do PSUV [partido do governo] com gente dentro, que conseguimos salvar milagrosamente. Isso se chama protesto?\u201d, questionou, citando o caso de uma famosa idosa chavista de 80 anos.<\/p>\n<p>\u201cEla \u00e9 famosa no bairro dela porque recebeu uma carta de Ch\u00e1vez. Chegaram cinco motorizados amea\u00e7ando-a. Dos cinco, capturamos tr\u00eas\u201d, disse o presidente.<\/p>\n<p>Sem citar a pris\u00e3o de Mar\u00eda Oropeza, o presidente venezuelano questionou o que seria feito nos Estados Unidos se uma pessoa defendesse o assassinato do presidente do pa\u00eds.\u00a0<\/p>\n<p>\u201cSe nos Estados Unidos algu\u00e9m aparece no WhatsApp, ou em rede social, amea\u00e7ando matar o presidente, o que acontece com ele? Cadeira el\u00e9trica. \u2018Tum tum\u2019 Abra a porta\u201d, afirmou Maduro, imitando o som de uma batida na porta.<\/p>\n<p>\u201cOpera\u00e7\u00e3o Tun Tun\u201d \u00e9 o nome da a\u00e7\u00e3o policial realizada pelo governo contra pessoas supostamente acusadas de amea\u00e7ar simpatizantes do governo.\u00a0<\/p>\n<\/p><\/div>\n<p><br \/>\n<br \/><a href=\"https:\/\/agenciabrasil.ebc.com.br\/internacional\/noticia\/2024-08\/oposicao-denuncia-prisao-de-lider-e-maduro-justifica-2-mil-prisoes\" rel=\"noopener\">Ag\u00eancia Brasil <\/a><\/p>\n","protected":false},"excerpt":{"rendered":"<p>Lideran\u00e7as da oposi\u00e7\u00e3o da Venezuela e organiza\u00e7\u00f5es de direitos humanos denunciaram na noite desta ter\u00e7a-feira (6) a pris\u00e3o de Mar\u00eda Oropeza, dirigente da campanha eleitoral de Edmundo Gonz\u00e1lez no estado de Portuguesa. Enquanto isso, o governo de Nicol\u00e1s Maduro justifica as mais de 2 mil pris\u00f5es dos \u00faltimos dias, alegando que s\u00e3o \u201cterroristas\u201d que est\u00e3o [&hellip;]<\/p>\n","protected":false},"author":1,"featured_media":11851,"comment_status":"open","ping_status":"open","sticky":false,"template":"","format":"standard","meta":{"_jetpack_newsletter_access":"","_jetpack_dont_email_post_to_subs":false,"_jetpack_newsletter_tier_id":0,"_jetpack_memberships_contains_paywalled_content":false,"_mbp_banners":[],"_jetpack_feature_clip_id":0,"_jetpack_memberships_contains_paid_content":false,"footnotes":"","jetpack_publicize_message":"","jetpack_publicize_feature_enabled":true,"jetpack_social_post_already_shared":true,"jetpack_social_options":{"image_generator_settings":{"template":"highway","default_image_id":0,"font":"","enabled":false},"version":2},"jetpack_post_was_ever_published":false},"categories":[25],"tags":[],"class_list":["post-11850","post","type-post","status-publish","format-standard","has-post-thumbnail","category-internacional"],"jetpack_publicize_connections":[],"jetpack-related-posts":[],"jetpack_shortlink":"https:\/\/wp.me\/p7Eq1F-358","jetpack_sharing_enabled":true,"jetpack_featured_media_url":"https:\/\/i0.wp.com\/guialimeira.com.br\/news\/wp-content\/uploads\/2024\/08\/2024-08-04t003519z_1495814859_rc2k89alfxxz_rtrmadp_3_venezuela-election-maduro-s-supporters.jpg?fit=1600%2C800&ssl=1","_links":{"self":[{"href":"https:\/\/guialimeira.com.br\/news\/wp-json\/wp\/v2\/posts\/11850","targetHints":{"allow":["GET"]}}],"collection":[{"href":"https:\/\/guialimeira.com.br\/news\/wp-json\/wp\/v2\/posts"}],"about":[{"href":"https:\/\/guialimeira.com.br\/news\/wp-json\/wp\/v2\/types\/post"}],"author":[{"embeddable":true,"href":"https:\/\/guialimeira.com.br\/news\/wp-json\/wp\/v2\/users\/1"}],"replies":[{"embeddable":true,"href":"https:\/\/guialimeira.com.br\/news\/wp-json\/wp\/v2\/comments?post=11850"}],"version-history":[{"count":0,"href":"https:\/\/guialimeira.com.br\/news\/wp-json\/wp\/v2\/posts\/11850\/revisions"}],"wp:featuredmedia":[{"embeddable":true,"href":"https:\/\/guialimeira.com.br\/news\/wp-json\/wp\/v2\/media\/11851"}],"wp:attachment":[{"href":"https:\/\/guialimeira.com.br\/news\/wp-json\/wp\/v2\/media?parent=11850"}],"wp:term":[{"taxonomy":"category","embeddable":true,"href":"https:\/\/guialimeira.com.br\/news\/wp-json\/wp\/v2\/categories?post=11850"},{"taxonomy":"post_tag","embeddable":true,"href":"https:\/\/guialimeira.com.br\/news\/wp-json\/wp\/v2\/tags?post=11850"}],"curies":[{"name":"wp","href":"https:\/\/api.w.org\/{rel}","templated":true}]}}