{"id":11825,"date":"2024-08-07T08:19:55","date_gmt":"2024-08-07T11:19:55","guid":{"rendered":"https:\/\/guialimeira.com.br\/2024\/08\/07\/brasil-termina-em-7-no-revezamento-da-marcha-atletica\/"},"modified":"2024-08-07T08:19:55","modified_gmt":"2024-08-07T11:19:55","slug":"brasil-termina-em-7-no-revezamento-da-marcha-atletica","status":"publish","type":"post","link":"https:\/\/guialimeira.com.br\/news\/brasil-termina-em-7-no-revezamento-da-marcha-atletica\/","title":{"rendered":"Brasil termina em 7\u00b0 no revezamento da marcha atl\u00e9tica"},"content":{"rendered":"<p> <br \/>\n<\/p>\n<div>\n<p>O Brasil terminou fora do p\u00f3dio no revezamento da marcha atl\u00e9tica, modalidade que fez a estreia em Jogos Ol\u00edmpicos na edi\u00e7\u00e3o de Paris. A equipe formada por Caio Bonfim e Viviane Lyra cruzou a linha de chegada na 7\u00aa posi\u00e7\u00e3o, com o tempo de 2h54min08.<img data-recalc-dims=\"1\" decoding=\"async\" src=\"https:\/\/i0.wp.com\/agenciabrasil.ebc.com.br\/ebc.png?w=696&#038;ssl=1\" style=\"width:1px; height:1px; display:inline;\"\/><img data-recalc-dims=\"1\" decoding=\"async\" src=\"https:\/\/i0.wp.com\/agenciabrasil.ebc.com.br\/ebc.gif?w=696&#038;ssl=1\" style=\"width:1px; height:1px; display:inline;\"\/><\/p>\n<p>Os brasileiros tentavam a segunda medalha do pa\u00eds na modalidade. Na quinta-feira (1), Caio Bonfim havia <a href=\"https:\/\/agenciabrasil.ebc.com.br\/esportes\/noticia\/2024-08\/caio-bonfim-fatura-prata-inedita-para-o-brasil-na-marcha-atletica\" target=\"_blank\" rel=\"noopener\">conquistado a in\u00e9dita prata<\/a> na prova dos 20 quil\u00f4metros (km) para homens da marcha atl\u00e9tica.<\/p>\n<p>O revezamento misto \u00e9 composto por quatro etapas que, juntas, totalizam a dist\u00e2ncia de uma maratona (42,195 km). Os atletas homens fazem a primeira parte, dando lugar na sequ\u00eancia para as mulheres. Depois voltam os homens e, por fim, as mulheres encerram o percurso.<\/p>\n<p>Na prova, Caio Bonfim chegou a figurar no pelot\u00e3o principal durante grande parte do percurso. Mas na sequ\u00eancia dos revezamentos, a dupla n\u00e3o conseguiu sustentar o ritmo e ficou longe dos primeiros colocados.<\/p>\n<p>A medalha de ouro foi para os espanh\u00f3is Maria Perez e Alvaro Martins \u2013 ambos medalhistas tamb\u00e9m na prova individual: ela foi prata e ele, bronze \u2013 com o tempo de 2h50min31.<\/p>\n<p>A prata ficou com o Equador, com a dupla formada pelo campe\u00e3o ol\u00edmpico masculino Brian Pintado e por Glenda Morejon. Eles fizeram a marca de 2h51min22, apenas 16 segundos \u00e0 frente dos medalhistas de bronze, Jemima Montag e Rhydian Cowley, da Austr\u00e1lia.<\/p>\n<\/p><\/div>\n<p><br \/>\n<br \/><a href=\"https:\/\/agenciabrasil.ebc.com.br\/esportes\/noticia\/2024-08\/brasil-termina-em-7deg-no-revezamento-da-marcha-atletica\" rel=\"noopener\">Ag\u00eancia Brasil<\/a><\/p>\n","protected":false},"excerpt":{"rendered":"<p>O Brasil terminou fora do p\u00f3dio no revezamento da marcha atl\u00e9tica, modalidade que fez a estreia em Jogos Ol\u00edmpicos na edi\u00e7\u00e3o de Paris. A equipe formada por Caio Bonfim e Viviane Lyra cruzou a linha de chegada na 7\u00aa posi\u00e7\u00e3o, com o tempo de 2h54min08. Os brasileiros tentavam a segunda medalha do pa\u00eds na modalidade. [&hellip;]<\/p>\n","protected":false},"author":1,"featured_media":269,"comment_status":"open","ping_status":"open","sticky":false,"template":"","format":"standard","meta":{"_jetpack_newsletter_access":"","_jetpack_dont_email_post_to_subs":false,"_jetpack_newsletter_tier_id":0,"_jetpack_memberships_contains_paywalled_content":false,"_mbp_banners":[],"_jetpack_feature_clip_id":0,"_jetpack_memberships_contains_paid_content":false,"footnotes":"","jetpack_publicize_message":"","jetpack_publicize_feature_enabled":true,"jetpack_social_post_already_shared":true,"jetpack_social_options":{"image_generator_settings":{"template":"highway","default_image_id":0,"font":"","enabled":false},"version":2},"jetpack_post_was_ever_published":false},"categories":[23],"tags":[],"class_list":["post-11825","post","type-post","status-publish","format-standard","has-post-thumbnail","category-esportes"],"jetpack_publicize_connections":[],"jetpack-related-posts":[],"jetpack_shortlink":"https:\/\/wp.me\/p7Eq1F-34J","jetpack_sharing_enabled":true,"jetpack_featured_media_url":"https:\/\/i0.wp.com\/guialimeira.com.br\/news\/wp-content\/uploads\/2024\/03\/thumb_1200x600_agbrasil.png?fit=1200%2C600&ssl=1","_links":{"self":[{"href":"https:\/\/guialimeira.com.br\/news\/wp-json\/wp\/v2\/posts\/11825","targetHints":{"allow":["GET"]}}],"collection":[{"href":"https:\/\/guialimeira.com.br\/news\/wp-json\/wp\/v2\/posts"}],"about":[{"href":"https:\/\/guialimeira.com.br\/news\/wp-json\/wp\/v2\/types\/post"}],"author":[{"embeddable":true,"href":"https:\/\/guialimeira.com.br\/news\/wp-json\/wp\/v2\/users\/1"}],"replies":[{"embeddable":true,"href":"https:\/\/guialimeira.com.br\/news\/wp-json\/wp\/v2\/comments?post=11825"}],"version-history":[{"count":0,"href":"https:\/\/guialimeira.com.br\/news\/wp-json\/wp\/v2\/posts\/11825\/revisions"}],"wp:featuredmedia":[{"embeddable":true,"href":"https:\/\/guialimeira.com.br\/news\/wp-json\/wp\/v2\/media\/269"}],"wp:attachment":[{"href":"https:\/\/guialimeira.com.br\/news\/wp-json\/wp\/v2\/media?parent=11825"}],"wp:term":[{"taxonomy":"category","embeddable":true,"href":"https:\/\/guialimeira.com.br\/news\/wp-json\/wp\/v2\/categories?post=11825"},{"taxonomy":"post_tag","embeddable":true,"href":"https:\/\/guialimeira.com.br\/news\/wp-json\/wp\/v2\/tags?post=11825"}],"curies":[{"name":"wp","href":"https:\/\/api.w.org\/{rel}","templated":true}]}}