{"id":1181,"date":"2024-04-08T13:26:56","date_gmt":"2024-04-08T16:26:56","guid":{"rendered":"https:\/\/guialimeira.com.br\/2024\/04\/08\/uerj-concede-titulo-de-doutora-honoris-causa-a-sonia-guajajara\/"},"modified":"2024-04-08T13:26:56","modified_gmt":"2024-04-08T16:26:56","slug":"uerj-concede-titulo-de-doutora-honoris-causa-a-sonia-guajajara","status":"publish","type":"post","link":"https:\/\/guialimeira.com.br\/news\/uerj-concede-titulo-de-doutora-honoris-causa-a-sonia-guajajara\/","title":{"rendered":"Uerj concede t\u00edtulo de doutora honoris causa a Sonia Guajajara"},"content":{"rendered":"<p> <br \/>\n<\/p>\n<div>\n<p>O Conselho Universit\u00e1rio da Universidade do Estado do Rio de Janeiro (Uerj) aprovou a concess\u00e3o do t\u00edtulo de doutora honoris causa \u00e0 ministra dos Povos Ind\u00edgenas, Sonia Guajajara. Ela \u00e9 a primeira ind\u00edgena a receber a honraria da institui\u00e7\u00e3o universit\u00e1ria fluminense.<img data-recalc-dims=\"1\" decoding=\"async\" src=\"https:\/\/i0.wp.com\/agenciabrasil.ebc.com.br\/ebc.png?w=696&#038;ssl=1\" style=\"width:1px; height:1px; display:inline;\"\/><img data-recalc-dims=\"1\" decoding=\"async\" src=\"https:\/\/i0.wp.com\/agenciabrasil.ebc.com.br\/ebc.gif?w=696&#038;ssl=1\" style=\"width:1px; height:1px; display:inline;\"\/><\/p>\n<p>Segundo a Uerj, a decis\u00e3o de conceder o t\u00edtulo \u00e0 ministra, integrante do povo tenetehara (tamb\u00e9m conhecido como guajajara), deve-se, entre outros motivos, \u00e0 inten\u00e7\u00e3o de refor\u00e7ar o compromisso com a visibiliza\u00e7\u00e3o e repara\u00e7\u00e3o hist\u00f3rica a todos os povos origin\u00e1rios.<\/p>\n<p>\u201cO hist\u00f3rico do trabalho de Sonia Guajajara revela a sua influ\u00eancia positiva na sociedade e a import\u00e2ncia de seu engajamento para promover a justi\u00e7a social, a preserva\u00e7\u00e3o ambiental e os direitos humanos\u201d, afirmou o conselheiro Affonso Nunes, relator do processo, segundo nota divulgada pela Uerj.<\/p>\n<h2>Pedro Geiger<\/h2>\n<p>Na mesma sess\u00e3o, o conselho tamb\u00e9m aprovou a concess\u00e3o do t\u00edtulo ao pesquisador Pedro Geiger, de 101 anos, que trabalhou por mais de 40 anos no Instituto Brasileiro de Geografia e Estat\u00edstica (IBGE) e foi professor visitante da Uerj.<\/p>\n<p>Geiger fez estudos sobre a ocupa\u00e7\u00e3o espacial de \u00e1reas espec\u00edficas como Te\u00f3filo Otoni, Colatina e Baixada Fluminense. Ele tamb\u00e9m apresentou uma proposta de divis\u00e3o do Brasil em regi\u00f5es geoecon\u00f4micas que n\u00e3o considerava apenas os aspectos f\u00edsicos do pa\u00eds, segundo a Uerj.<\/p>\n<\/p><\/div>\n<p><br \/>\n<br \/><a href=\"https:\/\/agenciabrasil.ebc.com.br\/geral\/noticia\/2024-04\/uerj-concede-titulo-de-doutora-honoris-causa-sonia-guajajara\" rel=\"noopener\">Ag\u00eancia Brasil<\/a><\/p>\n","protected":false},"excerpt":{"rendered":"<p>O Conselho Universit\u00e1rio da Universidade do Estado do Rio de Janeiro (Uerj) aprovou a concess\u00e3o do t\u00edtulo de doutora honoris causa \u00e0 ministra dos Povos Ind\u00edgenas, Sonia Guajajara. Ela \u00e9 a primeira ind\u00edgena a receber a honraria da institui\u00e7\u00e3o universit\u00e1ria fluminense. Segundo a Uerj, a decis\u00e3o de conceder o t\u00edtulo \u00e0 ministra, integrante do povo [&hellip;]<\/p>\n","protected":false},"author":1,"featured_media":1182,"comment_status":"open","ping_status":"open","sticky":false,"template":"","format":"standard","meta":{"_jetpack_newsletter_access":"","_jetpack_dont_email_post_to_subs":false,"_jetpack_newsletter_tier_id":0,"_jetpack_memberships_contains_paywalled_content":false,"_mbp_banners":[],"_jetpack_feature_clip_id":0,"_jetpack_memberships_contains_paid_content":false,"footnotes":"","jetpack_publicize_message":"","jetpack_publicize_feature_enabled":true,"jetpack_social_post_already_shared":true,"jetpack_social_options":{"image_generator_settings":{"template":"highway","default_image_id":0,"font":"","enabled":false},"version":2},"jetpack_post_was_ever_published":false},"categories":[1],"tags":[],"class_list":["post-1181","post","type-post","status-publish","format-standard","has-post-thumbnail","category-geral"],"jetpack_publicize_connections":[],"jetpack-related-posts":[],"jetpack_shortlink":"https:\/\/wp.me\/p7Eq1F-j3","jetpack_sharing_enabled":true,"jetpack_featured_media_url":"https:\/\/i0.wp.com\/guialimeira.com.br\/news\/wp-content\/uploads\/2024\/04\/captura_de_t-02-22_190130.jpg?fit=1600%2C800&ssl=1","_links":{"self":[{"href":"https:\/\/guialimeira.com.br\/news\/wp-json\/wp\/v2\/posts\/1181","targetHints":{"allow":["GET"]}}],"collection":[{"href":"https:\/\/guialimeira.com.br\/news\/wp-json\/wp\/v2\/posts"}],"about":[{"href":"https:\/\/guialimeira.com.br\/news\/wp-json\/wp\/v2\/types\/post"}],"author":[{"embeddable":true,"href":"https:\/\/guialimeira.com.br\/news\/wp-json\/wp\/v2\/users\/1"}],"replies":[{"embeddable":true,"href":"https:\/\/guialimeira.com.br\/news\/wp-json\/wp\/v2\/comments?post=1181"}],"version-history":[{"count":0,"href":"https:\/\/guialimeira.com.br\/news\/wp-json\/wp\/v2\/posts\/1181\/revisions"}],"wp:featuredmedia":[{"embeddable":true,"href":"https:\/\/guialimeira.com.br\/news\/wp-json\/wp\/v2\/media\/1182"}],"wp:attachment":[{"href":"https:\/\/guialimeira.com.br\/news\/wp-json\/wp\/v2\/media?parent=1181"}],"wp:term":[{"taxonomy":"category","embeddable":true,"href":"https:\/\/guialimeira.com.br\/news\/wp-json\/wp\/v2\/categories?post=1181"},{"taxonomy":"post_tag","embeddable":true,"href":"https:\/\/guialimeira.com.br\/news\/wp-json\/wp\/v2\/tags?post=1181"}],"curies":[{"name":"wp","href":"https:\/\/api.w.org\/{rel}","templated":true}]}}