{"id":11806,"date":"2024-08-06T20:08:07","date_gmt":"2024-08-06T23:08:07","guid":{"rendered":"https:\/\/guialimeira.com.br\/2024\/08\/06\/vela-brasil-se-garante-nas-medal-races-das-classes-nacra-e-470\/"},"modified":"2024-08-06T20:08:07","modified_gmt":"2024-08-06T23:08:07","slug":"vela-brasil-se-garante-nas-medal-races-das-classes-nacra-e-470","status":"publish","type":"post","link":"https:\/\/guialimeira.com.br\/news\/vela-brasil-se-garante-nas-medal-races-das-classes-nacra-e-470\/","title":{"rendered":"Vela: Brasil se garante nas medal races das classes Nacra e 470"},"content":{"rendered":"<p> <br \/>\n<\/p>\n<div>\n<p>Na classe 470 da vela, Isabel Swan e Henrique Haddad tiveram uma ter\u00e7a-feira (6) de altos e baixos. Na primeira regata do dia eles terminaram apenas na 13\u00aa coloca\u00e7\u00e3o. Por\u00e9m, se recuperam na corrida seguinte, quando foram os primeiros colocados.<img data-recalc-dims=\"1\" decoding=\"async\" src=\"https:\/\/i0.wp.com\/agenciabrasil.ebc.com.br\/ebc.png?w=696&#038;ssl=1\" style=\"width:1px; height:1px; display:inline;\"\/><img data-recalc-dims=\"1\" decoding=\"async\" src=\"https:\/\/i0.wp.com\/agenciabrasil.ebc.com.br\/ebc.gif?w=696&#038;ssl=1\" style=\"width:1px; height:1px; display:inline;\"\/><\/p>\n<p>Outras duas regatas inicialmente programadas para esta ter\u00e7a foram canceladas por causa das condi\u00e7\u00f5es meteorol\u00f3gicas. Assim, o barco do Brasil est\u00e1 na 10\u00aa posi\u00e7\u00e3o geral e se classificou para a medal race (regata da medalha, que conta com os 10 barcos mais bem colocados ao fim da primeira fase). A prova final da categoria est\u00e1 prevista para a pr\u00f3xima quarta-feira (7), a partir das 10h43 (hor\u00e1rio de Bras\u00edlia). As competi\u00e7\u00f5es da vela s\u00e3o disputadas na ba\u00eda de Marselha, no litoral sul franc\u00eas.<\/p>\n<blockquote class=\"twitter-tweet\">\n<p dir=\"ltr\" lang=\"pt\" xml:lang=\"pt\">Estamos na reta final dos Jogos! Jo\u00e3o Siemsen\/Marina Arndt (Nacra 17) e Henrique Haddad\/Isabel Swan (470) est\u00e3o na medal race amanh\u00e3, ambos em 10\u00ba lugar. Bruno Lobo (Kitesurf) est\u00e1 em 7\u00ba, com medal race na quinta! \u26f5\ud83c\udde7\ud83c\uddf7\ud83c\uddeb\ud83c\uddf7<a href=\"https:\/\/twitter.com\/hashtag\/vempravela?src=hash&amp;ref_src=twsrc%5Etfw\" rel=\"noopener\">#vempravela<\/a> <a href=\"https:\/\/twitter.com\/timebrasil?ref_src=twsrc%5Etfw\" rel=\"noopener\">@timebrasil<\/a> \ud83d\udcf7<a href=\"https:\/\/twitter.com\/worldsailing?ref_src=twsrc%5Etfw\" rel=\"noopener\">@worldsailing<\/a> \/ Lloyd Images <a href=\"https:\/\/t.co\/fBx7rSDvxj\">pic.twitter.com\/fBx7rSDvxj<\/a><\/p>\n<p>\u2014 Confedera\u00e7\u00e3o Brasileira de Vela (@cbvela) <a href=\"https:\/\/twitter.com\/cbvela\/status\/1820855378508427304?ref_src=twsrc%5Etfw\" rel=\"noopener\">August 6, 2024<\/a><\/p><\/blockquote>\n<p>Na classe Nacra 17 tamb\u00e9m haver\u00e1 regata da medalha com a participa\u00e7\u00e3o brasileira, os velejadores Jo\u00e3o Siemsen e Marina Arndt. Ao fim das 12 primeiras corridas da categoria, eles terminaram na 10\u00aa posi\u00e7\u00e3o geral, dentro da zona de classifica\u00e7\u00e3o para a medal race. Nas tr\u00eas regatas disputadas nesta ter\u00e7a eles terminaram na 8\u00aa, na 13\u00aa e na 14\u00aa posi\u00e7\u00f5es. A corrida final desta classe est\u00e1 programada para as 9h43 de quarta.<\/p>\n<p>Apesar de marcarem presen\u00e7a na medal race tanto na classe 470 quanto na Nacra 17, os barcos do Brasil n\u00e3o t\u00eam mais chances matem\u00e1ticas de alcan\u00e7arem o p\u00f3dio.<\/p>\n<h2>F\u00f3rmula Kite<\/h2>\n<p>O brasileiro Bruno Lobo permanece na 7\u00aa posi\u00e7\u00e3o na F\u00f3rmula Kite (kitesurfe). Nesta ter\u00e7a, das quatro regatas inicialmente programadas, apenas duas foram disputadas. Na primeira o atleta do Maranh\u00e3o terminou na 9\u00aa coloca\u00e7\u00e3o. Ele se recuperou e melhorou na segunda corrida do dia, cruzando a linha final em 5\u00ba lugar. As pr\u00f3ximas regatas da categoria est\u00e3o previstas para a manh\u00e3 de quarta-feira.<\/p>\n<\/p><\/div>\n<p><script async src=\"\/\/platform.twitter.com\/widgets.js\" charset=\"utf-8\"><\/script><br \/>\n<br \/><br \/>\n<br \/><a href=\"https:\/\/agenciabrasil.ebc.com.br\/esportes\/noticia\/2024-08\/vela-brasil-se-garante-nas-medal-races-das-classes-nacra-e-470\" rel=\"noopener\">Ag\u00eancia Brasil<\/a><\/p>\n","protected":false},"excerpt":{"rendered":"<p>Na classe 470 da vela, Isabel Swan e Henrique Haddad tiveram uma ter\u00e7a-feira (6) de altos e baixos. Na primeira regata do dia eles terminaram apenas na 13\u00aa coloca\u00e7\u00e3o. Por\u00e9m, se recuperam na corrida seguinte, quando foram os primeiros colocados. Outras duas regatas inicialmente programadas para esta ter\u00e7a foram canceladas por causa das condi\u00e7\u00f5es meteorol\u00f3gicas. [&hellip;]<\/p>\n","protected":false},"author":1,"featured_media":11807,"comment_status":"open","ping_status":"open","sticky":false,"template":"","format":"standard","meta":{"_jetpack_newsletter_access":"","_jetpack_dont_email_post_to_subs":false,"_jetpack_newsletter_tier_id":0,"_jetpack_memberships_contains_paywalled_content":false,"_mbp_banners":[],"_jetpack_feature_clip_id":0,"_jetpack_memberships_contains_paid_content":false,"footnotes":"","jetpack_publicize_message":"","jetpack_publicize_feature_enabled":true,"jetpack_social_post_already_shared":true,"jetpack_social_options":{"image_generator_settings":{"template":"highway","default_image_id":0,"font":"","enabled":false},"version":2},"jetpack_post_was_ever_published":false},"categories":[23],"tags":[],"class_list":["post-11806","post","type-post","status-publish","format-standard","has-post-thumbnail","category-esportes"],"jetpack_publicize_connections":[],"jetpack-related-posts":[],"jetpack_shortlink":"https:\/\/wp.me\/p7Eq1F-34q","jetpack_sharing_enabled":true,"jetpack_featured_media_url":"https:\/\/i0.wp.com\/guialimeira.com.br\/news\/wp-content\/uploads\/2024\/08\/2024-08-06t123745z_1149708724_up1ek860z2wk3_rtrmadp_3_olympics-2024-sailing.jpg?fit=1600%2C800&ssl=1","_links":{"self":[{"href":"https:\/\/guialimeira.com.br\/news\/wp-json\/wp\/v2\/posts\/11806","targetHints":{"allow":["GET"]}}],"collection":[{"href":"https:\/\/guialimeira.com.br\/news\/wp-json\/wp\/v2\/posts"}],"about":[{"href":"https:\/\/guialimeira.com.br\/news\/wp-json\/wp\/v2\/types\/post"}],"author":[{"embeddable":true,"href":"https:\/\/guialimeira.com.br\/news\/wp-json\/wp\/v2\/users\/1"}],"replies":[{"embeddable":true,"href":"https:\/\/guialimeira.com.br\/news\/wp-json\/wp\/v2\/comments?post=11806"}],"version-history":[{"count":0,"href":"https:\/\/guialimeira.com.br\/news\/wp-json\/wp\/v2\/posts\/11806\/revisions"}],"wp:featuredmedia":[{"embeddable":true,"href":"https:\/\/guialimeira.com.br\/news\/wp-json\/wp\/v2\/media\/11807"}],"wp:attachment":[{"href":"https:\/\/guialimeira.com.br\/news\/wp-json\/wp\/v2\/media?parent=11806"}],"wp:term":[{"taxonomy":"category","embeddable":true,"href":"https:\/\/guialimeira.com.br\/news\/wp-json\/wp\/v2\/categories?post=11806"},{"taxonomy":"post_tag","embeddable":true,"href":"https:\/\/guialimeira.com.br\/news\/wp-json\/wp\/v2\/tags?post=11806"}],"curies":[{"name":"wp","href":"https:\/\/api.w.org\/{rel}","templated":true}]}}