{"id":1180,"date":"2024-04-08T12:49:50","date_gmt":"2024-04-08T15:49:50","guid":{"rendered":"https:\/\/guialimeira.com.br\/2024\/04\/08\/termina-hoje-prazo-para-regularizar-titulo-pela-internet\/"},"modified":"2024-04-08T12:49:50","modified_gmt":"2024-04-08T15:49:50","slug":"termina-hoje-prazo-para-regularizar-titulo-pela-internet","status":"publish","type":"post","link":"https:\/\/guialimeira.com.br\/news\/termina-hoje-prazo-para-regularizar-titulo-pela-internet\/","title":{"rendered":"Termina hoje prazo para regularizar t\u00edtulo pela internet"},"content":{"rendered":"<p> <br \/>\n<\/p>\n<div>\n<p>Eleitores sem biometria cadastrada t\u00eam at\u00e9 esta segunda-feira (8) para acessar os servi\u00e7os da Justi\u00e7a Eleitoral pela internet, no sistema de autoatendimento chamado <a href=\"https:\/\/www.tse.jus.br\/servicos-eleitorais\/titulo-eleitoral\/autoatendimento-eleitoral\/autoatendimento-eleitoral-titulo-net\" target=\"_blank\" rel=\"noopener\">T\u00edtulo Net<\/a>. Depois desse prazo, o eleitor sem os registros biom\u00e9tricos dever\u00e1 ir a um cart\u00f3rio eleitoral caso precise regularizar o t\u00edtulo para votar nas elei\u00e7\u00f5es municipais, marcadas para outubro.<img data-recalc-dims=\"1\" decoding=\"async\" src=\"https:\/\/i0.wp.com\/agenciabrasil.ebc.com.br\/ebc.png?w=696&#038;ssl=1\" style=\"width:1px; height:1px; display:inline;\"\/><img data-recalc-dims=\"1\" decoding=\"async\" src=\"https:\/\/i0.wp.com\/agenciabrasil.ebc.com.br\/ebc.gif?w=696&#038;ssl=1\" style=\"width:1px; height:1px; display:inline;\"\/><\/p>\n<p>\u00c9 poss\u00edvel verificar a situa\u00e7\u00e3o eleitoral no <a href=\"https:\/\/www.tse.jus.br\/#\/\" target=\"_blank\" rel=\"noopener\"><em>site<\/em> do Tribunal Superior Eleitoral\u00a0 (<\/a>TSE).<\/p>\n<p>Para quem j\u00e1 tem o registro biom\u00e9trico, os servi\u00e7os no T\u00edtulo Net continuam dispon\u00edveis, assim como o atendimento presencial em todas as unidades da Justi\u00e7a Eleitoral. A data limite para atualiza\u00e7\u00e3o do t\u00edtulo eleitoral \u00e9 8 de maio.<\/p>\n<p>De 9 de maio a 5 de novembro, o cadastro eleitoral estar\u00e1 suspenso para o recebimento de solicita\u00e7\u00f5es de alistamento, transfer\u00eancia de domic\u00edlio e revis\u00e3o eleitoral. Os servi\u00e7os ficar\u00e3o indispon\u00edveis nesse per\u00edodo pois a Justi\u00e7a Eleitoral passar\u00e1 a se dedicar a organiza\u00e7\u00e3o das elei\u00e7\u00f5es municipais.<\/p>\n<p>A aus\u00eancia do registro biom\u00e9trico, entretanto, n\u00e3o impede o eleitor de votar nas elei\u00e7\u00f5es municipais. Entretanto, a Justi\u00e7a Eleitoral alerta que a biometria confere mais seguran\u00e7a ao voto, al\u00e9m de evitar a forma\u00e7\u00e3o de filas nas se\u00e7\u00f5es eleitorais.<\/p>\n<p>Por\u00e9m, para quem vai tirar o t\u00edtulo pela primeira vez, o cadastro dos dados biom\u00e9tricos \u00e9 obrigat\u00f3rio e gratuito. Nesse caso, os jovens tamb\u00e9m devem iniciar seu alistamento pelo T\u00edtulo Net at\u00e9 esta segunda-feira e comparecer a um cart\u00f3rio eleitoral na data agendada.<\/p>\n<\/p><\/div>\n<p><br \/>\n<br \/><a href=\"https:\/\/agenciabrasil.ebc.com.br\/justica\/noticia\/2024-04\/termina-hoje-prazo-para-regularizar-titulo-pela-internet\" rel=\"noopener\">Ag\u00eancia Brasil<\/a><\/p>\n","protected":false},"excerpt":{"rendered":"<p>Eleitores sem biometria cadastrada t\u00eam at\u00e9 esta segunda-feira (8) para acessar os servi\u00e7os da Justi\u00e7a Eleitoral pela internet, no sistema de autoatendimento chamado T\u00edtulo Net. Depois desse prazo, o eleitor sem os registros biom\u00e9tricos dever\u00e1 ir a um cart\u00f3rio eleitoral caso precise regularizar o t\u00edtulo para votar nas elei\u00e7\u00f5es municipais, marcadas para outubro. \u00c9 poss\u00edvel [&hellip;]<\/p>\n","protected":false},"author":1,"featured_media":1147,"comment_status":"open","ping_status":"open","sticky":false,"template":"","format":"standard","meta":{"_jetpack_newsletter_access":"","_jetpack_dont_email_post_to_subs":false,"_jetpack_newsletter_tier_id":0,"_jetpack_memberships_contains_paywalled_content":false,"_mbp_banners":[],"_jetpack_feature_clip_id":0,"_jetpack_memberships_contains_paid_content":false,"footnotes":"","jetpack_publicize_message":"","jetpack_publicize_feature_enabled":true,"jetpack_social_post_already_shared":true,"jetpack_social_options":{"image_generator_settings":{"template":"highway","default_image_id":0,"font":"","enabled":false},"version":2},"jetpack_post_was_ever_published":false},"categories":[22],"tags":[],"class_list":["post-1180","post","type-post","status-publish","format-standard","has-post-thumbnail","category-nacional"],"jetpack_publicize_connections":[],"jetpack-related-posts":[],"jetpack_shortlink":"https:\/\/wp.me\/p7Eq1F-j2","jetpack_sharing_enabled":true,"jetpack_featured_media_url":"https:\/\/i0.wp.com\/guialimeira.com.br\/news\/wp-content\/uploads\/2024\/04\/21082010-21082010wd1248a_2.jpg?fit=1600%2C800&ssl=1","_links":{"self":[{"href":"https:\/\/guialimeira.com.br\/news\/wp-json\/wp\/v2\/posts\/1180","targetHints":{"allow":["GET"]}}],"collection":[{"href":"https:\/\/guialimeira.com.br\/news\/wp-json\/wp\/v2\/posts"}],"about":[{"href":"https:\/\/guialimeira.com.br\/news\/wp-json\/wp\/v2\/types\/post"}],"author":[{"embeddable":true,"href":"https:\/\/guialimeira.com.br\/news\/wp-json\/wp\/v2\/users\/1"}],"replies":[{"embeddable":true,"href":"https:\/\/guialimeira.com.br\/news\/wp-json\/wp\/v2\/comments?post=1180"}],"version-history":[{"count":0,"href":"https:\/\/guialimeira.com.br\/news\/wp-json\/wp\/v2\/posts\/1180\/revisions"}],"wp:featuredmedia":[{"embeddable":true,"href":"https:\/\/guialimeira.com.br\/news\/wp-json\/wp\/v2\/media\/1147"}],"wp:attachment":[{"href":"https:\/\/guialimeira.com.br\/news\/wp-json\/wp\/v2\/media?parent=1180"}],"wp:term":[{"taxonomy":"category","embeddable":true,"href":"https:\/\/guialimeira.com.br\/news\/wp-json\/wp\/v2\/categories?post=1180"},{"taxonomy":"post_tag","embeddable":true,"href":"https:\/\/guialimeira.com.br\/news\/wp-json\/wp\/v2\/tags?post=1180"}],"curies":[{"name":"wp","href":"https:\/\/api.w.org\/{rel}","templated":true}]}}