{"id":11794,"date":"2024-08-06T17:42:55","date_gmt":"2024-08-06T20:42:55","guid":{"rendered":"https:\/\/guialimeira.com.br\/2024\/08\/06\/ans-incorpora-mais-remedios-para-tratar-pacientes\/"},"modified":"2024-08-06T17:42:55","modified_gmt":"2024-08-06T20:42:55","slug":"ans-incorpora-mais-remedios-para-tratar-pacientes","status":"publish","type":"post","link":"https:\/\/guialimeira.com.br\/news\/ans-incorpora-mais-remedios-para-tratar-pacientes\/","title":{"rendered":"ANS incorpora mais rem\u00e9dios para tratar pacientes"},"content":{"rendered":"<p> <br \/>\n<\/p>\n<div>\n<p>A diretoria da Ag\u00eancia Nacional de Sa\u00fade Suplementar (ANS) aprovou a incorpora\u00e7\u00e3o de cinco medicamentos ao Rol de Procedimentos e Eventos em Sa\u00fade. S\u00e3o eles, Brodalumabe, destinado a tratar psor\u00edase em placas, moderada a grave, em pacientes adultos que s\u00e3o eleg\u00edveis para terapia sist\u00eamica ou fototerapia; e Ibrutinibe &#8211; em combina\u00e7\u00e3o com venetoclax &#8211; para adultos com leucemia linfoc\u00edtica cr\u00f4nica\/linfoma linfoc\u00edtico de pequenas c\u00e9lulas (LLC\/LLPC), em primeira linha.<\/p>\n<p>Tamb\u00e9m foram incorporados Tezepelumabe, rem\u00e9dio complementar para o tratamento da asma al\u00e9rgica grave; Tezepelumabe, rem\u00e9dio para tratar a asma eosinof\u00edlica grave; e Belimumabe, \u00a0destinado a pacientes adultos com nefrite l\u00fapica (doen\u00e7a inflamat\u00f3ria que atinge os rins).<img data-recalc-dims=\"1\" decoding=\"async\" src=\"https:\/\/i0.wp.com\/agenciabrasil.ebc.com.br\/ebc.png?w=696&#038;ssl=1\" style=\"width:1px; height:1px; display:inline;\"\/><img data-recalc-dims=\"1\" decoding=\"async\" src=\"https:\/\/i0.wp.com\/agenciabrasil.ebc.com.br\/ebc.gif?w=696&#038;ssl=1\" style=\"width:1px; height:1px; display:inline;\"\/><\/p>\n<p>As cinco tecnologias ter\u00e3o cobertura obrigat\u00f3ria na sa\u00fade suplementar, de acordo com diretrizes de utiliza\u00e7\u00e3o, a partir de 2 de setembro pr\u00f3ximo.<\/p>\n<h2>Coberturas obrigat\u00f3rias<\/h2>\n<p>O Rol de Procedimentos e Eventos em Sa\u00fade \u00e9 a lista de coberturas obrigat\u00f3rias pelas operadoras de planos de sa\u00fade para os seus benefici\u00e1rios. Ele conta com tecnologias dispon\u00edveis entre terapias, exames, procedimentos e cirurgias que atendem doen\u00e7as listadas na Classifica\u00e7\u00e3o Internacional de Doen\u00e7as (CID), da Organiza\u00e7\u00e3o Mundial da Sa\u00fade (OMS).<\/p>\n<p>\u201cSeu processo de atualiza\u00e7\u00e3o tem sido constantemente aprimorado, com ampla participa\u00e7\u00e3o social e buscando garantir a seguran\u00e7a das tecnologias oferecidas aos consumidores, a partir de bases cient\u00edficas e da sustentabilidade do setor de sa\u00fade suplementar\u201d, diz nota da ANS.<\/p>\n<\/p><\/div>\n<p><br \/>\n<br \/><a href=\"https:\/\/agenciabrasil.ebc.com.br\/saude\/noticia\/2024-08\/ans-incorpora-mais-remedios-para-tratar-pacientes\" rel=\"noopener\">Ag\u00eancia Brasil <\/a><\/p>\n","protected":false},"excerpt":{"rendered":"<p>A diretoria da Ag\u00eancia Nacional de Sa\u00fade Suplementar (ANS) aprovou a incorpora\u00e7\u00e3o de cinco medicamentos ao Rol de Procedimentos e Eventos em Sa\u00fade. S\u00e3o eles, Brodalumabe, destinado a tratar psor\u00edase em placas, moderada a grave, em pacientes adultos que s\u00e3o eleg\u00edveis para terapia sist\u00eamica ou fototerapia; e Ibrutinibe &#8211; em combina\u00e7\u00e3o com venetoclax &#8211; para [&hellip;]<\/p>\n","protected":false},"author":1,"featured_media":10232,"comment_status":"open","ping_status":"open","sticky":false,"template":"","format":"standard","meta":{"_jetpack_newsletter_access":"","_jetpack_dont_email_post_to_subs":false,"_jetpack_newsletter_tier_id":0,"_jetpack_memberships_contains_paywalled_content":false,"_mbp_banners":[],"_jetpack_feature_clip_id":0,"_jetpack_memberships_contains_paid_content":false,"footnotes":"","jetpack_publicize_message":"","jetpack_publicize_feature_enabled":true,"jetpack_social_post_already_shared":true,"jetpack_social_options":{"image_generator_settings":{"template":"highway","default_image_id":0,"font":"","enabled":false},"version":2},"jetpack_post_was_ever_published":false},"categories":[15],"tags":[],"class_list":["post-11794","post","type-post","status-publish","format-standard","has-post-thumbnail","category-saude"],"jetpack_publicize_connections":[],"jetpack-related-posts":[],"jetpack_shortlink":"https:\/\/wp.me\/p7Eq1F-34e","jetpack_sharing_enabled":true,"jetpack_featured_media_url":"https:\/\/i0.wp.com\/guialimeira.com.br\/news\/wp-content\/uploads\/2024\/07\/sus_aparelho_ressonancia.jpg?fit=1600%2C800&ssl=1","_links":{"self":[{"href":"https:\/\/guialimeira.com.br\/news\/wp-json\/wp\/v2\/posts\/11794","targetHints":{"allow":["GET"]}}],"collection":[{"href":"https:\/\/guialimeira.com.br\/news\/wp-json\/wp\/v2\/posts"}],"about":[{"href":"https:\/\/guialimeira.com.br\/news\/wp-json\/wp\/v2\/types\/post"}],"author":[{"embeddable":true,"href":"https:\/\/guialimeira.com.br\/news\/wp-json\/wp\/v2\/users\/1"}],"replies":[{"embeddable":true,"href":"https:\/\/guialimeira.com.br\/news\/wp-json\/wp\/v2\/comments?post=11794"}],"version-history":[{"count":0,"href":"https:\/\/guialimeira.com.br\/news\/wp-json\/wp\/v2\/posts\/11794\/revisions"}],"wp:featuredmedia":[{"embeddable":true,"href":"https:\/\/guialimeira.com.br\/news\/wp-json\/wp\/v2\/media\/10232"}],"wp:attachment":[{"href":"https:\/\/guialimeira.com.br\/news\/wp-json\/wp\/v2\/media?parent=11794"}],"wp:term":[{"taxonomy":"category","embeddable":true,"href":"https:\/\/guialimeira.com.br\/news\/wp-json\/wp\/v2\/categories?post=11794"},{"taxonomy":"post_tag","embeddable":true,"href":"https:\/\/guialimeira.com.br\/news\/wp-json\/wp\/v2\/tags?post=11794"}],"curies":[{"name":"wp","href":"https:\/\/api.w.org\/{rel}","templated":true}]}}