{"id":11791,"date":"2024-08-06T16:49:58","date_gmt":"2024-08-06T19:49:58","guid":{"rendered":"https:\/\/guialimeira.com.br\/2024\/08\/06\/venezuela-corina-e-edmundo-sao-investigados-por-suposta-conspiracao\/"},"modified":"2024-08-06T16:49:58","modified_gmt":"2024-08-06T19:49:58","slug":"venezuela-corina-e-edmundo-sao-investigados-por-suposta-conspiracao","status":"publish","type":"post","link":"https:\/\/guialimeira.com.br\/news\/venezuela-corina-e-edmundo-sao-investigados-por-suposta-conspiracao\/","title":{"rendered":"Venezuela: Corina e Edmundo s\u00e3o investigados por suposta conspira\u00e7\u00e3o"},"content":{"rendered":"<p> <br \/>\n<\/p>\n<div>\n<p>O Minist\u00e9rio P\u00fablico (MP) da Venezuela iniciou uma investiga\u00e7\u00e3o penal por, entre outros poss\u00edveis delitos, \u201cinstiga\u00e7\u00e3o \u00e0 insurrei\u00e7\u00e3o\u201d e \u201cconspira\u00e7\u00e3o\u201d contra o principal ex-candidato \u00e0 presid\u00eancia do pa\u00eds na \u00faltima elei\u00e7\u00e3o, Edmundo Gonz\u00e1lez, e contra a lideran\u00e7a da oposi\u00e7\u00e3o &#8211; Mar\u00eda Corina Machado.<img data-recalc-dims=\"1\" decoding=\"async\" src=\"https:\/\/i0.wp.com\/agenciabrasil.ebc.com.br\/ebc.png?w=696&#038;ssl=1\" style=\"width:1px; height:1px; display:inline;\"\/><img data-recalc-dims=\"1\" decoding=\"async\" src=\"https:\/\/i0.wp.com\/agenciabrasil.ebc.com.br\/ebc.gif?w=696&#038;ssl=1\" style=\"width:1px; height:1px; display:inline;\"\/><\/p>\n<p>Segundo comunicado do \u00f3rg\u00e3o, a apura\u00e7\u00e3o \u00e9 consequ\u00eancia de um comunicado emitido pelos dois na \u00faltima segunda-feira (5). O MP venezuelano afirma que a nota dos opositores incita abertamente os policiais e militares a que desobede\u00e7am as leis.<\/p>\n<p>Segundo o chefe do MP, Tarek William Saab, o comunicado pode incidir em crimes como \u201cusurpa\u00e7\u00e3o de fun\u00e7\u00f5es, difus\u00e3o de informa\u00e7\u00e3o falsa para causar agita\u00e7\u00e3o; instiga\u00e7\u00e3o \u00e0 desobedi\u00eancia das leis, instiga\u00e7\u00e3o \u00e0 insurrei\u00e7\u00e3o e associa\u00e7\u00e3o para delinquir e conspira\u00e7\u00e3o\u201d.<\/p>\n<p>A nota do Minist\u00e9rio P\u00fablico venezuelano diz ainda que, \u201c\u00e0 margem da Constitui\u00e7\u00e3o e da lei, falsamente anunciam um ganhador das elei\u00e7\u00f5es presidenciais distinto ao proclamado pelo Conselho Nacional Eleitoral (CNE), \u00fanico \u00f3rg\u00e3o qualificado para tal\u201d.<\/p>\n<p>Em comunicado publicado nas redes sociais, Corina Machado e Edmundo Gonz\u00e1lez afirmam que venceram a elei\u00e7\u00e3o e acusam o governo de repress\u00e3o contra opositores, pedindo para policiais e militares \u201cse coloquem ao lado do povo\u201d.<\/p>\n<p>\u201cN\u00f3s pedimos que impe\u00e7am a devassid\u00e3o do regime contra o povo e a respeitar e fazer respeitar os resultados das elei\u00e7\u00f5es de 28 de julho\u201d, afirmam os opositores.\u00a0<\/p>\n<h2>Conflito pol\u00edtico<\/h2>\n<p>Edmundo e Corina afirmam ter publicado mais de 80% das atas eleitorais na internet que comprovariam a vit\u00f3ria de Edmundo Gonz\u00e1lez.\u00a0A oposi\u00e7\u00e3o argumenta ainda que as institui\u00e7\u00f5es venezuelanas, incluindo o Minist\u00e9rio P\u00fablico, n\u00e3o s\u00e3o independentes e que atuariam apenas para favorecer o governo Maduro.<\/p>\n<p>O governo acusa a oposi\u00e7\u00e3o de falsificar mais de 9,4 mil atas publicadas na rede [internet] e tem responsabilizado Corina e Edmundo pelos dist\u00farbios registrados no pa\u00eds, o que tem sido classificado pelas autoridades como atos terroristas com ataques a pr\u00e9dios p\u00fablicos, for\u00e7as policiais e lideran\u00e7as chavistas.<\/p>\n<p>Estima-se que os protestos tenham tirado a vida de 11 manifestantes, segundo an\u00e1lise preliminar da organiza\u00e7\u00e3o n\u00e3o governamental (ONG) venezuelana Foro Penal. Al\u00e9m disso, cerca de 1,2 mil pessoas foram presas, mais de 80 policiais foram feridos e um assassinado, segundos dados de autoridades venezuelanas.<\/p>\n<p>Como o Conselho Nacional Eleitoral n\u00e3o disponibilizou aos partidos, candidatos e observadores eleitorais as atas por mesa de vota\u00e7\u00e3o tem prevalecido uma guerra de vers\u00f5es sobre o resultado do pleito.<\/p>\n<p>O Poder Eleitoral alega que um ataque cibern\u00e9tico prejudicou o trabalho da institui\u00e7\u00e3o.<\/p>\n<p>Na \u00faltima sexta-feira (2), o Tribunal Supremo de Justi\u00e7a (TSJ) iniciou uma investiga\u00e7\u00e3o sobre os resultados eleitorais. <a href=\"https:\/\/agenciabrasil.ebc.com.br\/internacional\/noticia\/2024-08\/venezuela-cne-entrega-atas-justica-e-tribunal-convoca-candidatos\" target=\"_blank\" rel=\"noopener\">O CNE entregou<\/a> ontem (5) as atas das mais de 30 mil mesas de vota\u00e7\u00e3o ao Supremo venezuelano.<\/p>\n<\/p><\/div>\n<p><br \/>\n<br \/><a href=\"https:\/\/agenciabrasil.ebc.com.br\/internacional\/noticia\/2024-08\/venezuela-corina-e-edmundo-sao-investigados-por-suposta-insurreicao\" rel=\"noopener\">Ag\u00eancia Brasil <\/a><\/p>\n","protected":false},"excerpt":{"rendered":"<p>O Minist\u00e9rio P\u00fablico (MP) da Venezuela iniciou uma investiga\u00e7\u00e3o penal por, entre outros poss\u00edveis delitos, \u201cinstiga\u00e7\u00e3o \u00e0 insurrei\u00e7\u00e3o\u201d e \u201cconspira\u00e7\u00e3o\u201d contra o principal ex-candidato \u00e0 presid\u00eancia do pa\u00eds na \u00faltima elei\u00e7\u00e3o, Edmundo Gonz\u00e1lez, e contra a lideran\u00e7a da oposi\u00e7\u00e3o &#8211; Mar\u00eda Corina Machado. Segundo comunicado do \u00f3rg\u00e3o, a apura\u00e7\u00e3o \u00e9 consequ\u00eancia de um comunicado emitido [&hellip;]<\/p>\n","protected":false},"author":1,"featured_media":11336,"comment_status":"open","ping_status":"open","sticky":false,"template":"","format":"standard","meta":{"_jetpack_newsletter_access":"","_jetpack_dont_email_post_to_subs":false,"_jetpack_newsletter_tier_id":0,"_jetpack_memberships_contains_paywalled_content":false,"_mbp_banners":[],"_jetpack_feature_clip_id":0,"_jetpack_memberships_contains_paid_content":false,"footnotes":"","jetpack_publicize_message":"","jetpack_publicize_feature_enabled":true,"jetpack_social_post_already_shared":true,"jetpack_social_options":{"image_generator_settings":{"template":"highway","default_image_id":0,"font":"","enabled":false},"version":2},"jetpack_post_was_ever_published":false},"categories":[25],"tags":[],"class_list":["post-11791","post","type-post","status-publish","format-standard","has-post-thumbnail","category-internacional"],"jetpack_publicize_connections":[],"jetpack-related-posts":[],"jetpack_shortlink":"https:\/\/wp.me\/p7Eq1F-34b","jetpack_sharing_enabled":true,"jetpack_featured_media_url":"https:\/\/i0.wp.com\/guialimeira.com.br\/news\/wp-content\/uploads\/2024\/07\/2024-07-30t110222z_1_lynxmpek6t0fu_rtroptp_4_venezuela-election.jpg?fit=1600%2C800&ssl=1","_links":{"self":[{"href":"https:\/\/guialimeira.com.br\/news\/wp-json\/wp\/v2\/posts\/11791","targetHints":{"allow":["GET"]}}],"collection":[{"href":"https:\/\/guialimeira.com.br\/news\/wp-json\/wp\/v2\/posts"}],"about":[{"href":"https:\/\/guialimeira.com.br\/news\/wp-json\/wp\/v2\/types\/post"}],"author":[{"embeddable":true,"href":"https:\/\/guialimeira.com.br\/news\/wp-json\/wp\/v2\/users\/1"}],"replies":[{"embeddable":true,"href":"https:\/\/guialimeira.com.br\/news\/wp-json\/wp\/v2\/comments?post=11791"}],"version-history":[{"count":0,"href":"https:\/\/guialimeira.com.br\/news\/wp-json\/wp\/v2\/posts\/11791\/revisions"}],"wp:featuredmedia":[{"embeddable":true,"href":"https:\/\/guialimeira.com.br\/news\/wp-json\/wp\/v2\/media\/11336"}],"wp:attachment":[{"href":"https:\/\/guialimeira.com.br\/news\/wp-json\/wp\/v2\/media?parent=11791"}],"wp:term":[{"taxonomy":"category","embeddable":true,"href":"https:\/\/guialimeira.com.br\/news\/wp-json\/wp\/v2\/categories?post=11791"},{"taxonomy":"post_tag","embeddable":true,"href":"https:\/\/guialimeira.com.br\/news\/wp-json\/wp\/v2\/tags?post=11791"}],"curies":[{"name":"wp","href":"https:\/\/api.w.org\/{rel}","templated":true}]}}