{"id":11757,"date":"2024-08-06T10:43:57","date_gmt":"2024-08-06T13:43:57","guid":{"rendered":"https:\/\/guialimeira.com.br\/2024\/08\/06\/hezbollah-lanca-ataques-de-drones-e-foguetes-contra-israel\/"},"modified":"2024-08-06T10:43:57","modified_gmt":"2024-08-06T13:43:57","slug":"hezbollah-lanca-ataques-de-drones-e-foguetes-contra-israel","status":"publish","type":"post","link":"https:\/\/guialimeira.com.br\/news\/hezbollah-lanca-ataques-de-drones-e-foguetes-contra-israel\/","title":{"rendered":"Hezbollah lan\u00e7a ataques de drones e foguetes contra Israel"},"content":{"rendered":"<p> <br \/>\n<\/p>\n<div>\n<p>O grupo armado liban\u00eas Hezbollah lan\u00e7ou uma s\u00e9rie de ataques com drones e foguetes contra o Norte de Israel na ter\u00e7a-feira (6), e alertou que sua retalia\u00e7\u00e3o pela morte de um importante comandante por Israel na semana passada ainda est\u00e1 por vir.<img data-recalc-dims=\"1\" decoding=\"async\" src=\"https:\/\/i0.wp.com\/agenciabrasil.ebc.com.br\/ebc.png?w=696&#038;ssl=1\" style=\"width:1px; height:1px; display:inline;\"\/><img data-recalc-dims=\"1\" decoding=\"async\" src=\"https:\/\/i0.wp.com\/agenciabrasil.ebc.com.br\/ebc.gif?w=696&#038;ssl=1\" style=\"width:1px; height:1px; display:inline;\"\/><\/p>\n<p>O Hezbollah disse que lan\u00e7ou uma s\u00e9rie de drones de ataque em duas instala\u00e7\u00f5es militares perto de Acre, no Norte de Israel, e tamb\u00e9m atacou um ve\u00edculo militar israelense em outro local.<\/p>\n<p>As For\u00e7as Armadas israelenses disseram que v\u00e1rios drones hostis foram identificados atravessando o L\u00edbano e um deles foi interceptado. O governo israelense afirmou que v\u00e1rios civis ficaram feridos ao sul da cidade costeira de Nahariya.<\/p>\n<p>Imagens da Reuters TV mostraram um local de impacto pr\u00f3ximo a um ponto de \u00f4nibus em uma estrada nos arredores da cidade (imagem de destaque).<\/p>\n<p>Em um comunicado, os militares israelenses disseram que as sirenes soaram nos arredores de Acre, mas que se tratou de um alarme falso. A For\u00e7a A\u00e9rea israelense atingiu duas instala\u00e7\u00f5es do Hezbollah no Sul do L\u00edbano.<\/p>\n<p>Os temores de que o conflito no Oriente M\u00e9dio escale para uma guerra total aumentaram, ap\u00f3s as promessas do Hezbollah de vingar a morte do comandante Fuad Shukr e do Ir\u00e3 de responder ao assassinato em Teer\u00e3, na semana passada, do l\u00edder do <a href=\"https:\/\/agenciabrasil.ebc.com.br\/internacional\/noticia\/2024-08\/israel-anuncia-morte-de-lider-do-hamas-mohammed-deif-mentor-do-710\" target=\"_blank\" rel=\"noopener\">grupo militante palestino Hamas<\/a>.<\/p>\n<p>Uma fonte do Hezbollah disse \u00e0 Reuters que &#8220;a resposta ao assassinato do comandante Fuad Shukr ainda n\u00e3o chegou&#8221;.<\/p>\n<p>Mais cedo na ter\u00e7a-feira, quatro pessoas foram mortas em um ataque a uma casa na cidade libanesa de Mayfadoun, quase 30 quil\u00f4metros ao norte da fronteira, disseram m\u00e9dicos e uma fonte de seguran\u00e7a.<\/p>\n<p>Duas outras fontes de seguran\u00e7a disseram que os mortos eram combatentes do Hezbollah, mas o grupo ainda n\u00e3o publicou seus avisos de morte.<\/p>\n<p>O Hezbollah e os militares israelenses t\u00eam trocado disparos nos \u00faltimos 10 meses, paralelamente \u00e0 guerra de Gaza, com os ataques de retalia\u00e7\u00e3o limitados principalmente \u00e0 \u00e1rea da fronteira.<\/p>\n<p>(Reportagem de em Beirute, e Ari Rabinovitch e James Mackenzie, em Jerusal\u00e9m)<\/p>\n<\/p><\/div>\n<p><br \/>\n<br \/><a href=\"https:\/\/agenciabrasil.ebc.com.br\/internacional\/noticia\/2024-08\/hezbollah-lanca-ataques-de-drones-e-foguetes-contra-israel\" rel=\"noopener\">Ag\u00eancia Brasil <\/a><\/p>\n","protected":false},"excerpt":{"rendered":"<p>O grupo armado liban\u00eas Hezbollah lan\u00e7ou uma s\u00e9rie de ataques com drones e foguetes contra o Norte de Israel na ter\u00e7a-feira (6), e alertou que sua retalia\u00e7\u00e3o pela morte de um importante comandante por Israel na semana passada ainda est\u00e1 por vir. O Hezbollah disse que lan\u00e7ou uma s\u00e9rie de drones de ataque em duas [&hellip;]<\/p>\n","protected":false},"author":1,"featured_media":11758,"comment_status":"open","ping_status":"open","sticky":false,"template":"","format":"standard","meta":{"_jetpack_newsletter_access":"","_jetpack_dont_email_post_to_subs":false,"_jetpack_newsletter_tier_id":0,"_jetpack_memberships_contains_paywalled_content":false,"_mbp_banners":[],"_jetpack_feature_clip_id":0,"_jetpack_memberships_contains_paid_content":false,"footnotes":"","jetpack_publicize_message":"","jetpack_publicize_feature_enabled":true,"jetpack_social_post_already_shared":true,"jetpack_social_options":{"image_generator_settings":{"template":"highway","default_image_id":0,"font":"","enabled":false},"version":2},"jetpack_post_was_ever_published":false},"categories":[25],"tags":[],"class_list":["post-11757","post","type-post","status-publish","format-standard","has-post-thumbnail","category-internacional"],"jetpack_publicize_connections":[],"jetpack-related-posts":[],"jetpack_shortlink":"https:\/\/wp.me\/p7Eq1F-33D","jetpack_sharing_enabled":true,"jetpack_featured_media_url":"https:\/\/i0.wp.com\/guialimeira.com.br\/news\/wp-content\/uploads\/2024\/08\/2024-08-06t120202z_1_lynxmpek750ft_rtroptp_4_israel-palestinians-hezbollah-drones.jpg?fit=1600%2C800&ssl=1","_links":{"self":[{"href":"https:\/\/guialimeira.com.br\/news\/wp-json\/wp\/v2\/posts\/11757","targetHints":{"allow":["GET"]}}],"collection":[{"href":"https:\/\/guialimeira.com.br\/news\/wp-json\/wp\/v2\/posts"}],"about":[{"href":"https:\/\/guialimeira.com.br\/news\/wp-json\/wp\/v2\/types\/post"}],"author":[{"embeddable":true,"href":"https:\/\/guialimeira.com.br\/news\/wp-json\/wp\/v2\/users\/1"}],"replies":[{"embeddable":true,"href":"https:\/\/guialimeira.com.br\/news\/wp-json\/wp\/v2\/comments?post=11757"}],"version-history":[{"count":0,"href":"https:\/\/guialimeira.com.br\/news\/wp-json\/wp\/v2\/posts\/11757\/revisions"}],"wp:featuredmedia":[{"embeddable":true,"href":"https:\/\/guialimeira.com.br\/news\/wp-json\/wp\/v2\/media\/11758"}],"wp:attachment":[{"href":"https:\/\/guialimeira.com.br\/news\/wp-json\/wp\/v2\/media?parent=11757"}],"wp:term":[{"taxonomy":"category","embeddable":true,"href":"https:\/\/guialimeira.com.br\/news\/wp-json\/wp\/v2\/categories?post=11757"},{"taxonomy":"post_tag","embeddable":true,"href":"https:\/\/guialimeira.com.br\/news\/wp-json\/wp\/v2\/tags?post=11757"}],"curies":[{"name":"wp","href":"https:\/\/api.w.org\/{rel}","templated":true}]}}