{"id":11752,"date":"2024-08-06T08:56:58","date_gmt":"2024-08-06T11:56:58","guid":{"rendered":"https:\/\/guialimeira.com.br\/2024\/08\/06\/stephan-barcha-e-quinto-no-concurso-de-saltos-do-hipismo-em-paris\/"},"modified":"2024-08-06T08:56:58","modified_gmt":"2024-08-06T11:56:58","slug":"stephan-barcha-e-quinto-no-concurso-de-saltos-do-hipismo-em-paris","status":"publish","type":"post","link":"https:\/\/guialimeira.com.br\/news\/stephan-barcha-e-quinto-no-concurso-de-saltos-do-hipismo-em-paris\/","title":{"rendered":"Stephan Barcha \u00e9 quinto no concurso de saltos do hipismo em Paris"},"content":{"rendered":"<p> <br \/>\n<\/p>\n<div>\n<p>A final do concurso de saltos individuais fechou as disputadas do hipismo na Olimp\u00edada de Paris. O o brasileiro Stephan de Freitas Barcha terminou na quinta\u00a0coloca\u00e7\u00e3o, montando a \u00e9gua Primavera. A competi\u00e7\u00e3o da modalidade foi realizada em uma arena montada nos jardins do ic\u00f4nico Pal\u00e1cio de Versalhes, um dos principais pontos tur\u00edsticos da Fran\u00e7a. Os 30 conjuntos classificados para a final precisavam saltar 14 obst\u00e1culos, com 1,65 metro de altura cada, dentro do limite de 84 segundos.<img data-recalc-dims=\"1\" decoding=\"async\" src=\"https:\/\/i0.wp.com\/agenciabrasil.ebc.com.br\/ebc.png?w=696&#038;ssl=1\" style=\"width:1px; height:1px; display:inline;\"\/><img data-recalc-dims=\"1\" decoding=\"async\" src=\"https:\/\/i0.wp.com\/agenciabrasil.ebc.com.br\/ebc.gif?w=696&#038;ssl=1\" style=\"width:1px; height:1px; display:inline;\"\/><\/p>\n<blockquote class=\"twitter-tweet\">\n<p dir=\"ltr\" lang=\"pt\" xml:lang=\"pt\">Stephan Barcha e Primavera ficaram a isso \ud83e\udd0f do p\u00f3dio ol\u00edmpico em <a href=\"https:\/\/twitter.com\/hashtag\/Paris2024?src=hash&amp;ref_src=twsrc%5Etfw\" rel=\"noopener\">#Paris2024<\/a>!<\/p>\n<p>5\u00ba lugar geral na final dos saltos no hipismo. Grande participa\u00e7\u00e3o do cavaleiro brasileiro! \ud83d\udc4f\ud83d\udc4f\ud83d\udc4f <a href=\"https:\/\/twitter.com\/hashtag\/Equestrian?src=hash&amp;ref_src=twsrc%5Etfw\" rel=\"noopener\">#Equestrian<\/a> <a href=\"https:\/\/twitter.com\/hashtag\/JogosOl%C3%ADmpicos?src=hash&amp;ref_src=twsrc%5Etfw\" rel=\"noopener\">#JogosOl\u00edmpicos<\/a> <a href=\"https:\/\/t.co\/OpCzUGECZp\">pic.twitter.com\/OpCzUGECZp<\/a><\/p>\n<p>\u2014 Jogos Ol\u00edmpicos (@JogosOlimpicos) <a href=\"https:\/\/twitter.com\/JogosOlimpicos\/status\/1820758582071103612?ref_src=twsrc%5Etfw\" rel=\"noopener\">August 6, 2024<\/a><\/p><\/blockquote>\n<p>Barcha foi o 19\u00ba cavaleiro a se apresentar, e completou o percurso um tempo excelente (80s07), a segunda melhor marca de toda a competi\u00e7\u00e3o. Mas o conjunto brasileiro cometeu uma falta e foi penalizado em quatro pontos, ficando de fora da briga pelo p\u00f3dio.<\/p>\n<blockquote>\n<p>\u201cEu estou muito orgulhoso de todo processo, da minha \u00e9gua, sem ela seria imposs\u00edvel estar aqui. 5\u00ba lugar em uma Olimp\u00edada n\u00e3o \u00e9 pouca coisa. Eu amo o esporte, amo meus cavalos\u201d, disse o cavaleiro carioca, em declara\u00e7\u00e3o \u00e0 Confedera\u00e7\u00e3o Brasileira de Hipismo (CBH).<\/p>\n<\/blockquote>\n<p>Participando da oitava edi\u00e7\u00e3o de Jogos Ol\u00edmpicos da carreira, o cavaleiro Rodrigo Pessoa, montando o cavalo Major Tom, tamb\u00e9m participou da final dos saltos. O conjunto cometeu faltas em sequ\u00eancia logo no in\u00edcio e o cavaleiro decidiu n\u00e3o continuar na disputa. Pessoa acumula tr\u00eas medalhas ol\u00edmpicas: um ouro (Atenas 2004) e dois bronzes (Atlanta 1996 e Sidney 2000).<\/p>\n<p>Tr\u00eas conjuntos terminaram o percurso sem faltas e disputaram a medalha de ouro no chamado <em>jump-off<\/em>, a rodada desempate. O campe\u00e3o ol\u00edmpico foi Christian Kukuk, da Alemanha, montando o cavalo Checker 47. Ele foi o \u00fanico a zerar o novo percurso. Steve Guerdart, da Su\u00ed\u00e7a, foi o medalhista de prata e Maikel Van Der Vleuten, da Holanda, conquistou o bronze.<\/p>\n<\/p><\/div>\n<p><script async src=\"\/\/platform.twitter.com\/widgets.js\" charset=\"utf-8\"><\/script><br \/>\n<br \/><br \/>\n<br \/><a href=\"https:\/\/agenciabrasil.ebc.com.br\/esportes\/noticia\/2024-08\/stephan-barcha-e-quinto-no-concurso-de-saltos-do-hipismo-em-paris\" rel=\"noopener\">Ag\u00eancia Brasil<\/a><\/p>\n","protected":false},"excerpt":{"rendered":"<p>A final do concurso de saltos individuais fechou as disputadas do hipismo na Olimp\u00edada de Paris. O o brasileiro Stephan de Freitas Barcha terminou na quinta\u00a0coloca\u00e7\u00e3o, montando a \u00e9gua Primavera. A competi\u00e7\u00e3o da modalidade foi realizada em uma arena montada nos jardins do ic\u00f4nico Pal\u00e1cio de Versalhes, um dos principais pontos tur\u00edsticos da Fran\u00e7a. Os [&hellip;]<\/p>\n","protected":false},"author":1,"featured_media":11753,"comment_status":"open","ping_status":"open","sticky":false,"template":"","format":"standard","meta":{"_jetpack_newsletter_access":"","_jetpack_dont_email_post_to_subs":false,"_jetpack_newsletter_tier_id":0,"_jetpack_memberships_contains_paywalled_content":false,"_mbp_banners":[],"_jetpack_feature_clip_id":0,"_jetpack_memberships_contains_paid_content":false,"footnotes":"","jetpack_publicize_message":"","jetpack_publicize_feature_enabled":true,"jetpack_social_post_already_shared":true,"jetpack_social_options":{"image_generator_settings":{"template":"highway","default_image_id":0,"font":"","enabled":false},"version":2},"jetpack_post_was_ever_published":false},"categories":[23],"tags":[],"class_list":["post-11752","post","type-post","status-publish","format-standard","has-post-thumbnail","category-esportes"],"jetpack_publicize_connections":[],"jetpack-related-posts":[],"jetpack_shortlink":"https:\/\/wp.me\/p7Eq1F-33y","jetpack_sharing_enabled":true,"jetpack_featured_media_url":"https:\/\/i0.wp.com\/guialimeira.com.br\/news\/wp-content\/uploads\/2024\/08\/barcha_hipismo_quinto_paris_2024.jpeg?fit=1600%2C800&ssl=1","_links":{"self":[{"href":"https:\/\/guialimeira.com.br\/news\/wp-json\/wp\/v2\/posts\/11752","targetHints":{"allow":["GET"]}}],"collection":[{"href":"https:\/\/guialimeira.com.br\/news\/wp-json\/wp\/v2\/posts"}],"about":[{"href":"https:\/\/guialimeira.com.br\/news\/wp-json\/wp\/v2\/types\/post"}],"author":[{"embeddable":true,"href":"https:\/\/guialimeira.com.br\/news\/wp-json\/wp\/v2\/users\/1"}],"replies":[{"embeddable":true,"href":"https:\/\/guialimeira.com.br\/news\/wp-json\/wp\/v2\/comments?post=11752"}],"version-history":[{"count":0,"href":"https:\/\/guialimeira.com.br\/news\/wp-json\/wp\/v2\/posts\/11752\/revisions"}],"wp:featuredmedia":[{"embeddable":true,"href":"https:\/\/guialimeira.com.br\/news\/wp-json\/wp\/v2\/media\/11753"}],"wp:attachment":[{"href":"https:\/\/guialimeira.com.br\/news\/wp-json\/wp\/v2\/media?parent=11752"}],"wp:term":[{"taxonomy":"category","embeddable":true,"href":"https:\/\/guialimeira.com.br\/news\/wp-json\/wp\/v2\/categories?post=11752"},{"taxonomy":"post_tag","embeddable":true,"href":"https:\/\/guialimeira.com.br\/news\/wp-json\/wp\/v2\/tags?post=11752"}],"curies":[{"name":"wp","href":"https:\/\/api.w.org\/{rel}","templated":true}]}}