{"id":11706,"date":"2024-08-05T18:27:58","date_gmt":"2024-08-05T21:27:58","guid":{"rendered":"https:\/\/guialimeira.com.br\/2024\/08\/05\/macron-elogia-posicao-do-brasil-em-relacao-a-venezuela\/"},"modified":"2024-08-05T18:27:58","modified_gmt":"2024-08-05T21:27:58","slug":"macron-elogia-posicao-do-brasil-em-relacao-a-venezuela","status":"publish","type":"post","link":"https:\/\/guialimeira.com.br\/news\/macron-elogia-posicao-do-brasil-em-relacao-a-venezuela\/","title":{"rendered":"Macron elogia posi\u00e7\u00e3o do Brasil em rela\u00e7\u00e3o \u00e0 Venezuela"},"content":{"rendered":"<p> <br \/>\n<\/p>\n<div>\n<p>O presidente da Fran\u00e7a, Emmanuel Macron, telefonou nesta segunda-feira (5) ao presidente Luiz In\u00e1cio Lula da Silva. Durante a liga\u00e7\u00e3o, Macron elogiou a posi\u00e7\u00e3o do governo brasileiro de est\u00edmulo ao di\u00e1logo entre o presidente Nicol\u00e1s Maduro e a oposi\u00e7\u00e3o venezuelana, ap\u00f3s as elei\u00e7\u00f5es do pa\u00eds sul-americano ocorridas no \u00faltimo dia 28 de julho.<img data-recalc-dims=\"1\" decoding=\"async\" src=\"https:\/\/i0.wp.com\/agenciabrasil.ebc.com.br\/ebc.png?w=696&#038;ssl=1\" style=\"width:1px; height:1px; display:inline;\"\/><img data-recalc-dims=\"1\" decoding=\"async\" src=\"https:\/\/i0.wp.com\/agenciabrasil.ebc.com.br\/ebc.gif?w=696&#038;ssl=1\" style=\"width:1px; height:1px; display:inline;\"\/><\/p>\n<p>De acordo com o Pal\u00e1cio do Planalto, o presidente franc\u00eas elogiou a posi\u00e7\u00e3o adotada por Brasil, Col\u00f4mbia e M\u00e9xico. Os tr\u00eas pa\u00edses emitiram uma nota conjunta na \u00faltima quinta-feira (1\u00ba) pedindo que o impasse em torno das elei\u00e7\u00f5es da Venezuela <a href=\"https:\/\/agenciabrasil.ebc.com.br\/internacional\/noticia\/2024-08\/brasil-colombia-e-mexico-pedem-solucao-institucional-na-venezuela\" target=\"_blank\" rel=\"noopener\">seja resolvido pela via institucional<\/a>. &#8220;O presidente Lula reiterou seu compromisso com a busca de uma solu\u00e7\u00e3o pac\u00edfica entre as partes e que respeite a soberania do povo venezuelano&#8221;, informou o Planalto, por meio de nota.<\/p>\n<p>Ainda segundo o comunicado, o presidente Lula agradeceu a recep\u00e7\u00e3o de Macron \u00e0 delega\u00e7\u00e3o brasileira e \u00e0 primeira-dama do pa\u00eds, Janja da Silva, no pa\u00eds europeu, onde ocorrem os Jogos Ol\u00edmpicos de 2024. Lula se encontra em Santiago, no Chile, onde cumpre visita de Estado e participa da assinatura de diversos acordos bilaterais.<\/p>\n<p>O Tribunal Supremo de Justi\u00e7a (TSJ) da Venezuela determinou que o Conselho Nacional Eleitoral da Venezuela (CNE) <a href=\"https:\/\/agenciabrasil.ebc.com.br\/internacional\/noticia\/2024-08\/venezuela-atas-eleitorais-devem-ser-entregues-esta-semana\" target=\"_blank\" rel=\"noopener\">apresente, ainda esta semana, as atas eleitorais <\/a>por mesa de vota\u00e7\u00e3o do pleito presidencial.<\/p>\n<\/p><\/div>\n<p><br \/>\n<br \/><a href=\"https:\/\/agenciabrasil.ebc.com.br\/internacional\/noticia\/2024-08\/macron-elogia-posicao-do-brasil-em-relacao-venezuela\" rel=\"noopener\">Ag\u00eancia Brasil <\/a><\/p>\n","protected":false},"excerpt":{"rendered":"<p>O presidente da Fran\u00e7a, Emmanuel Macron, telefonou nesta segunda-feira (5) ao presidente Luiz In\u00e1cio Lula da Silva. Durante a liga\u00e7\u00e3o, Macron elogiou a posi\u00e7\u00e3o do governo brasileiro de est\u00edmulo ao di\u00e1logo entre o presidente Nicol\u00e1s Maduro e a oposi\u00e7\u00e3o venezuelana, ap\u00f3s as elei\u00e7\u00f5es do pa\u00eds sul-americano ocorridas no \u00faltimo dia 28 de julho. De acordo [&hellip;]<\/p>\n","protected":false},"author":1,"featured_media":11707,"comment_status":"open","ping_status":"open","sticky":false,"template":"","format":"standard","meta":{"_jetpack_newsletter_access":"","_jetpack_dont_email_post_to_subs":false,"_jetpack_newsletter_tier_id":0,"_jetpack_memberships_contains_paywalled_content":false,"_mbp_banners":[],"_jetpack_feature_clip_id":0,"_jetpack_memberships_contains_paid_content":false,"footnotes":"","jetpack_publicize_message":"","jetpack_publicize_feature_enabled":true,"jetpack_social_post_already_shared":true,"jetpack_social_options":{"image_generator_settings":{"template":"highway","default_image_id":0,"font":"","enabled":false},"version":2},"jetpack_post_was_ever_published":false},"categories":[25],"tags":[],"class_list":["post-11706","post","type-post","status-publish","format-standard","has-post-thumbnail","category-internacional"],"jetpack_publicize_connections":[],"jetpack-related-posts":[],"jetpack_shortlink":"https:\/\/wp.me\/p7Eq1F-32O","jetpack_sharing_enabled":true,"jetpack_featured_media_url":"https:\/\/i0.wp.com\/guialimeira.com.br\/news\/wp-content\/uploads\/2024\/08\/pzzb3825.jpg?fit=1600%2C800&ssl=1","_links":{"self":[{"href":"https:\/\/guialimeira.com.br\/news\/wp-json\/wp\/v2\/posts\/11706","targetHints":{"allow":["GET"]}}],"collection":[{"href":"https:\/\/guialimeira.com.br\/news\/wp-json\/wp\/v2\/posts"}],"about":[{"href":"https:\/\/guialimeira.com.br\/news\/wp-json\/wp\/v2\/types\/post"}],"author":[{"embeddable":true,"href":"https:\/\/guialimeira.com.br\/news\/wp-json\/wp\/v2\/users\/1"}],"replies":[{"embeddable":true,"href":"https:\/\/guialimeira.com.br\/news\/wp-json\/wp\/v2\/comments?post=11706"}],"version-history":[{"count":0,"href":"https:\/\/guialimeira.com.br\/news\/wp-json\/wp\/v2\/posts\/11706\/revisions"}],"wp:featuredmedia":[{"embeddable":true,"href":"https:\/\/guialimeira.com.br\/news\/wp-json\/wp\/v2\/media\/11707"}],"wp:attachment":[{"href":"https:\/\/guialimeira.com.br\/news\/wp-json\/wp\/v2\/media?parent=11706"}],"wp:term":[{"taxonomy":"category","embeddable":true,"href":"https:\/\/guialimeira.com.br\/news\/wp-json\/wp\/v2\/categories?post=11706"},{"taxonomy":"post_tag","embeddable":true,"href":"https:\/\/guialimeira.com.br\/news\/wp-json\/wp\/v2\/tags?post=11706"}],"curies":[{"name":"wp","href":"https:\/\/api.w.org\/{rel}","templated":true}]}}