{"id":11697,"date":"2024-08-05T17:41:57","date_gmt":"2024-08-05T20:41:57","guid":{"rendered":"https:\/\/guialimeira.com.br\/2024\/08\/05\/volei-de-praia-duda-e-ana-patricia-garantem-vaga-nas-quartas-em-paris\/"},"modified":"2024-08-05T17:41:57","modified_gmt":"2024-08-05T20:41:57","slug":"volei-de-praia-duda-e-ana-patricia-garantem-vaga-nas-quartas-em-paris","status":"publish","type":"post","link":"https:\/\/guialimeira.com.br\/news\/volei-de-praia-duda-e-ana-patricia-garantem-vaga-nas-quartas-em-paris\/","title":{"rendered":"V\u00f4lei de praia: Duda e Ana Patr\u00edcia garantem vaga nas quartas em Paris"},"content":{"rendered":"<p> <br \/>\n<\/p>\n<div>\n<p>As brasileiras Duda e Ana Patr\u00edcia avan\u00e7aram para as quartas de final do torneio de v\u00f4lei de praia dos Jogos Ol\u00edmpicos ap\u00f3s derrotarem as japonesas Akiko Hasegawa e Miki Ishii por 2 sets a 0 (parciais de 21\/15 e 21\/16), nesta segunda-feira (5) na arena Torre Eiffel.<img data-recalc-dims=\"1\" decoding=\"async\" src=\"https:\/\/i0.wp.com\/agenciabrasil.ebc.com.br\/ebc.png?w=696&#038;ssl=1\" style=\"width:1px; height:1px; display:inline;\"\/><img data-recalc-dims=\"1\" decoding=\"async\" src=\"https:\/\/i0.wp.com\/agenciabrasil.ebc.com.br\/ebc.gif?w=696&#038;ssl=1\" style=\"width:1px; height:1px; display:inline;\"\/><\/p>\n<blockquote class=\"twitter-tweet\">\n<p dir=\"ltr\" lang=\"pt\" xml:lang=\"pt\">ANA PATR\u00cdCIA E DUDA AMASSAM JAPONESAS \ud83d\udd25\ud83c\udde7\ud83c\uddf7<\/p>\n<p>Nossa dupla avan\u00e7a para as quartas de final com autoridade e despacham a dupla do Jap\u00e3o por 2-0 (21-15 e 21-16)!<\/p>\n<p>VOC\u00caS S\u00c3O FFFFF&#8230; eras, MENINAS! \ud83d\udc9a\ud83d\udc9b<a href=\"https:\/\/twitter.com\/hashtag\/JogosOl%C3%ADmpicos?src=hash&amp;ref_src=twsrc%5Etfw\" rel=\"noopener\">#JogosOl\u00edmpicos<\/a> <a href=\"https:\/\/twitter.com\/hashtag\/TimeBrasil?src=hash&amp;ref_src=twsrc%5Etfw\" rel=\"noopener\">#TimeBrasil<\/a> <a href=\"https:\/\/twitter.com\/hashtag\/Paris2024?src=hash&amp;ref_src=twsrc%5Etfw\" rel=\"noopener\">#Paris2024<\/a> <a href=\"https:\/\/t.co\/MXEhNyVFd7\">pic.twitter.com\/MXEhNyVFd7<\/a><\/p>\n<p>\u2014 Time Brasil (@timebrasil) <a href=\"https:\/\/twitter.com\/timebrasil\/status\/1820546478621823185?ref_src=twsrc%5Etfw\" rel=\"noopener\">August 5, 2024<\/a><\/p><\/blockquote>\n<p>Na pr\u00f3xima etapa da competi\u00e7\u00e3o, as atuais l\u00edderes do ranking mundial da modalidade ter\u00e3o o desafio de medir for\u00e7as, na pr\u00f3xima quarta-feira (7), com as let\u00e3s Tina Graudina e Anastasija Samoilova, dupla que ocupa a 7\u00aa coloca\u00e7\u00e3o do ranking mundial.<\/p>\n<h2>Evandro e Arthur<\/h2>\n<p>O Brasil tamb\u00e9m continua vivo na disputa por uma medalha no v\u00f4lei de praia no torneio masculino, no qual Evandro e Arthur Lanci derrotaram os holandeses Matthew Immers e Steven Van de Velde por 2 sets a 0 (parciais de 21\/16 e 21\/16) no \u00faltimo domingo (4) para seguirem para as quartas de final, etapa na qual ter\u00e3o um grande desafio, os suecos David \u00c5hman e Jonatan Hellvig, que ocupam a lideran\u00e7a do ranking mundial da modalidade.<\/p>\n<\/p><\/div>\n<p><script async src=\"\/\/platform.twitter.com\/widgets.js\" charset=\"utf-8\"><\/script><br \/>\n<br \/><br \/>\n<br \/><a href=\"https:\/\/agenciabrasil.ebc.com.br\/esportes\/noticia\/2024-08\/volei-de-praia-duda-e-ana-patricia-garantem-vaga-nas-quartas-em-paris\" rel=\"noopener\">Ag\u00eancia Brasil<\/a><\/p>\n","protected":false},"excerpt":{"rendered":"<p>As brasileiras Duda e Ana Patr\u00edcia avan\u00e7aram para as quartas de final do torneio de v\u00f4lei de praia dos Jogos Ol\u00edmpicos ap\u00f3s derrotarem as japonesas Akiko Hasegawa e Miki Ishii por 2 sets a 0 (parciais de 21\/15 e 21\/16), nesta segunda-feira (5) na arena Torre Eiffel. ANA PATR\u00cdCIA E DUDA AMASSAM JAPONESAS \ud83d\udd25\ud83c\udde7\ud83c\uddf7 Nossa [&hellip;]<\/p>\n","protected":false},"author":1,"featured_media":11698,"comment_status":"open","ping_status":"open","sticky":false,"template":"","format":"standard","meta":{"_jetpack_newsletter_access":"","_jetpack_dont_email_post_to_subs":false,"_jetpack_newsletter_tier_id":0,"_jetpack_memberships_contains_paywalled_content":false,"_mbp_banners":[],"_jetpack_feature_clip_id":0,"_jetpack_memberships_contains_paid_content":false,"footnotes":"","jetpack_publicize_message":"","jetpack_publicize_feature_enabled":true,"jetpack_social_post_already_shared":true,"jetpack_social_options":{"image_generator_settings":{"template":"highway","default_image_id":0,"font":"","enabled":false},"version":2},"jetpack_post_was_ever_published":false},"categories":[23],"tags":[],"class_list":["post-11697","post","type-post","status-publish","format-standard","has-post-thumbnail","category-esportes"],"jetpack_publicize_connections":[],"jetpack-related-posts":[],"jetpack_shortlink":"https:\/\/wp.me\/p7Eq1F-32F","jetpack_sharing_enabled":true,"jetpack_featured_media_url":"https:\/\/i0.wp.com\/guialimeira.com.br\/news\/wp-content\/uploads\/2024\/08\/whatsapp_image_2024-08-05_at_16.35.03.jpeg?fit=1600%2C800&ssl=1","_links":{"self":[{"href":"https:\/\/guialimeira.com.br\/news\/wp-json\/wp\/v2\/posts\/11697","targetHints":{"allow":["GET"]}}],"collection":[{"href":"https:\/\/guialimeira.com.br\/news\/wp-json\/wp\/v2\/posts"}],"about":[{"href":"https:\/\/guialimeira.com.br\/news\/wp-json\/wp\/v2\/types\/post"}],"author":[{"embeddable":true,"href":"https:\/\/guialimeira.com.br\/news\/wp-json\/wp\/v2\/users\/1"}],"replies":[{"embeddable":true,"href":"https:\/\/guialimeira.com.br\/news\/wp-json\/wp\/v2\/comments?post=11697"}],"version-history":[{"count":0,"href":"https:\/\/guialimeira.com.br\/news\/wp-json\/wp\/v2\/posts\/11697\/revisions"}],"wp:featuredmedia":[{"embeddable":true,"href":"https:\/\/guialimeira.com.br\/news\/wp-json\/wp\/v2\/media\/11698"}],"wp:attachment":[{"href":"https:\/\/guialimeira.com.br\/news\/wp-json\/wp\/v2\/media?parent=11697"}],"wp:term":[{"taxonomy":"category","embeddable":true,"href":"https:\/\/guialimeira.com.br\/news\/wp-json\/wp\/v2\/categories?post=11697"},{"taxonomy":"post_tag","embeddable":true,"href":"https:\/\/guialimeira.com.br\/news\/wp-json\/wp\/v2\/tags?post=11697"}],"curies":[{"name":"wp","href":"https:\/\/api.w.org\/{rel}","templated":true}]}}