{"id":1167,"date":"2024-04-08T09:22:51","date_gmt":"2024-04-08T12:22:51","guid":{"rendered":"https:\/\/guialimeira.com.br\/2024\/04\/08\/forcas-armadas-combatem-garimpo-na-terra-indigena-yanomami\/"},"modified":"2024-04-08T09:22:51","modified_gmt":"2024-04-08T12:22:51","slug":"forcas-armadas-combatem-garimpo-na-terra-indigena-yanomami","status":"publish","type":"post","link":"https:\/\/guialimeira.com.br\/news\/forcas-armadas-combatem-garimpo-na-terra-indigena-yanomami\/","title":{"rendered":"For\u00e7as Armadas combatem garimpo na Terra Ind\u00edgena Yanomami"},"content":{"rendered":"<p> <br \/>\n<\/p>\n<div>\n<p>O Minist\u00e9rio da Defesa regulou a atua\u00e7\u00e3o das For\u00e7as Armadas na Terra Ind\u00edgena Yanomami (TIY) para a segunda etapa da Opera\u00e7\u00e3o Catrimani, que se estender\u00e1 de abril at\u00e9 31 de dezembro deste ano.<img data-recalc-dims=\"1\" decoding=\"async\" src=\"https:\/\/i0.wp.com\/agenciabrasil.ebc.com.br\/ebc.png?w=696&#038;ssl=1\" style=\"width:1px; height:1px; display:inline;\"\/><img data-recalc-dims=\"1\" decoding=\"async\" src=\"https:\/\/i0.wp.com\/agenciabrasil.ebc.com.br\/ebc.gif?w=696&#038;ssl=1\" style=\"width:1px; height:1px; display:inline;\"\/><\/p>\n<p>De acordo com a diretriz publicada no<a href=\"http:\/\/in.gov.br\/web\/dou\/-\/portaria-gm-md-n-1.511-de-26-de-marco-de-2024-552511300\" target=\"_blank\" rel=\"noopener\"> <em>Di\u00e1rio Oficial da Uni\u00e3o<\/em><\/a><em> <\/em>desta segunda-feira (8), os militares atuar\u00e3o no combate ao garimpo ilegal.<\/p>\n<p>Essa \u00e9 a segunda vez que o Comando Conjunto Catrimani \u00e9 ativado para atuar em apoio aos Yanomami. Na primeira etapa da opera\u00e7\u00e3o, uma a\u00e7\u00e3o de car\u00e1ter humanit\u00e1rio e emergencial reuniu esfor\u00e7os para transporte e a distribui\u00e7\u00e3o de cestas de alimentos. De acordo com o Minist\u00e9rio da Defesa, desde janeiro de 2023 foram entregues 36,6 mil cestas de alimentos, al\u00e9m de terem sido realizados 3.029 atendimentos m\u00e9dicos e 205 evacua\u00e7\u00f5es aerom\u00e9dicas.<\/p>\n<p>O minist\u00e9rio coordenar\u00e1 a atua\u00e7\u00e3o dos militares de forma a contribuir com as a\u00e7\u00f5es governamentais na Terra Ind\u00edgena Yanomami. Desta vez, as For\u00e7as Armadas concentrar\u00e3o esfor\u00e7os para interromper o fluxo log\u00edstico das atividades de apoio e inutilizar a infraestrutura de suporte ao garimpo ilegal na Terra Ind\u00edgena Yanomami. Para isso, ser\u00e1 estabelecido um posto de comando na cidade de Boa Vista, em Roraima.<\/p>\n<h2>Impacto<\/h2>\n<p>A reserva dos Yanomami \u00e9 a maior do pa\u00eds e ocupa uma \u00e1rea de mais de nove milh\u00f5es de hectares nos estados de Roraima e Amazonas, onde vivem mais de 27,1 mil ind\u00edgenas (Censo de 2022), distribu\u00eddos em nove aldeias.<\/p>\n<p>Al\u00e9m de afetar a subsist\u00eancia dessa popula\u00e7\u00e3o por meio da redu\u00e7\u00e3o de oferta de recursos naturais, o garimpo ilegal tem causado s\u00e9rios problemas de sa\u00fade aos ind\u00edgenas, em decorr\u00eancia da contamina\u00e7\u00e3o por merc\u00fario (https:\/\/agenciabrasil.ebc.com.br\/saude\/noticia\/2024-04\/exames-revelam-presenca-de-mercurio-em-amostras-de-cabelo-de-yanomamis).<\/p>\n<p>A situa\u00e7\u00e3o causada pela atividade criminosa levou o governo federal a decretar emerg\u00eancia em sa\u00fade p\u00fablica em janeiro de 2023 e iniciar uma for\u00e7a-tarefa para desintrus\u00e3o do territ\u00f3rio Yanomami. <a href=\"http:\/\/agenciabrasil.ebc.com.br\/geral\/noticia\/2024-01\/garimpo-desacelera-mas-segue-inviabilizando-saude-do-povo-yanomami\" target=\"_blank\" rel=\"noopener\">Apesar do garimpo ilegal ter desacelerado na regi\u00e3o<\/a>, a persist\u00eancia da atividade criminosa ainda causa impacto na vida dos ind\u00edgenas.<\/p>\n<\/p><\/div>\n<p><br \/>\n<br \/><a href=\"https:\/\/agenciabrasil.ebc.com.br\/geral\/noticia\/2024-04\/forcas-armadas-combatem-garimpo-na-terra-indigena-yanomami\" rel=\"noopener\">Ag\u00eancia Brasil<\/a><\/p>\n","protected":false},"excerpt":{"rendered":"<p>O Minist\u00e9rio da Defesa regulou a atua\u00e7\u00e3o das For\u00e7as Armadas na Terra Ind\u00edgena Yanomami (TIY) para a segunda etapa da Opera\u00e7\u00e3o Catrimani, que se estender\u00e1 de abril at\u00e9 31 de dezembro deste ano. De acordo com a diretriz publicada no Di\u00e1rio Oficial da Uni\u00e3o desta segunda-feira (8), os militares atuar\u00e3o no combate ao garimpo ilegal. [&hellip;]<\/p>\n","protected":false},"author":1,"featured_media":1168,"comment_status":"open","ping_status":"open","sticky":false,"template":"","format":"standard","meta":{"_jetpack_newsletter_access":"","_jetpack_dont_email_post_to_subs":false,"_jetpack_newsletter_tier_id":0,"_jetpack_memberships_contains_paywalled_content":false,"_mbp_banners":[],"_jetpack_feature_clip_id":0,"_jetpack_memberships_contains_paid_content":false,"footnotes":"","jetpack_publicize_message":"","jetpack_publicize_feature_enabled":true,"jetpack_social_post_already_shared":true,"jetpack_social_options":{"image_generator_settings":{"template":"highway","default_image_id":0,"font":"","enabled":false},"version":2},"jetpack_post_was_ever_published":false},"categories":[1],"tags":[],"class_list":["post-1167","post","type-post","status-publish","format-standard","has-post-thumbnail","category-geral"],"jetpack_publicize_connections":[],"jetpack-related-posts":[],"jetpack_shortlink":"https:\/\/wp.me\/p7Eq1F-iP","jetpack_sharing_enabled":true,"jetpack_featured_media_url":"https:\/\/i0.wp.com\/guialimeira.com.br\/news\/wp-content\/uploads\/2024\/04\/frazao_1_0.jpg?fit=1600%2C800&ssl=1","_links":{"self":[{"href":"https:\/\/guialimeira.com.br\/news\/wp-json\/wp\/v2\/posts\/1167","targetHints":{"allow":["GET"]}}],"collection":[{"href":"https:\/\/guialimeira.com.br\/news\/wp-json\/wp\/v2\/posts"}],"about":[{"href":"https:\/\/guialimeira.com.br\/news\/wp-json\/wp\/v2\/types\/post"}],"author":[{"embeddable":true,"href":"https:\/\/guialimeira.com.br\/news\/wp-json\/wp\/v2\/users\/1"}],"replies":[{"embeddable":true,"href":"https:\/\/guialimeira.com.br\/news\/wp-json\/wp\/v2\/comments?post=1167"}],"version-history":[{"count":0,"href":"https:\/\/guialimeira.com.br\/news\/wp-json\/wp\/v2\/posts\/1167\/revisions"}],"wp:featuredmedia":[{"embeddable":true,"href":"https:\/\/guialimeira.com.br\/news\/wp-json\/wp\/v2\/media\/1168"}],"wp:attachment":[{"href":"https:\/\/guialimeira.com.br\/news\/wp-json\/wp\/v2\/media?parent=1167"}],"wp:term":[{"taxonomy":"category","embeddable":true,"href":"https:\/\/guialimeira.com.br\/news\/wp-json\/wp\/v2\/categories?post=1167"},{"taxonomy":"post_tag","embeddable":true,"href":"https:\/\/guialimeira.com.br\/news\/wp-json\/wp\/v2\/tags?post=1167"}],"curies":[{"name":"wp","href":"https:\/\/api.w.org\/{rel}","templated":true}]}}