{"id":11667,"date":"2024-08-05T13:23:03","date_gmt":"2024-08-05T16:23:03","guid":{"rendered":"https:\/\/guialimeira.com.br\/2024\/08\/05\/brasil-vai-operar-embaixada-do-peru-na-venezuela\/"},"modified":"2024-08-05T13:23:03","modified_gmt":"2024-08-05T16:23:03","slug":"brasil-vai-operar-embaixada-do-peru-na-venezuela","status":"publish","type":"post","link":"https:\/\/guialimeira.com.br\/news\/brasil-vai-operar-embaixada-do-peru-na-venezuela\/","title":{"rendered":"Brasil vai operar Embaixada do Peru na Venezuela"},"content":{"rendered":"<p> <br \/>\n<\/p>\n<div>\n<p>Os governos do Brasil e da Venezuela firmaram um acordo para que os diplomatas brasileiros fiquem respons\u00e1veis por operar as embaixadas do Peru e da Argentina em Caracas. A decis\u00e3o ocorre ap\u00f3s a diplomacia desses pa\u00edses terem sido expulsas da Venezuela por desconhecerem a vit\u00f3ria do presidente Nicol\u00e1s Maduro na elei\u00e7\u00e3o de\u00a028 de julho.<img data-recalc-dims=\"1\" decoding=\"async\" src=\"https:\/\/i0.wp.com\/agenciabrasil.ebc.com.br\/ebc.png?w=696&#038;ssl=1\" style=\"width:1px; height:1px; display:inline;\"\/><img data-recalc-dims=\"1\" decoding=\"async\" src=\"https:\/\/i0.wp.com\/agenciabrasil.ebc.com.br\/ebc.gif?w=696&#038;ssl=1\" style=\"width:1px; height:1px; display:inline;\"\/><\/p>\n<p>Em notas publicadas pelo Itamaraty e pelo Minist\u00e9rio das Rela\u00e7\u00f5es Exteriores da Venezuela nesta segunda-feira (5), foi informado que \u201ca cust\u00f3dia dos locais das Miss\u00f5es Diplom\u00e1ticas da Rep\u00fablica Argentina e da Rep\u00fablica do Peru, incluindo seus bens e arquivos, bem como a representa\u00e7\u00e3o de seus interesses e de seus nacionais em territ\u00f3rio venezuelano, sejam representadas, a partir de 5 de agosto de 2024, pela Embaixada da Rep\u00fablica Federativa do Brasil em Caracas\u201d.<\/p>\n<p>Na \u00faltima semana, foi informado que o <a href=\"https:\/\/agenciabrasil.ebc.com.br\/internacional\/noticia\/2024-08\/brasil-assume-temporariamente-embaixada-da-argentina-em-caracas\" target=\"_blank\" rel=\"noopener\">Brasil ficaria com a administra\u00e7\u00e3o da embaixada da Argentina<\/a>, o que levou o presidente Javier Milei a agradecer publicamente o apoio do Brasil. Agora, a novidade \u00e9 que o Brasil vai ficar tamb\u00e9m com a Embaixada do Peru.<\/p>\n<p>Em nota, o governo peruano tamb\u00e9m agradeceu nesta segunda-feira (5) ao governo brasileiro \u201cpor este apoio inestim\u00e1vel, que reflete o excelente estado de nossas rela\u00e7\u00f5es bilaterais, que se baseiam em la\u00e7os hist\u00f3ricos e s\u00f3lidos de amizade, coopera\u00e7\u00e3o e integra\u00e7\u00e3o\u201d.<\/p>\n<p>Os chefes de estado da Argentina e Peru, al\u00e9m de n\u00e3o reconheceram a vit\u00f3ria de Maduro, afirmaram que o vencedor foi o opositor Edmundo Gonz\u00e1lez, ainda que n\u00e3o tenha sido feita a auditoria dos resultados. Milei chegou a pedir que as For\u00e7as Armadas da Venezuela deponham Maduro \u00e0 for\u00e7a.<\/p>\n<p>O<a href=\"https:\/\/agenciabrasil.ebc.com.br\/internacional\/noticia\/2024-07\/venezuela-expulsa-diplomatas-de-paises-que-contestam-eleicao\" target=\"_blank\" rel=\"noopener\"> governo de Nicol\u00e1s Maduro tem expulsado<\/a> representa\u00e7\u00f5es diplom\u00e1ticas que est\u00e3o contestando o resultado da elei\u00e7\u00e3o presidencial, o que incluiu tamb\u00e9m Chile, Costa Rica, Panam\u00e1, Rep\u00fablica Dominicana e Uruguai.<br \/>\u00a0<\/p>\n<\/p><\/div>\n<p><br \/>\n<br \/><a href=\"https:\/\/agenciabrasil.ebc.com.br\/internacional\/noticia\/2024-08\/brasil-vai-operar-embaixada-do-peru-na-venezuela\" rel=\"noopener\">Ag\u00eancia Brasil <\/a><\/p>\n","protected":false},"excerpt":{"rendered":"<p>Os governos do Brasil e da Venezuela firmaram um acordo para que os diplomatas brasileiros fiquem respons\u00e1veis por operar as embaixadas do Peru e da Argentina em Caracas. A decis\u00e3o ocorre ap\u00f3s a diplomacia desses pa\u00edses terem sido expulsas da Venezuela por desconhecerem a vit\u00f3ria do presidente Nicol\u00e1s Maduro na elei\u00e7\u00e3o de\u00a028 de julho. Em [&hellip;]<\/p>\n","protected":false},"author":1,"featured_media":269,"comment_status":"open","ping_status":"open","sticky":false,"template":"","format":"standard","meta":{"_jetpack_newsletter_access":"","_jetpack_dont_email_post_to_subs":false,"_jetpack_newsletter_tier_id":0,"_jetpack_memberships_contains_paywalled_content":false,"_mbp_banners":[],"_jetpack_feature_clip_id":0,"_jetpack_memberships_contains_paid_content":false,"footnotes":"","jetpack_publicize_message":"","jetpack_publicize_feature_enabled":true,"jetpack_social_post_already_shared":true,"jetpack_social_options":{"image_generator_settings":{"template":"highway","default_image_id":0,"font":"","enabled":false},"version":2},"jetpack_post_was_ever_published":false},"categories":[25],"tags":[],"class_list":["post-11667","post","type-post","status-publish","format-standard","has-post-thumbnail","category-internacional"],"jetpack_publicize_connections":[],"jetpack-related-posts":[],"jetpack_shortlink":"https:\/\/wp.me\/p7Eq1F-32b","jetpack_sharing_enabled":true,"jetpack_featured_media_url":"https:\/\/i0.wp.com\/guialimeira.com.br\/news\/wp-content\/uploads\/2024\/03\/thumb_1200x600_agbrasil.png?fit=1200%2C600&ssl=1","_links":{"self":[{"href":"https:\/\/guialimeira.com.br\/news\/wp-json\/wp\/v2\/posts\/11667","targetHints":{"allow":["GET"]}}],"collection":[{"href":"https:\/\/guialimeira.com.br\/news\/wp-json\/wp\/v2\/posts"}],"about":[{"href":"https:\/\/guialimeira.com.br\/news\/wp-json\/wp\/v2\/types\/post"}],"author":[{"embeddable":true,"href":"https:\/\/guialimeira.com.br\/news\/wp-json\/wp\/v2\/users\/1"}],"replies":[{"embeddable":true,"href":"https:\/\/guialimeira.com.br\/news\/wp-json\/wp\/v2\/comments?post=11667"}],"version-history":[{"count":0,"href":"https:\/\/guialimeira.com.br\/news\/wp-json\/wp\/v2\/posts\/11667\/revisions"}],"wp:featuredmedia":[{"embeddable":true,"href":"https:\/\/guialimeira.com.br\/news\/wp-json\/wp\/v2\/media\/269"}],"wp:attachment":[{"href":"https:\/\/guialimeira.com.br\/news\/wp-json\/wp\/v2\/media?parent=11667"}],"wp:term":[{"taxonomy":"category","embeddable":true,"href":"https:\/\/guialimeira.com.br\/news\/wp-json\/wp\/v2\/categories?post=11667"},{"taxonomy":"post_tag","embeddable":true,"href":"https:\/\/guialimeira.com.br\/news\/wp-json\/wp\/v2\/tags?post=11667"}],"curies":[{"name":"wp","href":"https:\/\/api.w.org\/{rel}","templated":true}]}}