{"id":11662,"date":"2024-08-05T12:36:57","date_gmt":"2024-08-05T15:36:57","guid":{"rendered":"https:\/\/guialimeira.com.br\/2024\/08\/05\/rebeca-e-ouro-no-solo-e-vira-maior-medalhista-olimpica-do-brasil\/"},"modified":"2024-08-05T12:36:57","modified_gmt":"2024-08-05T15:36:57","slug":"rebeca-e-ouro-no-solo-e-vira-maior-medalhista-olimpica-do-brasil","status":"publish","type":"post","link":"https:\/\/guialimeira.com.br\/news\/rebeca-e-ouro-no-solo-e-vira-maior-medalhista-olimpica-do-brasil\/","title":{"rendered":"Rebeca \u00e9 ouro no solo e vira maior medalhista ol\u00edmpica do Brasil"},"content":{"rendered":"<p> <br \/>\n<\/p>\n<div>\n<p>A despedida de Rebeca Andrade da Olimp\u00edada de Paris n\u00e3o poderia ser melhor. Nesta segunda-feira (5), a paulista conquistou a medalha de ouro na prova de solo, alcan\u00e7ando seu quarto p\u00f3dio na capital francesa. Foi a sexta medalha ol\u00edmpica dela, que se isolou como atleta brasileira mais laureada na hist\u00f3ria do evento, superando os velejadores Robert Scheidt e Torben Grael, com quem a ginasta estava empatada.<img data-recalc-dims=\"1\" decoding=\"async\" src=\"https:\/\/i0.wp.com\/agenciabrasil.ebc.com.br\/ebc.png?w=696&#038;ssl=1\" style=\"width:1px; height:1px; display:inline;\"\/><img data-recalc-dims=\"1\" decoding=\"async\" src=\"https:\/\/i0.wp.com\/agenciabrasil.ebc.com.br\/ebc.gif?w=696&#038;ssl=1\" style=\"width:1px; height:1px; display:inline;\"\/><\/p>\n<blockquote class=\"twitter-tweet\">\n<p dir=\"ltr\" lang=\"pt\" xml:lang=\"pt\">OURO PARA REBECA ANDRADE \ud83c\udde7\ud83c\uddf7<\/p>\n<p>A rainha do brasil se torna a primeira mulher brasileira a ganhar o ouro Ol\u00edmpico no solo \ud83e\udd47<\/p>\n<p>Muito bem\ud83d\udc51<br \/>&#8211;<br \/>L&#8217;OR POUR REBECA ANDRADE \ud83c\udde7\ud83c\uddf7<\/p>\n<p>La reine du Br\u00e9sil devient la premi\u00e8re br\u00e9silienne \u00e0 remporter l&#8217;or Olympique au sol \ud83e\udd47<\/p>\n<p>Bravo\ud83d\udc51<a href=\"https:\/\/twitter.com\/hashtag\/Paris2024?src=hash&amp;ref_src=twsrc%5Etfw\" rel=\"noopener\">#Paris2024<\/a>\u2026 <a href=\"https:\/\/t.co\/lva8FLQgUx\">pic.twitter.com\/lva8FLQgUx<\/a><\/p>\n<p>\u2014 Paris 2024 (@Paris2024) <a href=\"https:\/\/twitter.com\/Paris2024\/status\/1820462152215326776?ref_src=twsrc%5Etfw\" rel=\"noopener\">August 5, 2024<\/a><\/p><\/blockquote>\n<p>Rebeca obteve 14.166 de nota em sua exibi\u00e7\u00e3o, superando a favorita Simone Biles. A estadunidense &#8211; que, mais cedo, ficou fora do p\u00f3dio da trave, assim como a brasileira &#8211; alcan\u00e7ou 14.133, sofrendo duas penalidades por pisar fora do tablado de competi\u00e7\u00e3o. Mesmo assim, conseguiu a medalha de prata. O p\u00f3dio foi completado por Jordan Chiles, tamb\u00e9m dos Estados Unidos, com 13.766.<\/p>\n<p>A brasileira foi a segunda a se apresentar, ao som de uma combina\u00e7\u00e3o das m\u00fasicas &#8220;End of Time&#8221;, de Beyonce, e &#8220;Movimento da Sanfoninha&#8221;, de Anitta. Ela recebeu 8.266 pela execu\u00e7\u00e3o da s\u00e9rie e mais 5.900 da nota de dificuldade das acrobacias. A comiss\u00e3o t\u00e9cnica pediu revis\u00e3o desta \u00faltima nota, sem sucesso. A pontua\u00e7\u00e3o total (14.166) de Rebeca foi melhor que as do individual geral (14.033) e da classificat\u00f3ria (13.900), mas inferior ao que atingiu na disputa por equipes (14.200).<\/p>\n<blockquote class=\"twitter-tweet\">\n<p dir=\"ltr\" lang=\"eu\" xml:lang=\"eu\">AURA. \ud83e\udd47\ud83c\udde7\ud83c\uddf7 <a href=\"https:\/\/t.co\/xrMFyugxXA\">pic.twitter.com\/xrMFyugxXA<\/a><\/p>\n<p>\u2014 Time Brasil (@timebrasil) <a href=\"https:\/\/twitter.com\/timebrasil\/status\/1820459967847027015?ref_src=twsrc%5Etfw\" rel=\"noopener\">August 5, 2024<\/a><\/p><\/blockquote>\n<p>As aten\u00e7\u00f5es, ent\u00e3o, voltaram-se para Biles. Ela realizou a s\u00e9rie mais complexa da final, com 6.900 de nota de dificuldade. No entanto, em duas acrobacias, pisou com os dois p\u00e9s fora do tablado, o que diminuiu a nota de execu\u00e7\u00e3o (7.833) e causou uma penalidade de 0.6. Rebeca ainda teve de aguardar as apresenta\u00e7\u00f5es da romena Sabrina Maneca-Voinea e de Jordan Chiles para comemorar, emocionada, a vit\u00f3ria no solo.<\/p>\n<\/p><\/div>\n<p><script async src=\"\/\/platform.twitter.com\/widgets.js\" charset=\"utf-8\"><\/script><br \/>\n<br \/><br \/>\n<br \/><a href=\"https:\/\/agenciabrasil.ebc.com.br\/esportes\/noticia\/2024-08\/rebeca-e-ouro-no-solo-e-vira-maior-medalhista-olimpica-do-brasil\" rel=\"noopener\">Ag\u00eancia Brasil<\/a><\/p>\n","protected":false},"excerpt":{"rendered":"<p>A despedida de Rebeca Andrade da Olimp\u00edada de Paris n\u00e3o poderia ser melhor. Nesta segunda-feira (5), a paulista conquistou a medalha de ouro na prova de solo, alcan\u00e7ando seu quarto p\u00f3dio na capital francesa. Foi a sexta medalha ol\u00edmpica dela, que se isolou como atleta brasileira mais laureada na hist\u00f3ria do evento, superando os velejadores [&hellip;]<\/p>\n","protected":false},"author":1,"featured_media":11663,"comment_status":"open","ping_status":"open","sticky":false,"template":"","format":"standard","meta":{"_jetpack_newsletter_access":"","_jetpack_dont_email_post_to_subs":false,"_jetpack_newsletter_tier_id":0,"_jetpack_memberships_contains_paywalled_content":false,"_mbp_banners":[],"_jetpack_feature_clip_id":0,"_jetpack_memberships_contains_paid_content":false,"footnotes":"","jetpack_publicize_message":"","jetpack_publicize_feature_enabled":true,"jetpack_social_post_already_shared":true,"jetpack_social_options":{"image_generator_settings":{"template":"highway","default_image_id":0,"font":"","enabled":false},"version":2},"jetpack_post_was_ever_published":false},"categories":[23],"tags":[],"class_list":["post-11662","post","type-post","status-publish","format-standard","has-post-thumbnail","category-esportes"],"jetpack_publicize_connections":[],"jetpack-related-posts":[],"jetpack_shortlink":"https:\/\/wp.me\/p7Eq1F-326","jetpack_sharing_enabled":true,"jetpack_featured_media_url":"https:\/\/i0.wp.com\/guialimeira.com.br\/news\/wp-content\/uploads\/2024\/08\/rebeca_entre_eua_no_podio_paris_2024.jpg?fit=1600%2C800&ssl=1","_links":{"self":[{"href":"https:\/\/guialimeira.com.br\/news\/wp-json\/wp\/v2\/posts\/11662","targetHints":{"allow":["GET"]}}],"collection":[{"href":"https:\/\/guialimeira.com.br\/news\/wp-json\/wp\/v2\/posts"}],"about":[{"href":"https:\/\/guialimeira.com.br\/news\/wp-json\/wp\/v2\/types\/post"}],"author":[{"embeddable":true,"href":"https:\/\/guialimeira.com.br\/news\/wp-json\/wp\/v2\/users\/1"}],"replies":[{"embeddable":true,"href":"https:\/\/guialimeira.com.br\/news\/wp-json\/wp\/v2\/comments?post=11662"}],"version-history":[{"count":0,"href":"https:\/\/guialimeira.com.br\/news\/wp-json\/wp\/v2\/posts\/11662\/revisions"}],"wp:featuredmedia":[{"embeddable":true,"href":"https:\/\/guialimeira.com.br\/news\/wp-json\/wp\/v2\/media\/11663"}],"wp:attachment":[{"href":"https:\/\/guialimeira.com.br\/news\/wp-json\/wp\/v2\/media?parent=11662"}],"wp:term":[{"taxonomy":"category","embeddable":true,"href":"https:\/\/guialimeira.com.br\/news\/wp-json\/wp\/v2\/categories?post=11662"},{"taxonomy":"post_tag","embeddable":true,"href":"https:\/\/guialimeira.com.br\/news\/wp-json\/wp\/v2\/tags?post=11662"}],"curies":[{"name":"wp","href":"https:\/\/api.w.org\/{rel}","templated":true}]}}