{"id":11661,"date":"2024-08-05T12:21:57","date_gmt":"2024-08-05T15:21:57","guid":{"rendered":"https:\/\/guialimeira.com.br\/2024\/08\/05\/encontro-do-g20-discute-prioridades-para-politicas-culturais\/"},"modified":"2024-08-05T12:21:57","modified_gmt":"2024-08-05T15:21:57","slug":"encontro-do-g20-discute-prioridades-para-politicas-culturais","status":"publish","type":"post","link":"https:\/\/guialimeira.com.br\/news\/encontro-do-g20-discute-prioridades-para-politicas-culturais\/","title":{"rendered":"Encontro do G20 discute prioridades para pol\u00edticas culturais"},"content":{"rendered":"<p> <br \/>\n<\/p>\n<div>\n<p>Representantes do setor cultural de cerca de 30 governos e institui\u00e7\u00f5es internacionais come\u00e7am nesta segunda-feira (5) a discutir a minuta da declara\u00e7\u00e3o que ser\u00e1 apresentada pelos ministros da Cultura do G20, em novembro. O encontro, para definir um rascunho do texto, ocorre at\u00e9 esta ter\u00e7a-feira (6), na Casa Firjan, na cidade do Rio de Janeiro.<img data-recalc-dims=\"1\" decoding=\"async\" src=\"https:\/\/i0.wp.com\/agenciabrasil.ebc.com.br\/ebc.png?w=696&#038;ssl=1\" style=\"width:1px; height:1px; display:inline;\"\/><img data-recalc-dims=\"1\" decoding=\"async\" src=\"https:\/\/i0.wp.com\/agenciabrasil.ebc.com.br\/ebc.gif?w=696&#038;ssl=1\" style=\"width:1px; height:1px; display:inline;\"\/><\/p>\n<p>\u00c9 a terceira vez que o grupo de trabalho de Cultura do G20 se re\u00fane. Ainda est\u00e1 prevista uma quarta reuni\u00e3o dias antes do encontro de ministros, marcado para 8 de novembro, em Salvador.<\/p>\n<p>O GT \u00e9 uma plataforma de di\u00e1logo e coopera\u00e7\u00e3o entre as na\u00e7\u00f5es integrantes do G20, com o objetivo de estabelecer prioridades e a\u00e7\u00f5es para o setor cultural. O grupo trabalha em torno de quatro eixos: diversidade cultural e inclus\u00e3o social; direitos autorais e ambiente digital; economia criativa e desenvolvimento sustent\u00e1vel; e preserva\u00e7\u00e3o, salvaguarda e promo\u00e7\u00e3o do patrim\u00f4nio cultural e da mem\u00f3ria.<\/p>\n<p>\u201cUm dos grandes desafios nossos \u00e9 a reafirma\u00e7\u00e3o da cultura como um espa\u00e7o de afirma\u00e7\u00e3o da diversidade cultural no mundo e tamb\u00e9m um espa\u00e7o de inclus\u00e3o e cidadania. \u00c9 muito importante ter os pa\u00edses do G20 consensuado uma declara\u00e7\u00e3o nesse sentido\u201d, disse o assessor de Assuntos Internacionais do Minist\u00e9rio da Cultura do Brasil, Breno Melo.<\/p>\n<p>Segundo ele, outra prioridade \u00e9 discutir uma distribui\u00e7\u00e3o justa e equitativa para os autores. Em rela\u00e7\u00e3o \u00e0 preserva\u00e7\u00e3o do patrim\u00f4nio cultural, h\u00e1 uma preocupa\u00e7\u00e3o com as mudan\u00e7as clim\u00e1ticas.<\/p>\n<p>\u201cA gente teve o epis\u00f3dio recente das enchentes no Rio Grande do Sul, que mostraram o quanto que esse tema \u00e9 importante e o quanto foi afetado o nosso patrim\u00f4nio. Ent\u00e3o essa discuss\u00e3o no G20 vem tamb\u00e9m tra\u00e7ar poss\u00edveis estrat\u00e9gias internacionais para lidar com o tema da adapta\u00e7\u00e3o e da mitiga\u00e7\u00e3o das mudan\u00e7as clim\u00e1ticas\u201d, disse.<\/p>\n<p>Logo depois do t\u00e9rmino do encontro do GT, o Minist\u00e9rio da Cultura e a Organiza\u00e7\u00e3o dos Estados Ibero-Americanos (OEI) promovem um semin\u00e1rio sobre economia criativa e desenvolvimento, de quarta-feira (7) a sexta-feira (9), tamb\u00e9m na cidade do Rio de Janeiro.<\/p>\n<p>O evento vai reunir especialistas do setor, autoridades p\u00fablicas, agentes culturais e a sociedade civil para discutir o papel da cultura, da criatividade e da economia criativa no desenvolvimento da sociedade contempor\u00e2nea.\u00a0<\/p>\n<p>No primeiro dia do evento, a ministra da Cultura, Margareth Menezes, apresentar\u00e1 as diretrizes que v\u00e3o embasar o Brasil Criativo, que \u00e9 Pol\u00edtica Nacional de Economia Criativa.<\/p>\n<\/p><\/div>\n<p><br \/>\n<br \/><a href=\"https:\/\/agenciabrasil.ebc.com.br\/internacional\/noticia\/2024-08\/encontro-do-g20-discute-prioridades-para-politicas-culturais\" rel=\"noopener\">Ag\u00eancia Brasil <\/a><\/p>\n","protected":false},"excerpt":{"rendered":"<p>Representantes do setor cultural de cerca de 30 governos e institui\u00e7\u00f5es internacionais come\u00e7am nesta segunda-feira (5) a discutir a minuta da declara\u00e7\u00e3o que ser\u00e1 apresentada pelos ministros da Cultura do G20, em novembro. O encontro, para definir um rascunho do texto, ocorre at\u00e9 esta ter\u00e7a-feira (6), na Casa Firjan, na cidade do Rio de Janeiro. [&hellip;]<\/p>\n","protected":false},"author":1,"featured_media":10885,"comment_status":"open","ping_status":"open","sticky":false,"template":"","format":"standard","meta":{"_jetpack_newsletter_access":"","_jetpack_dont_email_post_to_subs":false,"_jetpack_newsletter_tier_id":0,"_jetpack_memberships_contains_paywalled_content":false,"_mbp_banners":[],"_jetpack_feature_clip_id":0,"_jetpack_memberships_contains_paid_content":false,"footnotes":"","jetpack_publicize_message":"","jetpack_publicize_feature_enabled":true,"jetpack_social_post_already_shared":true,"jetpack_social_options":{"image_generator_settings":{"template":"highway","default_image_id":0,"font":"","enabled":false},"version":2},"jetpack_post_was_ever_published":false},"categories":[25],"tags":[],"class_list":["post-11661","post","type-post","status-publish","format-standard","has-post-thumbnail","category-internacional"],"jetpack_publicize_connections":[],"jetpack-related-posts":[],"jetpack_shortlink":"https:\/\/wp.me\/p7Eq1F-325","jetpack_sharing_enabled":true,"jetpack_featured_media_url":"https:\/\/i0.wp.com\/guialimeira.com.br\/news\/wp-content\/uploads\/2024\/07\/1000004119.jpg?fit=1600%2C800&ssl=1","_links":{"self":[{"href":"https:\/\/guialimeira.com.br\/news\/wp-json\/wp\/v2\/posts\/11661","targetHints":{"allow":["GET"]}}],"collection":[{"href":"https:\/\/guialimeira.com.br\/news\/wp-json\/wp\/v2\/posts"}],"about":[{"href":"https:\/\/guialimeira.com.br\/news\/wp-json\/wp\/v2\/types\/post"}],"author":[{"embeddable":true,"href":"https:\/\/guialimeira.com.br\/news\/wp-json\/wp\/v2\/users\/1"}],"replies":[{"embeddable":true,"href":"https:\/\/guialimeira.com.br\/news\/wp-json\/wp\/v2\/comments?post=11661"}],"version-history":[{"count":0,"href":"https:\/\/guialimeira.com.br\/news\/wp-json\/wp\/v2\/posts\/11661\/revisions"}],"wp:featuredmedia":[{"embeddable":true,"href":"https:\/\/guialimeira.com.br\/news\/wp-json\/wp\/v2\/media\/10885"}],"wp:attachment":[{"href":"https:\/\/guialimeira.com.br\/news\/wp-json\/wp\/v2\/media?parent=11661"}],"wp:term":[{"taxonomy":"category","embeddable":true,"href":"https:\/\/guialimeira.com.br\/news\/wp-json\/wp\/v2\/categories?post=11661"},{"taxonomy":"post_tag","embeddable":true,"href":"https:\/\/guialimeira.com.br\/news\/wp-json\/wp\/v2\/tags?post=11661"}],"curies":[{"name":"wp","href":"https:\/\/api.w.org\/{rel}","templated":true}]}}