{"id":11649,"date":"2024-08-05T09:33:56","date_gmt":"2024-08-05T12:33:56","guid":{"rendered":"https:\/\/guialimeira.com.br\/2024\/08\/05\/fora-do-podio-rebeca-termina-em-4o-e-biles-em-5o-quinto-na-trave\/"},"modified":"2024-08-05T09:33:56","modified_gmt":"2024-08-05T12:33:56","slug":"fora-do-podio-rebeca-termina-em-4o-e-biles-em-5o-quinto-na-trave","status":"publish","type":"post","link":"https:\/\/guialimeira.com.br\/news\/fora-do-podio-rebeca-termina-em-4o-e-biles-em-5o-quinto-na-trave\/","title":{"rendered":"Fora do p\u00f3dio: Rebeca termina em 4\u00ba e Biles em 5\u00ba quinto na trave"},"content":{"rendered":"<p> <br \/>\n<\/p>\n<div>\n<p>A ginasta Rebeca Andrade ficou em quarto lugar na prova da trave da Olimp\u00edada de Paris, na Fran\u00e7a. A paulista obteve 13.933 de nota pela exibi\u00e7\u00e3o, ficando pouco atr\u00e1s da italiana Manila Esposito, que conquistou o bronze, com 14.000. Apesar de alguns desequil\u00edbrios na apresenta\u00e7\u00e3o, a brasileira n\u00e3o teve queda do aparelho.<img data-recalc-dims=\"1\" decoding=\"async\" src=\"https:\/\/i0.wp.com\/agenciabrasil.ebc.com.br\/ebc.png?w=696&#038;ssl=1\" style=\"width:1px; height:1px; display:inline;\"\/><img data-recalc-dims=\"1\" decoding=\"async\" src=\"https:\/\/i0.wp.com\/agenciabrasil.ebc.com.br\/ebc.gif?w=696&#038;ssl=1\" style=\"width:1px; height:1px; display:inline;\"\/><\/p>\n<blockquote class=\"twitter-tweet\">\n<p dir=\"ltr\" lang=\"pt\" xml:lang=\"pt\">Como diria <a href=\"https:\/\/twitter.com\/galvaobueno?ref_src=twsrc%5Etfw\" rel=\"noopener\">@galvaobueno<\/a>: HAJA CORA\u00c7\u00c3O!<\/p>\n<p>Daqui a pouquinho tem a final no solo da nossa Rebeca Andrade.<\/p>\n<p>MANDA BRASA! \ud83d\udc9a\ud83d\udc9b\ud83d\udd25<a href=\"https:\/\/twitter.com\/hashtag\/TimeBrasil?src=hash&amp;ref_src=twsrc%5Etfw\" rel=\"noopener\">#TimeBrasil<\/a> <a href=\"https:\/\/twitter.com\/hashtag\/Paris2024?src=hash&amp;ref_src=twsrc%5Etfw\" rel=\"noopener\">#Paris2024<\/a> <a href=\"https:\/\/t.co\/EJmMy11Wwr\">pic.twitter.com\/EJmMy11Wwr<\/a><\/p>\n<p>\u2014 Time Brasil (@timebrasil) <a href=\"https:\/\/twitter.com\/timebrasil\/status\/1820429290317795719?ref_src=twsrc%5Etfw\" rel=\"noopener\">August 5, 2024<\/a><\/p><\/blockquote>\n<p>O ouro foi para a tamb\u00e9m italiana Alice D&#8217;Amato, que atingiu 14.366, enquanto a chinesa Zhou Yaqin, com 14.100, levou a prata. A estadunidense Simone Biles, favorita ao ouro, teve uma queda no fim da apresenta\u00e7\u00e3o, que custou o lugar no p\u00f3dio. Com 13.100 de nota, ela ficou na quinta posi\u00e7\u00e3o. A catarinense J\u00falia Soares, em sua primeira final ol\u00edmpica, foi a s\u00e9tima colocada, com 12.333.<\/p>\n<blockquote class=\"twitter-tweet\">\n<p dir=\"ltr\" lang=\"pt\" xml:lang=\"pt\">Como diria <a href=\"https:\/\/twitter.com\/galvaobueno?ref_src=twsrc%5Etfw\" rel=\"noopener\">@galvaobueno<\/a>: HAJA CORA\u00c7\u00c3O!<\/p>\n<p>Daqui a pouquinho tem a final no solo da nossa Rebeca Andrade.<\/p>\n<p>MANDA BRASA! \ud83d\udc9a\ud83d\udc9b\ud83d\udd25<a href=\"https:\/\/twitter.com\/hashtag\/TimeBrasil?src=hash&amp;ref_src=twsrc%5Etfw\" rel=\"noopener\">#TimeBrasil<\/a> <a href=\"https:\/\/twitter.com\/hashtag\/Paris2024?src=hash&amp;ref_src=twsrc%5Etfw\" rel=\"noopener\">#Paris2024<\/a> <a href=\"https:\/\/t.co\/EJmMy11Wwr\">pic.twitter.com\/EJmMy11Wwr<\/a><\/p>\n<p>\u2014 Time Brasil (@timebrasil) <a href=\"https:\/\/twitter.com\/timebrasil\/status\/1820429290317795719?ref_src=twsrc%5Etfw\" rel=\"noopener\">August 5, 2024<\/a><\/p><\/blockquote>\n<p>A final da trave foi marcada por muitas quedas das competidoras. Somente Rebeca e as tr\u00eas medalhistas n\u00e3o ca\u00edram nas apresenta\u00e7\u00f5es. Ainda assim, Manila e Zhou tiveram dificuldades com alguns movimentos, que custaram pontos nas respectivas s\u00e9ries. A chinesa, por exemplo, teve nota 0.766 mais baixa que a da classificat\u00f3ria, em que foi a ginasta mais bem colocada.<\/p>\n<p>A primeira brasileira a se apresentar foi J\u00falia. A catarinense iniciou com o &#8220;Soares&#8221;, manobra que leva seu sobrenome e utilizada por ela para subir na trave com uma meia pirueta. Ela vinha realizando a exibi\u00e7\u00e3o sem erros, at\u00e9 sofrer uma queda, afetando significativamente a nota da ginasta de 18 anos.<\/p>\n<blockquote class=\"twitter-tweet\">\n<p dir=\"ltr\" lang=\"it\" xml:lang=\"it\">Foto: Ricardo Bufolin\/CBG <a href=\"https:\/\/t.co\/5CR4m50WzX\">pic.twitter.com\/5CR4m50WzX<\/a><\/p>\n<p>\u2014 Confedera\u00e7\u00e3o Brasileira de Gin\u00e1stica (@cbginastica) <a href=\"https:\/\/twitter.com\/cbginastica\/status\/1820416163291013389?ref_src=twsrc%5Etfw\" rel=\"noopener\">August 5, 2024<\/a><\/p><\/blockquote>\n<p>Rebeca, por sua vez, foi a \u00faltima a competir. Ela teve de aguardar mais tempo que o normal para subir na trave, devido \u00e0 demora na divulga\u00e7\u00e3o da nota de Biles. A brasileira realizou uma apresenta\u00e7\u00e3o com um grau de dificuldade de execu\u00e7\u00e3o menor que as do trio que foi ao p\u00f3dio &#8211; o que a obrigava a ser praticamente perfeita.<\/p>\n<p>Considerando somente as notas de execu\u00e7\u00e3o, Rebeca foi a segunda mais bem avaliada (8.233). No entanto, como sua nota de dificuldade era menor (5.700) que as de Zhou (6.600) e Manila (5.800), a soma das pontua\u00e7\u00f5es deixou a paulista de 25 anos fora do p\u00f3dio pela primeira vez em Paris.<\/p>\n<p><em>*Texto atualizado \u00e0s 9h15\u00a0para inclus\u00e3o de informa\u00e7\u00f5es.<\/em><\/p>\n<\/p><\/div>\n<p><script async src=\"\/\/platform.twitter.com\/widgets.js\" charset=\"utf-8\"><\/script><br \/>\n<br \/><br \/>\n<br \/><a href=\"https:\/\/agenciabrasil.ebc.com.br\/esportes\/noticia\/2024-08\/fora-do-podio-rebeca-termina-em-4o-e-biles-em-5o-quinto-na-trave\" rel=\"noopener\">Ag\u00eancia Brasil<\/a><\/p>\n","protected":false},"excerpt":{"rendered":"<p>A ginasta Rebeca Andrade ficou em quarto lugar na prova da trave da Olimp\u00edada de Paris, na Fran\u00e7a. A paulista obteve 13.933 de nota pela exibi\u00e7\u00e3o, ficando pouco atr\u00e1s da italiana Manila Esposito, que conquistou o bronze, com 14.000. Apesar de alguns desequil\u00edbrios na apresenta\u00e7\u00e3o, a brasileira n\u00e3o teve queda do aparelho. Como diria @galvaobueno: [&hellip;]<\/p>\n","protected":false},"author":1,"featured_media":11650,"comment_status":"open","ping_status":"open","sticky":false,"template":"","format":"standard","meta":{"_jetpack_newsletter_access":"","_jetpack_dont_email_post_to_subs":false,"_jetpack_newsletter_tier_id":0,"_jetpack_memberships_contains_paywalled_content":false,"_mbp_banners":[],"_jetpack_feature_clip_id":0,"_jetpack_memberships_contains_paid_content":false,"footnotes":"","jetpack_publicize_message":"","jetpack_publicize_feature_enabled":true,"jetpack_social_post_already_shared":true,"jetpack_social_options":{"image_generator_settings":{"template":"highway","default_image_id":0,"font":"","enabled":false},"version":2},"jetpack_post_was_ever_published":false},"categories":[23],"tags":[],"class_list":["post-11649","post","type-post","status-publish","format-standard","has-post-thumbnail","category-esportes"],"jetpack_publicize_connections":[],"jetpack-related-posts":[],"jetpack_shortlink":"https:\/\/wp.me\/p7Eq1F-31T","jetpack_sharing_enabled":true,"jetpack_featured_media_url":"https:\/\/i0.wp.com\/guialimeira.com.br\/news\/wp-content\/uploads\/2024\/08\/rebeca_andrade_trave_ginastica_paris_2023.jpg?fit=1600%2C800&ssl=1","_links":{"self":[{"href":"https:\/\/guialimeira.com.br\/news\/wp-json\/wp\/v2\/posts\/11649","targetHints":{"allow":["GET"]}}],"collection":[{"href":"https:\/\/guialimeira.com.br\/news\/wp-json\/wp\/v2\/posts"}],"about":[{"href":"https:\/\/guialimeira.com.br\/news\/wp-json\/wp\/v2\/types\/post"}],"author":[{"embeddable":true,"href":"https:\/\/guialimeira.com.br\/news\/wp-json\/wp\/v2\/users\/1"}],"replies":[{"embeddable":true,"href":"https:\/\/guialimeira.com.br\/news\/wp-json\/wp\/v2\/comments?post=11649"}],"version-history":[{"count":0,"href":"https:\/\/guialimeira.com.br\/news\/wp-json\/wp\/v2\/posts\/11649\/revisions"}],"wp:featuredmedia":[{"embeddable":true,"href":"https:\/\/guialimeira.com.br\/news\/wp-json\/wp\/v2\/media\/11650"}],"wp:attachment":[{"href":"https:\/\/guialimeira.com.br\/news\/wp-json\/wp\/v2\/media?parent=11649"}],"wp:term":[{"taxonomy":"category","embeddable":true,"href":"https:\/\/guialimeira.com.br\/news\/wp-json\/wp\/v2\/categories?post=11649"},{"taxonomy":"post_tag","embeddable":true,"href":"https:\/\/guialimeira.com.br\/news\/wp-json\/wp\/v2\/tags?post=11649"}],"curies":[{"name":"wp","href":"https:\/\/api.w.org\/{rel}","templated":true}]}}