{"id":11647,"date":"2024-08-05T08:32:55","date_gmt":"2024-08-05T11:32:55","guid":{"rendered":"https:\/\/guialimeira.com.br\/2024\/08\/05\/alison-dos-santos-e-matheus-lima-vao-a-semi-dos-400m-com-barreiras\/"},"modified":"2024-08-05T08:32:55","modified_gmt":"2024-08-05T11:32:55","slug":"alison-dos-santos-e-matheus-lima-vao-a-semi-dos-400m-com-barreiras","status":"publish","type":"post","link":"https:\/\/guialimeira.com.br\/news\/alison-dos-santos-e-matheus-lima-vao-a-semi-dos-400m-com-barreiras\/","title":{"rendered":"Alison dos Santos e Matheus Lima v\u00e3o \u00e0 semi dos 400m com barreiras"},"content":{"rendered":"<p> <br \/>\n<\/p>\n<div>\n<p>O Brasil ter\u00e1 dois representantes nas semifinais dos 400 metros com barreiras da Olimp\u00edada de Paris, na Fran\u00e7a. O paulista Alison dos Santos, o Piu, e o cearense Matheus Lima garantiram as respectivas vagas nas baterias desta segunda-feira (5) pela manh\u00e3, realizadas no Stade de France. A disputa por classifica\u00e7\u00e3o \u00e0 final ser\u00e1 nesta ter\u00e7a-feira (6), a partir das 14h35 (hor\u00e1rio de Bras\u00edlia).<img data-recalc-dims=\"1\" decoding=\"async\" src=\"https:\/\/i0.wp.com\/agenciabrasil.ebc.com.br\/ebc.png?w=696&#038;ssl=1\" style=\"width:1px; height:1px; display:inline;\"\/><img data-recalc-dims=\"1\" decoding=\"async\" src=\"https:\/\/i0.wp.com\/agenciabrasil.ebc.com.br\/ebc.gif?w=696&#038;ssl=1\" style=\"width:1px; height:1px; display:inline;\"\/><\/p>\n<blockquote class=\"twitter-tweet\">\n<p dir=\"ltr\" lang=\"en\" xml:lang=\"en\">Purple track, purple hair \ud83d\udc9c<\/p>\n<p>2022 world champ <a href=\"https:\/\/twitter.com\/PiuzeR?ref_src=twsrc%5Etfw\" rel=\"noopener\">@PiuzeR<\/a> cruises to an easy 48.75 to advance to the 400m hurdles semi-finals.<a href=\"https:\/\/twitter.com\/hashtag\/Paris2024?src=hash&amp;ref_src=twsrc%5Etfw\" rel=\"noopener\">#Paris2024<\/a> <a href=\"https:\/\/twitter.com\/hashtag\/Olympics?src=hash&amp;ref_src=twsrc%5Etfw\" rel=\"noopener\">#Olympics<\/a> <a href=\"https:\/\/t.co\/n6jTobuNbY\">pic.twitter.com\/n6jTobuNbY<\/a><\/p>\n<p>\u2014 World Athletics (@WorldAthletics) <a href=\"https:\/\/twitter.com\/WorldAthletics\/status\/1820381715900019100?ref_src=twsrc%5Etfw\" rel=\"noopener\">August 5, 2024<\/a><\/p><\/blockquote>\n<p>Campe\u00e3o mundial da prova em 2022 e medalhista de bronze nos Jogos de T\u00f3quio, no Jap\u00e3o, um ano antes, Alison disputou a terceira bateria do dia e acabou na terceira posi\u00e7\u00e3o, em 48s75. O brasileiro, favorito a medalha em Paris, liderou a maior parte do percurso, mas diminuiu o ritmo na reta final e foi ultrapassado pelo estadunidense CJ Allen e o estoniano Rasmus Magi. Mesmo assim, foi o suficiente para se classificar, j\u00e1 que os tr\u00eas primeiros avan\u00e7avam \u00e0s semifinais.<\/p>\n<p>J\u00e1 Matheus cresceu nos metros finais da quinta bateria e avan\u00e7ou com o segundo melhor tempo, com 48s90, ficando atr\u00e1s somente do jamaicano Malik James-King. Estrante em Olimp\u00edada, o barreirista foi medalhista de prata nos Jogos Pan-Americanos de Santiago, no Chile, no ano passado.<\/p>\n<blockquote class=\"twitter-tweet\">\n<p dir=\"ltr\" lang=\"pt\" xml:lang=\"pt\">RUMO \u00c0 SEMI! \ud83c\udfc3\ud83c\udffd<\/p>\n<p>Em sua estreia nos <a href=\"https:\/\/twitter.com\/hashtag\/JogosOl%C3%ADmpicos?src=hash&amp;ref_src=twsrc%5Etfw\" rel=\"noopener\">#JogosOl\u00edmpicos<\/a>, Matheus Lima termina na segunda posi\u00e7\u00e3o da bateria, com o tempo de 48s90, e avan\u00e7a \u00e0 semifinal dos 400m com barreiras.<\/p>\n<p>\ud83d\udcf8Wander Roberto\/COB<a href=\"https:\/\/twitter.com\/hashtag\/TimeBrasil?src=hash&amp;ref_src=twsrc%5Etfw\" rel=\"noopener\">#TimeBrasil<\/a> <a href=\"https:\/\/twitter.com\/hashtag\/Paris2024?src=hash&amp;ref_src=twsrc%5Etfw\" rel=\"noopener\">#Paris2024<\/a> <a href=\"https:\/\/t.co\/tncuZiZl0q\">pic.twitter.com\/tncuZiZl0q<\/a><\/p>\n<p>\u2014 Time Brasil (@timebrasil) <a href=\"https:\/\/twitter.com\/timebrasil\/status\/1820399633870315852?ref_src=twsrc%5Etfw\" rel=\"noopener\">August 5, 2024<\/a><\/p><\/blockquote>\n<p>Principais advers\u00e1rios de Piu na briga pelo ouro, o noruegu\u00eas Karsten Walholm e o estadunidense Rai Benjamin tamb\u00e9m avan\u00e7aram \u00e0s semifinais sem dificuldades. O primeiro, campe\u00e3o ol\u00edmpico em T\u00f3quio e recordista mundial da prova, venceu a segunda bateria com 47s58, enquanto o segundo, prata na \u00faltima Olimp\u00edada, fez 48s82 e levou a melhor na bateria que abriu as disputas nesta segunda.<\/p>\n<p>A final dos 400 m com barreiras est\u00e1 prevista para sexta-feira (9), \u00e0s 16h45 (hor\u00e1rio de Bras\u00edlia).<\/p>\n<h2>Outros\u00a0resultados<\/h2>\n<p>Na prova feminina dos 400 m c\/barreiras, a fluminense Chayenne da Silva disputou a repescagem. Ela terminou na s\u00e9tima e \u00faltima coloca\u00e7\u00e3o, com 56s56, insuficiente para avan\u00e7ar \u00e0s semifinais. A chinesa Jiadie Mo e a brit\u00e2nica Jessie Knight ocuparam as duas primeiras coloca\u00e7\u00f5es e se classificaram.<\/p>\n<p>A tamb\u00e9m fluminense Tiffani Marinho ficou em s\u00e9timo em sua bateria dos 400 m, com 52s62. Ela volta a competir nesta ter\u00e7a, \u00e0s 6h20 (hor\u00e1rio de Bras\u00edlia), para buscar um lugar nas semifinais por meio da repescagem da prova.<\/p>\n<p>No salto com vara, a paulista Juliana Campos parou nos 4,40 m e n\u00e3o conseguiu passar \u00e0 final. A brasileira, que teve a prepara\u00e7\u00e3o para os Jogos comprometida por uma les\u00e3o no p\u00e9 direito, n\u00e3o conseguiu superar a marca de 4,55 m. Para avan\u00e7ar, ela precisava atingir 4,70 m ou ficar entre as oito primeiras da classifica\u00e7\u00e3o geral.<\/p>\n<p>Nos 200 m, a carioca Lorraine Martins e paulista Ana Carolina Azevedo competiram na repescagem, mas n\u00e3o se classificaram. A primeira ficou na \u00faltima coloca\u00e7\u00e3o da quarta bateria, com 23s68. A segunda realizou um tempo melhor (23s37), mas tamb\u00e9m ficou em \u00faltimo na sexta bateria.<\/p>\n<p><em>* Texto atualizado \u00e0s 8h17\u00a0para inclus\u00e3o dos resultados obtidos por outros atletas brasieiros que conclu\u00edram as provas do atletismo nesta segunda (5).<\/em><\/p>\n<\/p><\/div>\n<p><script async src=\"\/\/platform.twitter.com\/widgets.js\" charset=\"utf-8\"><\/script><br \/>\n<br \/><br \/>\n<br \/><a href=\"https:\/\/agenciabrasil.ebc.com.br\/esportes\/noticia\/2024-08\/alison-dos-santos-e-matheus-lima-vao-semi-dos-400m-com-barreiras\" rel=\"noopener\">Ag\u00eancia Brasil<\/a><\/p>\n","protected":false},"excerpt":{"rendered":"<p>O Brasil ter\u00e1 dois representantes nas semifinais dos 400 metros com barreiras da Olimp\u00edada de Paris, na Fran\u00e7a. O paulista Alison dos Santos, o Piu, e o cearense Matheus Lima garantiram as respectivas vagas nas baterias desta segunda-feira (5) pela manh\u00e3, realizadas no Stade de France. A disputa por classifica\u00e7\u00e3o \u00e0 final ser\u00e1 nesta ter\u00e7a-feira [&hellip;]<\/p>\n","protected":false},"author":1,"featured_media":11648,"comment_status":"open","ping_status":"open","sticky":false,"template":"","format":"standard","meta":{"_jetpack_newsletter_access":"","_jetpack_dont_email_post_to_subs":false,"_jetpack_newsletter_tier_id":0,"_jetpack_memberships_contains_paywalled_content":false,"_mbp_banners":[],"_jetpack_feature_clip_id":0,"_jetpack_memberships_contains_paid_content":false,"footnotes":"","jetpack_publicize_message":"","jetpack_publicize_feature_enabled":true,"jetpack_social_post_already_shared":true,"jetpack_social_options":{"image_generator_settings":{"template":"highway","default_image_id":0,"font":"","enabled":false},"version":2},"jetpack_post_was_ever_published":false},"categories":[23],"tags":[],"class_list":["post-11647","post","type-post","status-publish","format-standard","has-post-thumbnail","category-esportes"],"jetpack_publicize_connections":[],"jetpack-related-posts":[],"jetpack_shortlink":"https:\/\/wp.me\/p7Eq1F-31R","jetpack_sharing_enabled":true,"jetpack_featured_media_url":"https:\/\/i0.wp.com\/guialimeira.com.br\/news\/wp-content\/uploads\/2024\/08\/alison_dos_santos_atletismo_2_paris.jpg?fit=1600%2C800&ssl=1","_links":{"self":[{"href":"https:\/\/guialimeira.com.br\/news\/wp-json\/wp\/v2\/posts\/11647","targetHints":{"allow":["GET"]}}],"collection":[{"href":"https:\/\/guialimeira.com.br\/news\/wp-json\/wp\/v2\/posts"}],"about":[{"href":"https:\/\/guialimeira.com.br\/news\/wp-json\/wp\/v2\/types\/post"}],"author":[{"embeddable":true,"href":"https:\/\/guialimeira.com.br\/news\/wp-json\/wp\/v2\/users\/1"}],"replies":[{"embeddable":true,"href":"https:\/\/guialimeira.com.br\/news\/wp-json\/wp\/v2\/comments?post=11647"}],"version-history":[{"count":0,"href":"https:\/\/guialimeira.com.br\/news\/wp-json\/wp\/v2\/posts\/11647\/revisions"}],"wp:featuredmedia":[{"embeddable":true,"href":"https:\/\/guialimeira.com.br\/news\/wp-json\/wp\/v2\/media\/11648"}],"wp:attachment":[{"href":"https:\/\/guialimeira.com.br\/news\/wp-json\/wp\/v2\/media?parent=11647"}],"wp:term":[{"taxonomy":"category","embeddable":true,"href":"https:\/\/guialimeira.com.br\/news\/wp-json\/wp\/v2\/categories?post=11647"},{"taxonomy":"post_tag","embeddable":true,"href":"https:\/\/guialimeira.com.br\/news\/wp-json\/wp\/v2\/tags?post=11647"}],"curies":[{"name":"wp","href":"https:\/\/api.w.org\/{rel}","templated":true}]}}