{"id":11643,"date":"2024-08-04T20:20:55","date_gmt":"2024-08-04T23:20:55","guid":{"rendered":"https:\/\/guialimeira.com.br\/2024\/08\/04\/atleta-passa-mal-e-belgica-desiste-da-disputa-do-triatlo-misto\/"},"modified":"2024-08-04T20:20:55","modified_gmt":"2024-08-04T23:20:55","slug":"atleta-passa-mal-e-belgica-desiste-da-disputa-do-triatlo-misto","status":"publish","type":"post","link":"https:\/\/guialimeira.com.br\/news\/atleta-passa-mal-e-belgica-desiste-da-disputa-do-triatlo-misto\/","title":{"rendered":"Atleta passa mal e B\u00e9lgica desiste da disputa do triatlo misto"},"content":{"rendered":"<p> <br \/>\n<\/p>\n<div>\n<p>O Comit\u00ea Ol\u00edmpico da B\u00e9lgica anunciou neste domingo (4) que a equipe do pa\u00eds n\u00e3o participar\u00e1 da prova do triatlo misto dos Jogos de Paris, programada para a pr\u00f3xima segunda-feira (5). Segundo o comit\u00ea, a desist\u00eancia aconteceu ap\u00f3s Claire Michel, uma das atletas do time, ficar doente.<img data-recalc-dims=\"1\" decoding=\"async\" src=\"https:\/\/i0.wp.com\/agenciabrasil.ebc.com.br\/ebc.png?w=696&#038;ssl=1\" style=\"width:1px; height:1px; display:inline;\"\/><img data-recalc-dims=\"1\" decoding=\"async\" src=\"https:\/\/i0.wp.com\/agenciabrasil.ebc.com.br\/ebc.gif?w=696&#038;ssl=1\" style=\"width:1px; height:1px; display:inline;\"\/><\/p>\n<p>A nota n\u00e3o cita mais detalhes sobre o caso, mas uma reportagem publicada pelo jornal belga \u201cLa Libre\u201d afirma que Claire foi hospitalizada com problemas intestinais e estomacais. A triatleta teria sido contaminada com a bact\u00e9ria E.coli ap\u00f3s competir no triatlo na \u00faltima ter\u00e7a-feira (30). O trecho de nata\u00e7\u00e3o do evento foi realizado nas \u00e1guas do Rio Sena. No dia anterior (29), o triatlo masculino havia sido adiado por causa da alta concentra\u00e7\u00e3o de polui\u00e7\u00e3o no rio que corta a capital francesa.<\/p>\n<p>Ainda no comunicado, o comit\u00ea belga diz esperar que as li\u00e7\u00f5es do torneio em Paris sejam aprendidas para futuras competi\u00e7\u00f5es. \u201cEstamos pensando em dias de treino que possam ser garantidos, dias de competi\u00e7\u00e3o e formatos que sejam claros com anteced\u00eancia e circunst\u00e2ncias que n\u00e3o gerem incertezas entre atletas, comitiva e torcedores\u201d, diz um trecho da nota. Nem o comit\u00ea organizador Paris 2024, nem a World Triathlon (federa\u00e7\u00e3o internacional da modalidade) se pronunciaram sobre o caso. Por enquanto a disputa do triatlo misto segue confirmado para a pr\u00f3xima segunda-feira, a partir das 3h (hor\u00e1rio de Bras\u00edlia).<\/p>\n<p>As not\u00edcias sobre o estado de sa\u00fade de Claire Michel e a retirada da equipe belga da competi\u00e7\u00e3o vieram \u00e0 tona no dia em que mais um treino de nata\u00e7\u00e3o do triatlo misto foi cancelado. A causa foi novamente o n\u00edvel de polui\u00e7\u00e3o do Sena. O mesmo j\u00e1 havia acontecido no \u00faltimo s\u00e1bado (3) e tamb\u00e9m na semana passada, antes das provas individuais da modalidade.<\/p>\n<p>As condi\u00e7\u00f5es do rio Sena viraram uma das principais fontes de preocupa\u00e7\u00e3o das autoridades da Fran\u00e7a para os Jogos Ol\u00edmpicos. Foram investidos cerca de 1,4 bilh\u00e3o de euros (o equivalente a mais de R$ 8,5 bilh\u00f5es) em um sistema para diminuir a contamina\u00e7\u00e3o do rio. Na semana de abertura dos Jogos a prefeita de Paris, Anne Hidalgo, mergulhou no rio para provar que ele estava em boas condi\u00e7\u00f5es. Mas, ap\u00f3s fortes chuvas na cidade, a qualidade ruim da \u00e1gua for\u00e7ou o cancelamento de treinos e o adiamento da prova de trialto masculino. Al\u00e9m desta modalidade, as competi\u00e7\u00f5es de nata\u00e7\u00e3o em \u00e1guas abertas tamb\u00e9m est\u00e3o previstas para serem disputadas no Rio Sena.<\/p>\n<\/p><\/div>\n<p><br \/>\n<br \/><a href=\"https:\/\/agenciabrasil.ebc.com.br\/esportes\/noticia\/2024-08\/atleta-passa-mal-e-belgica-desiste-da-disputa-do-triatlo-misto\" rel=\"noopener\">Ag\u00eancia Brasil<\/a><\/p>\n","protected":false},"excerpt":{"rendered":"<p>O Comit\u00ea Ol\u00edmpico da B\u00e9lgica anunciou neste domingo (4) que a equipe do pa\u00eds n\u00e3o participar\u00e1 da prova do triatlo misto dos Jogos de Paris, programada para a pr\u00f3xima segunda-feira (5). Segundo o comit\u00ea, a desist\u00eancia aconteceu ap\u00f3s Claire Michel, uma das atletas do time, ficar doente. A nota n\u00e3o cita mais detalhes sobre o [&hellip;]<\/p>\n","protected":false},"author":1,"featured_media":11644,"comment_status":"open","ping_status":"open","sticky":false,"template":"","format":"standard","meta":{"_jetpack_newsletter_access":"","_jetpack_dont_email_post_to_subs":false,"_jetpack_newsletter_tier_id":0,"_jetpack_memberships_contains_paywalled_content":false,"_mbp_banners":[],"_jetpack_feature_clip_id":0,"_jetpack_memberships_contains_paid_content":false,"footnotes":"","jetpack_publicize_message":"","jetpack_publicize_feature_enabled":true,"jetpack_social_post_already_shared":true,"jetpack_social_options":{"image_generator_settings":{"template":"highway","default_image_id":0,"font":"","enabled":false},"version":2},"jetpack_post_was_ever_published":false},"categories":[23],"tags":[],"class_list":["post-11643","post","type-post","status-publish","format-standard","has-post-thumbnail","category-esportes"],"jetpack_publicize_connections":[],"jetpack-related-posts":[],"jetpack_shortlink":"https:\/\/wp.me\/p7Eq1F-31N","jetpack_sharing_enabled":true,"jetpack_featured_media_url":"https:\/\/i0.wp.com\/guialimeira.com.br\/news\/wp-content\/uploads\/2024\/08\/2024-07-31t075034z_1833729846_up1ek7v0ls87g_rtrmadp_3_olympics-2024-triathlon.jpg?fit=1600%2C800&ssl=1","_links":{"self":[{"href":"https:\/\/guialimeira.com.br\/news\/wp-json\/wp\/v2\/posts\/11643","targetHints":{"allow":["GET"]}}],"collection":[{"href":"https:\/\/guialimeira.com.br\/news\/wp-json\/wp\/v2\/posts"}],"about":[{"href":"https:\/\/guialimeira.com.br\/news\/wp-json\/wp\/v2\/types\/post"}],"author":[{"embeddable":true,"href":"https:\/\/guialimeira.com.br\/news\/wp-json\/wp\/v2\/users\/1"}],"replies":[{"embeddable":true,"href":"https:\/\/guialimeira.com.br\/news\/wp-json\/wp\/v2\/comments?post=11643"}],"version-history":[{"count":0,"href":"https:\/\/guialimeira.com.br\/news\/wp-json\/wp\/v2\/posts\/11643\/revisions"}],"wp:featuredmedia":[{"embeddable":true,"href":"https:\/\/guialimeira.com.br\/news\/wp-json\/wp\/v2\/media\/11644"}],"wp:attachment":[{"href":"https:\/\/guialimeira.com.br\/news\/wp-json\/wp\/v2\/media?parent=11643"}],"wp:term":[{"taxonomy":"category","embeddable":true,"href":"https:\/\/guialimeira.com.br\/news\/wp-json\/wp\/v2\/categories?post=11643"},{"taxonomy":"post_tag","embeddable":true,"href":"https:\/\/guialimeira.com.br\/news\/wp-json\/wp\/v2\/tags?post=11643"}],"curies":[{"name":"wp","href":"https:\/\/api.w.org\/{rel}","templated":true}]}}