{"id":11636,"date":"2024-08-04T17:17:55","date_gmt":"2024-08-04T20:17:55","guid":{"rendered":"https:\/\/guialimeira.com.br\/2024\/08\/04\/evandro-e-arthur-lanci-avancam-para-quartas-do-volei-de-praia\/"},"modified":"2024-08-04T17:17:55","modified_gmt":"2024-08-04T20:17:55","slug":"evandro-e-arthur-lanci-avancam-para-quartas-do-volei-de-praia","status":"publish","type":"post","link":"https:\/\/guialimeira.com.br\/news\/evandro-e-arthur-lanci-avancam-para-quartas-do-volei-de-praia\/","title":{"rendered":"Evandro e Arthur Lanci avan\u00e7am para quartas do v\u00f4lei de praia"},"content":{"rendered":"<p> <br \/>\n<\/p>\n<div>\n<p>Os brasileiros Evandro e Arthur Lanci derrotaram os holandeses Matthew Immers e Steven Van de Velde por 2 sets a 0 (parciais de 21\/16 e 21\/16) para se classificarem para as quartas de final do torneio de v\u00f4lei de praia dos Jogos Ol\u00edmpicos de Paris (Fran\u00e7a).<img data-recalc-dims=\"1\" decoding=\"async\" src=\"https:\/\/i0.wp.com\/agenciabrasil.ebc.com.br\/ebc.png?w=696&#038;ssl=1\" style=\"width:1px; height:1px; display:inline;\"\/><img data-recalc-dims=\"1\" decoding=\"async\" src=\"https:\/\/i0.wp.com\/agenciabrasil.ebc.com.br\/ebc.gif?w=696&#038;ssl=1\" style=\"width:1px; height:1px; display:inline;\"\/><\/p>\n<blockquote class=\"twitter-tweet\">\n<p dir=\"ltr\" lang=\"pt\" xml:lang=\"pt\">BRASIL NAS QUARTAS!\ud83d\udd25\ud83c\udde7\ud83c\uddf7<\/p>\n<p>Arthur e Evandro jogam o fino da bola e derrotam a dupla holandesa por 2-0 (duplo 21-16) e avan\u00e7am para as quarta de final em <a href=\"https:\/\/twitter.com\/hashtag\/Paris2024?src=hash&amp;ref_src=twsrc%5Etfw\" rel=\"noopener\">#Paris2024<\/a>!<\/p>\n<p>VAMOS, BRASIL!<a href=\"https:\/\/twitter.com\/hashtag\/JogosOl%C3%ADmpicos?src=hash&amp;ref_src=twsrc%5Etfw\" rel=\"noopener\">#JogosOl\u00edmpicos<\/a> <a href=\"https:\/\/twitter.com\/hashtag\/TimeBrasil?src=hash&amp;ref_src=twsrc%5Etfw\" rel=\"noopener\">#TimeBrasil<\/a> <a href=\"https:\/\/t.co\/QcUULOjesB\">pic.twitter.com\/QcUULOjesB<\/a><\/p>\n<p>\u2014 Time Brasil (@timebrasil) <a href=\"https:\/\/twitter.com\/timebrasil\/status\/1820184188181704728?ref_src=twsrc%5Etfw\" rel=\"noopener\">August 4, 2024<\/a><\/p><\/blockquote>\n<p>Na pr\u00f3xima etapa da competi\u00e7\u00e3o a equipe brasileira ter\u00e1 um grande desafio, os suecos David \u00c5hman e Jonatan Hellvig, que ocupam a lideran\u00e7a do ranking mundial da modalidade.<\/p>\n<h2>Adeus de brasileiros<\/h2>\n<p>Mais cedo, Andr\u00e9 e George deram adeus ao torneio ol\u00edmpico ap\u00f3s perderem para a dupla da Alemanha formada por Nils Ehlers e Clemens Wickler por 2 sets a 0 (parciais de 21\/16 e 21\/17). Tamb\u00e9m neste domingo, Carol Solberg e B\u00e1rbara Seixas foram superadas nas oitavas de final do torneio feminino pelas australianas Mariafe Artacho e Taliqua Clancy por 2 sets a 0 (24\/22 e 21\/14) e tamb\u00e9m acabaram desclassificadas.<\/p>\n<h2>Ana Patr\u00edcia e Duda<\/h2>\n<p>Na pr\u00f3xima segunda-feira (5), a partir das 16h (hor\u00e1rio de Bras\u00edlia), ser\u00e1 a vez de Ana Patr\u00edcia e Duda tentarem uma vaga nas quartas de final diante da dupla do Jap\u00e3o formada por Akiko e Ishii.<\/p>\n<\/p><\/div>\n<p><script async src=\"\/\/platform.twitter.com\/widgets.js\" charset=\"utf-8\"><\/script><br \/>\n<br \/><br \/>\n<br \/><a href=\"https:\/\/agenciabrasil.ebc.com.br\/esportes\/noticia\/2024-08\/evandro-e-arthur-lanci-avancam-para-quartas-do-volei-de-praia\" rel=\"noopener\">Ag\u00eancia Brasil<\/a><\/p>\n","protected":false},"excerpt":{"rendered":"<p>Os brasileiros Evandro e Arthur Lanci derrotaram os holandeses Matthew Immers e Steven Van de Velde por 2 sets a 0 (parciais de 21\/16 e 21\/16) para se classificarem para as quartas de final do torneio de v\u00f4lei de praia dos Jogos Ol\u00edmpicos de Paris (Fran\u00e7a). BRASIL NAS QUARTAS!\ud83d\udd25\ud83c\udde7\ud83c\uddf7 Arthur e Evandro jogam o fino [&hellip;]<\/p>\n","protected":false},"author":1,"featured_media":11637,"comment_status":"open","ping_status":"open","sticky":false,"template":"","format":"standard","meta":{"_jetpack_newsletter_access":"","_jetpack_dont_email_post_to_subs":false,"_jetpack_newsletter_tier_id":0,"_jetpack_memberships_contains_paywalled_content":false,"_mbp_banners":[],"_jetpack_feature_clip_id":0,"_jetpack_memberships_contains_paid_content":false,"footnotes":"","jetpack_publicize_message":"","jetpack_publicize_feature_enabled":true,"jetpack_social_post_already_shared":true,"jetpack_social_options":{"image_generator_settings":{"template":"highway","default_image_id":0,"font":"","enabled":false},"version":2},"jetpack_post_was_ever_published":false},"categories":[23],"tags":[],"class_list":["post-11636","post","type-post","status-publish","format-standard","has-post-thumbnail","category-esportes"],"jetpack_publicize_connections":[],"jetpack-related-posts":[],"jetpack_shortlink":"https:\/\/wp.me\/p7Eq1F-31G","jetpack_sharing_enabled":true,"jetpack_featured_media_url":"https:\/\/i0.wp.com\/guialimeira.com.br\/news\/wp-content\/uploads\/2024\/08\/whatsapp_image_2024-08-04_at_16.36.38.jpeg?fit=1600%2C800&ssl=1","_links":{"self":[{"href":"https:\/\/guialimeira.com.br\/news\/wp-json\/wp\/v2\/posts\/11636","targetHints":{"allow":["GET"]}}],"collection":[{"href":"https:\/\/guialimeira.com.br\/news\/wp-json\/wp\/v2\/posts"}],"about":[{"href":"https:\/\/guialimeira.com.br\/news\/wp-json\/wp\/v2\/types\/post"}],"author":[{"embeddable":true,"href":"https:\/\/guialimeira.com.br\/news\/wp-json\/wp\/v2\/users\/1"}],"replies":[{"embeddable":true,"href":"https:\/\/guialimeira.com.br\/news\/wp-json\/wp\/v2\/comments?post=11636"}],"version-history":[{"count":0,"href":"https:\/\/guialimeira.com.br\/news\/wp-json\/wp\/v2\/posts\/11636\/revisions"}],"wp:featuredmedia":[{"embeddable":true,"href":"https:\/\/guialimeira.com.br\/news\/wp-json\/wp\/v2\/media\/11637"}],"wp:attachment":[{"href":"https:\/\/guialimeira.com.br\/news\/wp-json\/wp\/v2\/media?parent=11636"}],"wp:term":[{"taxonomy":"category","embeddable":true,"href":"https:\/\/guialimeira.com.br\/news\/wp-json\/wp\/v2\/categories?post=11636"},{"taxonomy":"post_tag","embeddable":true,"href":"https:\/\/guialimeira.com.br\/news\/wp-json\/wp\/v2\/tags?post=11636"}],"curies":[{"name":"wp","href":"https:\/\/api.w.org\/{rel}","templated":true}]}}