{"id":11616,"date":"2024-08-04T12:50:57","date_gmt":"2024-08-04T15:50:57","guid":{"rendered":"https:\/\/guialimeira.com.br\/2024\/08\/04\/fiocruz-inicia-56-novos-projetos-de-saude-integral-em-favelas-do-rj\/"},"modified":"2024-08-04T12:50:57","modified_gmt":"2024-08-04T15:50:57","slug":"fiocruz-inicia-56-novos-projetos-de-saude-integral-em-favelas-do-rj","status":"publish","type":"post","link":"https:\/\/guialimeira.com.br\/news\/fiocruz-inicia-56-novos-projetos-de-saude-integral-em-favelas-do-rj\/","title":{"rendered":"Fiocruz inicia 56 novos projetos de sa\u00fade integral em favelas do RJ"},"content":{"rendered":"<p> <br \/>\n<\/p>\n<div>\n<p>A Funda\u00e7\u00e3o Oswaldo Cruz (Fiocruz) come\u00e7ou esta semana 56 novos projetos de sa\u00fade integral em favelas do Rio de Janeiro. As a\u00e7\u00f5es ocorrem em parceria com institui\u00e7\u00f5es da sociedade civil e representam uma amplia\u00e7\u00e3o do plano iniciado em 2021. Os investimentos at\u00e9 agora s\u00e3o de R$ 22,2 milh\u00f5es em 146 projetos, em 33 cidades do estado. Cerca de 385 mil pessoas j\u00e1 foram beneficiadas.<img data-recalc-dims=\"1\" decoding=\"async\" src=\"https:\/\/i0.wp.com\/agenciabrasil.ebc.com.br\/ebc.png?w=696&#038;ssl=1\" style=\"width:1px; height:1px; display:inline;\"\/><img data-recalc-dims=\"1\" decoding=\"async\" src=\"https:\/\/i0.wp.com\/agenciabrasil.ebc.com.br\/ebc.gif?w=696&#038;ssl=1\" style=\"width:1px; height:1px; display:inline;\"\/><\/p>\n<p>Em evento na sexta-feira (2), representantes das organiza\u00e7\u00f5es sociais selecionadas pela chamada p\u00fablica receberam orienta\u00e7\u00f5es sobre cronogramas e processos para execu\u00e7\u00e3o dos projetos, assim como pain\u00e9is sobre a participa\u00e7\u00e3o das institui\u00e7\u00f5es parceiras.<\/p>\n<p>Nos pr\u00f3ximos meses, est\u00e3o previstas a\u00e7\u00f5es de treinamento profissional em sa\u00fade, atividades ligadas \u00e0 sa\u00fade mental, projetos para o desenvolvimento da agroecologia, iniciativas de comunica\u00e7\u00e3o e informa\u00e7\u00e3o com foco em arte e cultura, produ\u00e7\u00e3o de diagn\u00f3sticos sociais das pol\u00edticas e dos servi\u00e7os de sa\u00fade em favelas que integram o plano.<\/p>\n<p>\u201cO di\u00e1logo estreito da Fiocruz com os territ\u00f3rios \u00e9 fundamental para a sustentabilidade dessas a\u00e7\u00f5es e para a constru\u00e7\u00e3o de um sistema de sa\u00fade com participa\u00e7\u00e3o social. Essas comunidades n\u00e3o s\u00e3o apenas benefici\u00e1rias, mas verdadeiras parceiras, cujas experi\u00eancias guiam o desenvolvimento de estrat\u00e9gias eficazes e adaptadas \u00e0s suas necessidades\u201d, disse Mario Moreira, presidente da Fiocruz.<\/p>\n<p>As a\u00e7\u00f5es de sa\u00fade integral nas favelas receber\u00e3o R$ 5,6 milh\u00f5es. Cerca de 55% das propostas foram elaboradas por organiza\u00e7\u00f5es que n\u00e3o haviam participado do primeiro edital realizado pelo Plano Integrado de Sa\u00fade nas Favelas do Rio de Janeiro, em 2021.<\/p>\n<p>\u201cA entrada das novas institui\u00e7\u00f5es fortalecer\u00e1 ainda mais a descentraliza\u00e7\u00e3o das a\u00e7\u00f5es. Com a amplia\u00e7\u00e3o dessa rede sociot\u00e9cnica poderemos produzir uma avalia\u00e7\u00e3o substanciada desse impacto. A amplia\u00e7\u00e3o da participa\u00e7\u00e3o da sociedade civil na sa\u00fade nas favelas deve ser pensada no planejamento de pol\u00edticas p\u00fablicas com foco na redu\u00e7\u00e3o das desigualdades na sa\u00fade e em outras \u00e1reas\u201d, disse o coordenador-executivo do Plano Integrado de Sa\u00fade nas Favelas RJ &#8211; Fiocruz\/UFRJ\/Uerj\/PUC-Rio\/Abrasco\/SBPC\/Alerj, Richarlls Martins.<\/p>\n<p>A Fiocruz destaca o aumento de atividades em algumas cidades do estado: 15 nas favelas de Niter\u00f3i, oito nas de S\u00e3o Gon\u00e7alo, sete nas de Duque de Caxias, cinco nas de Mesquita e quatro em Itagua\u00ed e Belford Roxo.<\/p>\n<p>Tamb\u00e9m haver\u00e1 uma estrat\u00e9gia espec\u00edfica para a elabora\u00e7\u00e3o de um Plano Integrado de Sa\u00fade na Favela da Rocinha. O projeto vai mapear a\u00e7\u00f5es de vigil\u00e2ncia popular em sa\u00fade no territ\u00f3rio e produzir um documento que possa subsidiar a\u00e7\u00f5es coordenadas entre a gest\u00e3o p\u00fablica de sa\u00fade e a sociedade civil.<\/p>\n<\/p><\/div>\n<p><br \/>\n<br \/><a href=\"https:\/\/agenciabrasil.ebc.com.br\/saude\/noticia\/2024-08\/fiocruz-inicia-56-novos-projetos-de-saude-integral-em-favelas-do-rj\" rel=\"noopener\">Ag\u00eancia Brasil <\/a><\/p>\n","protected":false},"excerpt":{"rendered":"<p>A Funda\u00e7\u00e3o Oswaldo Cruz (Fiocruz) come\u00e7ou esta semana 56 novos projetos de sa\u00fade integral em favelas do Rio de Janeiro. As a\u00e7\u00f5es ocorrem em parceria com institui\u00e7\u00f5es da sociedade civil e representam uma amplia\u00e7\u00e3o do plano iniciado em 2021. Os investimentos at\u00e9 agora s\u00e3o de R$ 22,2 milh\u00f5es em 146 projetos, em 33 cidades do [&hellip;]<\/p>\n","protected":false},"author":1,"featured_media":269,"comment_status":"open","ping_status":"open","sticky":false,"template":"","format":"standard","meta":{"_jetpack_newsletter_access":"","_jetpack_dont_email_post_to_subs":false,"_jetpack_newsletter_tier_id":0,"_jetpack_memberships_contains_paywalled_content":false,"_mbp_banners":[],"_jetpack_feature_clip_id":0,"_jetpack_memberships_contains_paid_content":false,"footnotes":"","jetpack_publicize_message":"","jetpack_publicize_feature_enabled":true,"jetpack_social_post_already_shared":true,"jetpack_social_options":{"image_generator_settings":{"template":"highway","default_image_id":0,"font":"","enabled":false},"version":2},"jetpack_post_was_ever_published":false},"categories":[15],"tags":[],"class_list":["post-11616","post","type-post","status-publish","format-standard","has-post-thumbnail","category-saude"],"jetpack_publicize_connections":[],"jetpack-related-posts":[],"jetpack_shortlink":"https:\/\/wp.me\/p7Eq1F-31m","jetpack_sharing_enabled":true,"jetpack_featured_media_url":"https:\/\/i0.wp.com\/guialimeira.com.br\/news\/wp-content\/uploads\/2024\/03\/thumb_1200x600_agbrasil.png?fit=1200%2C600&ssl=1","_links":{"self":[{"href":"https:\/\/guialimeira.com.br\/news\/wp-json\/wp\/v2\/posts\/11616","targetHints":{"allow":["GET"]}}],"collection":[{"href":"https:\/\/guialimeira.com.br\/news\/wp-json\/wp\/v2\/posts"}],"about":[{"href":"https:\/\/guialimeira.com.br\/news\/wp-json\/wp\/v2\/types\/post"}],"author":[{"embeddable":true,"href":"https:\/\/guialimeira.com.br\/news\/wp-json\/wp\/v2\/users\/1"}],"replies":[{"embeddable":true,"href":"https:\/\/guialimeira.com.br\/news\/wp-json\/wp\/v2\/comments?post=11616"}],"version-history":[{"count":0,"href":"https:\/\/guialimeira.com.br\/news\/wp-json\/wp\/v2\/posts\/11616\/revisions"}],"wp:featuredmedia":[{"embeddable":true,"href":"https:\/\/guialimeira.com.br\/news\/wp-json\/wp\/v2\/media\/269"}],"wp:attachment":[{"href":"https:\/\/guialimeira.com.br\/news\/wp-json\/wp\/v2\/media?parent=11616"}],"wp:term":[{"taxonomy":"category","embeddable":true,"href":"https:\/\/guialimeira.com.br\/news\/wp-json\/wp\/v2\/categories?post=11616"},{"taxonomy":"post_tag","embeddable":true,"href":"https:\/\/guialimeira.com.br\/news\/wp-json\/wp\/v2\/tags?post=11616"}],"curies":[{"name":"wp","href":"https:\/\/api.w.org\/{rel}","templated":true}]}}