{"id":11614,"date":"2024-08-04T11:58:55","date_gmt":"2024-08-04T14:58:55","guid":{"rendered":"https:\/\/guialimeira.com.br\/2024\/08\/04\/embaixada-do-brasil-no-libano-pede-que-brasileiros-deixem-o-pais\/"},"modified":"2024-08-04T11:58:55","modified_gmt":"2024-08-04T14:58:55","slug":"embaixada-do-brasil-no-libano-pede-que-brasileiros-deixem-o-pais","status":"publish","type":"post","link":"https:\/\/guialimeira.com.br\/news\/embaixada-do-brasil-no-libano-pede-que-brasileiros-deixem-o-pais\/","title":{"rendered":"Embaixada do Brasil no L\u00edbano pede que brasileiros deixem o pa\u00eds"},"content":{"rendered":"<p> <br \/>\n<\/p>\n<div>\n<p>Em meio \u00e0 escalada de tens\u00e3o no Oriente M\u00e9dio, a Embaixada do Brasil em Beirute orienta brasileiros que vivem no L\u00edbano ou est\u00e3o de passagem que considerem deixar o pa\u00eds &#8220;por meios pr\u00f3prios, at\u00e9 o retorno da normalidade\u201d.\u00a0<img data-recalc-dims=\"1\" decoding=\"async\" src=\"https:\/\/i0.wp.com\/agenciabrasil.ebc.com.br\/ebc.png?w=696&#038;ssl=1\" style=\"width:1px; height:1px; display:inline;\"\/><img data-recalc-dims=\"1\" decoding=\"async\" src=\"https:\/\/i0.wp.com\/agenciabrasil.ebc.com.br\/ebc.gif?w=696&#038;ssl=1\" style=\"width:1px; height:1px; display:inline;\"\/><\/p>\n<p>Em nota, a embaixada pede ainda que brasileiros que n\u00e3o estejam no L\u00edbano n\u00e3o viagem ao pa\u00eds neste momento. \u201cAos nacionais que julguem essencial a estadia no L\u00edbano, evitar permanecer no sul do pa\u00eds, em zonas de fronteira ou em outras \u00e1reas de reconhecido risco\u201d.\u00a0<\/p>\n<p>No comunicado, a embaixada tamb\u00e9m recomenda que brasileiros adotem todas as indica\u00e7\u00f5es de seguran\u00e7a sugeridas por autoridades libanesas, com aten\u00e7\u00e3o \u00e0s \u00e1reas consideradas de risco, e que reforcem medidas de precau\u00e7\u00e3o.\u00a0<\/p>\n<p>Outras orienta\u00e7\u00f5es listadas pela embaixada incluem n\u00e3o fazer parte de aglomera\u00e7\u00f5es e protestos; procurar estar informado sobre a situa\u00e7\u00e3o atual do pa\u00eds e acompanhar os canais de comunica\u00e7\u00e3o; verificar se o passaporte possui ao menos seis meses de validade; e certificar-se de que possui documento de nacionalidade brasileiro (como certid\u00e3o de nascimento) e\/ou carteira de identidade v\u00e1lida brasileira ou libanesa.<\/p>\n<p>Para manter os dados de cadastramento atualizados junto ao setor consular da embaixada, \u00e9 preciso preencher o <a href=\"https:\/\/forms.office.com\/r\/HjhvhDiHFK\" target=\"_blank\" rel=\"noopener\">formul\u00e1rio de cadastro consular<\/a>.\u00a0<\/p>\n<p>Veja, abaixo, os canais de contato com a embaixada:<\/p>\n<p><strong>P\u00e1gina web<\/strong><\/p>\n<p>https:\/\/beirute.itamaraty.gov.br\/\u00a0<\/p>\n<p><strong>Facebook<\/strong><\/p>\n<p>Embassy of Brazil in Beirut<\/p>\n<p><strong>Twitter<\/strong><\/p>\n<p>twitter.com\/ebeirute<\/p>\n<p><strong>Comunidade Whatsapp<\/strong><\/p>\n<p>https:\/\/chat.whatsapp.com\/J0GirtTkZ4ELaM7gAfb3Lb<\/p>\n<p><strong>E-mails:<\/strong><\/p>\n<p>consular.beirute@itamaraty.gov.br\u00a0<\/p>\n<p>brasemb.beirute@itamaraty.gov.br<\/p>\n<p>Em caso de emerg\u00eancia consular, o telefone de plant\u00e3o \u00e9\u00a0+961 70 108 374\u00a0(plant\u00e3o consular no L\u00edbano, 24h) ou\u00a0+55 61 98260-0610\u00a0(plant\u00e3o consular do Minist\u00e9rio das Rela\u00e7\u00f5es Exteriores do Brasil, 24h).<\/p>\n<h2>Entenda<\/h2>\n<p>O Ir\u00e3 prometeu responder ao <a href=\"https:\/\/agenciabrasil.ebc.com.br\/internacional\/noticia\/2024-07\/lider-do-hamas-ismail-haniyeh-morre-em-teera-movimento-acusa-israel\" target=\"_blank\" rel=\"noopener\">assassinato do l\u00edder do Hamas, Ismail Haniyeh<\/a>, na semana passada, em Teer\u00e3 &#8211; um de uma s\u00e9rie de assassinatos de figuras importantes do grupo militante palestino, enquanto a guerra entre Israel e o Hamas, na Faixa de Gaza, se intensifica.\u00a0<\/p>\n<p>Tanto o Ir\u00e3 quanto o Hamas acusam Israel de ter cometido o assassinato e prometeram retaliar o inimigo. Israel, por sua vez, n\u00e3o reivindicou a responsabilidade pela morte nem a negou.\u00a0<\/p>\n<p>O ataque foi um dos v\u00e1rios que mataram figuras importantes do Hamas e do movimento liban\u00eas Hezbollah, alimentando a preocupa\u00e7\u00e3o de que a guerra em Gaza se transforme um um conflito regional.\u00a0<\/p>\n<p>Ap\u00f3s as amea\u00e7as do Ir\u00e3 e de seus aliados, Hamas e Hezbollah, o Pent\u00e1gono informou que as For\u00e7as Armadas norte-americanas v\u00e3o enviar novos ca\u00e7as e navios de guerra ao Oriente M\u00e9dio.\u00a0<\/p>\n<\/p><\/div>\n<p><script async src=\"\/\/platform.twitter.com\/widgets.js\" charset=\"utf-8\"><\/script><br \/>\n<br \/><br \/>\n<br \/><a href=\"https:\/\/agenciabrasil.ebc.com.br\/internacional\/noticia\/2024-08\/embaixada-do-brasil-no-libano-pede-que-brasileiros-deixem-o-pais\" rel=\"noopener\">Ag\u00eancia Brasil <\/a><\/p>\n","protected":false},"excerpt":{"rendered":"<p>Em meio \u00e0 escalada de tens\u00e3o no Oriente M\u00e9dio, a Embaixada do Brasil em Beirute orienta brasileiros que vivem no L\u00edbano ou est\u00e3o de passagem que considerem deixar o pa\u00eds &#8220;por meios pr\u00f3prios, at\u00e9 o retorno da normalidade\u201d.\u00a0 Em nota, a embaixada pede ainda que brasileiros que n\u00e3o estejam no L\u00edbano n\u00e3o viagem ao pa\u00eds [&hellip;]<\/p>\n","protected":false},"author":1,"featured_media":269,"comment_status":"open","ping_status":"open","sticky":false,"template":"","format":"standard","meta":{"_jetpack_newsletter_access":"","_jetpack_dont_email_post_to_subs":false,"_jetpack_newsletter_tier_id":0,"_jetpack_memberships_contains_paywalled_content":false,"_mbp_banners":[],"_jetpack_feature_clip_id":0,"_jetpack_memberships_contains_paid_content":false,"footnotes":"","jetpack_publicize_message":"","jetpack_publicize_feature_enabled":true,"jetpack_social_post_already_shared":true,"jetpack_social_options":{"image_generator_settings":{"template":"highway","default_image_id":0,"font":"","enabled":false},"version":2},"jetpack_post_was_ever_published":false},"categories":[25],"tags":[],"class_list":["post-11614","post","type-post","status-publish","format-standard","has-post-thumbnail","category-internacional"],"jetpack_publicize_connections":[],"jetpack-related-posts":[],"jetpack_shortlink":"https:\/\/wp.me\/p7Eq1F-31k","jetpack_sharing_enabled":true,"jetpack_featured_media_url":"https:\/\/i0.wp.com\/guialimeira.com.br\/news\/wp-content\/uploads\/2024\/03\/thumb_1200x600_agbrasil.png?fit=1200%2C600&ssl=1","_links":{"self":[{"href":"https:\/\/guialimeira.com.br\/news\/wp-json\/wp\/v2\/posts\/11614","targetHints":{"allow":["GET"]}}],"collection":[{"href":"https:\/\/guialimeira.com.br\/news\/wp-json\/wp\/v2\/posts"}],"about":[{"href":"https:\/\/guialimeira.com.br\/news\/wp-json\/wp\/v2\/types\/post"}],"author":[{"embeddable":true,"href":"https:\/\/guialimeira.com.br\/news\/wp-json\/wp\/v2\/users\/1"}],"replies":[{"embeddable":true,"href":"https:\/\/guialimeira.com.br\/news\/wp-json\/wp\/v2\/comments?post=11614"}],"version-history":[{"count":0,"href":"https:\/\/guialimeira.com.br\/news\/wp-json\/wp\/v2\/posts\/11614\/revisions"}],"wp:featuredmedia":[{"embeddable":true,"href":"https:\/\/guialimeira.com.br\/news\/wp-json\/wp\/v2\/media\/269"}],"wp:attachment":[{"href":"https:\/\/guialimeira.com.br\/news\/wp-json\/wp\/v2\/media?parent=11614"}],"wp:term":[{"taxonomy":"category","embeddable":true,"href":"https:\/\/guialimeira.com.br\/news\/wp-json\/wp\/v2\/categories?post=11614"},{"taxonomy":"post_tag","embeddable":true,"href":"https:\/\/guialimeira.com.br\/news\/wp-json\/wp\/v2\/tags?post=11614"}],"curies":[{"name":"wp","href":"https:\/\/api.w.org\/{rel}","templated":true}]}}