{"id":11604,"date":"2024-08-03T20:57:55","date_gmt":"2024-08-03T23:57:55","guid":{"rendered":"https:\/\/guialimeira.com.br\/2024\/08\/03\/organizacao-adia-disputa-das-semifinais-do-torneio-de-surfe-olimpico\/"},"modified":"2024-08-03T20:57:55","modified_gmt":"2024-08-03T23:57:55","slug":"organizacao-adia-disputa-das-semifinais-do-torneio-de-surfe-olimpico","status":"publish","type":"post","link":"https:\/\/guialimeira.com.br\/news\/organizacao-adia-disputa-das-semifinais-do-torneio-de-surfe-olimpico\/","title":{"rendered":"Organiza\u00e7\u00e3o adia disputa das semifinais do torneio de surfe ol\u00edmpico"},"content":{"rendered":"<p> <br \/>\n<\/p>\n<div>\n<p>Os brasileiros ter\u00e3o que esperar mais um pouco para acompanhar os brasileiros Gabriel Medina e Tatiana Weston-Webb nas semifinais do torneio de surfe dos Jogos Ol\u00edmpicos de Paris (Fran\u00e7a). Isto porque o mar de Teahupoo (Taiti) n\u00e3o apresentou boas condi\u00e7\u00f5es neste s\u00e1bado (3) e a organiza\u00e7\u00e3o do torneio de surfe informou que a disputa foi adiada para a pr\u00f3xima segunda (5), \u00faltimo dia da janela de competi\u00e7\u00e3o.<img data-recalc-dims=\"1\" decoding=\"async\" src=\"https:\/\/i0.wp.com\/agenciabrasil.ebc.com.br\/ebc.png?w=696&#038;ssl=1\" style=\"width:1px; height:1px; display:inline;\"\/><img data-recalc-dims=\"1\" decoding=\"async\" src=\"https:\/\/i0.wp.com\/agenciabrasil.ebc.com.br\/ebc.gif?w=696&#038;ssl=1\" style=\"width:1px; height:1px; display:inline;\"\/><\/p>\n<blockquote class=\"twitter-tweet\">\n<p dir=\"ltr\" lang=\"pt\" xml:lang=\"pt\">\ud83d\udea8 ATUALIZA\u00c7\u00c3O SOBRE O SURFE \ud83d\udea8:<\/p>\n<p>Hoje, mais uma vez, n\u00e3o teremos surfe. Algu\u00e9m deixou os deuses do mar bolados e as decis\u00f5es no Taiti ficaram para a SEGUNDA-FEIRA (05). \ud83d\udeab\ud83c\udf0a<\/p>\n<p>Algu\u00e9m tem o contato da Ariel a\u00ed, por favor?! \ud83e\udddc\u200d\u2640\ufe0f<a href=\"https:\/\/twitter.com\/hashtag\/JogosOl%C3%ADmpicos?src=hash&amp;ref_src=twsrc%5Etfw\" rel=\"noopener\">#JogosOl\u00edmpicos<\/a> <a href=\"https:\/\/twitter.com\/hashtag\/TimeBrasil?src=hash&amp;ref_src=twsrc%5Etfw\" rel=\"noopener\">#TimeBrasil<\/a> <a href=\"https:\/\/twitter.com\/hashtag\/Paris2024?src=hash&amp;ref_src=twsrc%5Etfw\" rel=\"noopener\">#Paris2024<\/a> <a href=\"https:\/\/t.co\/wZANJLnRHL\">pic.twitter.com\/wZANJLnRHL<\/a><\/p>\n<p>\u2014 Time Brasil (@timebrasil) <a href=\"https:\/\/twitter.com\/timebrasil\/status\/1819826932386877784?ref_src=twsrc%5Etfw\" rel=\"noopener\">August 3, 2024<\/a><\/p><\/blockquote>\n<p>Gabriel Medina chega com moral ap\u00f3s derrotar o tamb\u00e9m brasileiro Jo\u00e3o Chianca nas quartas de final. Agora o surfista de S\u00e3o Sebasti\u00e3o medir\u00e1 for\u00e7as com o australiano Jack Robinson para buscar uma vaga na grande decis\u00e3o.<\/p>\n<p>Na disputa feminina o Brasil ser\u00e1 representado por Tatiana Weston-Webb, que enfrentar\u00e1 na semifinal a costarriquenha Brisa Hennessey, que superou a brasileira Luana Silva por 6,37 a 5,47 nas quartas de final e impediu uma semifinal brasileira no feminino.<\/p>\n<\/p><\/div>\n<p><script async src=\"\/\/platform.twitter.com\/widgets.js\" charset=\"utf-8\"><\/script><br \/>\n<br \/><br \/>\n<br \/><a href=\"https:\/\/agenciabrasil.ebc.com.br\/esportes\/noticia\/2024-08\/organizacao-adia-disputa-das-semifinais-do-torneio-de-surfe-olimpico\" rel=\"noopener\">Ag\u00eancia Brasil<\/a><\/p>\n","protected":false},"excerpt":{"rendered":"<p>Os brasileiros ter\u00e3o que esperar mais um pouco para acompanhar os brasileiros Gabriel Medina e Tatiana Weston-Webb nas semifinais do torneio de surfe dos Jogos Ol\u00edmpicos de Paris (Fran\u00e7a). Isto porque o mar de Teahupoo (Taiti) n\u00e3o apresentou boas condi\u00e7\u00f5es neste s\u00e1bado (3) e a organiza\u00e7\u00e3o do torneio de surfe informou que a disputa foi [&hellip;]<\/p>\n","protected":false},"author":1,"featured_media":11605,"comment_status":"open","ping_status":"open","sticky":false,"template":"","format":"standard","meta":{"_jetpack_newsletter_access":"","_jetpack_dont_email_post_to_subs":false,"_jetpack_newsletter_tier_id":0,"_jetpack_memberships_contains_paywalled_content":false,"_mbp_banners":[],"_jetpack_feature_clip_id":0,"_jetpack_memberships_contains_paid_content":false,"footnotes":"","jetpack_publicize_message":"","jetpack_publicize_feature_enabled":true,"jetpack_social_post_already_shared":true,"jetpack_social_options":{"image_generator_settings":{"template":"highway","default_image_id":0,"font":"","enabled":false},"version":2},"jetpack_post_was_ever_published":false},"categories":[23],"tags":[],"class_list":["post-11604","post","type-post","status-publish","format-standard","has-post-thumbnail","category-esportes"],"jetpack_publicize_connections":[],"jetpack-related-posts":[],"jetpack_shortlink":"https:\/\/wp.me\/p7Eq1F-31a","jetpack_sharing_enabled":true,"jetpack_featured_media_url":"https:\/\/i0.wp.com\/guialimeira.com.br\/news\/wp-content\/uploads\/2024\/08\/tati_weston_webb_esta_na_semifinal_dos_jogos_olimpicos_96428e2924.jpg?fit=1600%2C800&ssl=1","_links":{"self":[{"href":"https:\/\/guialimeira.com.br\/news\/wp-json\/wp\/v2\/posts\/11604","targetHints":{"allow":["GET"]}}],"collection":[{"href":"https:\/\/guialimeira.com.br\/news\/wp-json\/wp\/v2\/posts"}],"about":[{"href":"https:\/\/guialimeira.com.br\/news\/wp-json\/wp\/v2\/types\/post"}],"author":[{"embeddable":true,"href":"https:\/\/guialimeira.com.br\/news\/wp-json\/wp\/v2\/users\/1"}],"replies":[{"embeddable":true,"href":"https:\/\/guialimeira.com.br\/news\/wp-json\/wp\/v2\/comments?post=11604"}],"version-history":[{"count":0,"href":"https:\/\/guialimeira.com.br\/news\/wp-json\/wp\/v2\/posts\/11604\/revisions"}],"wp:featuredmedia":[{"embeddable":true,"href":"https:\/\/guialimeira.com.br\/news\/wp-json\/wp\/v2\/media\/11605"}],"wp:attachment":[{"href":"https:\/\/guialimeira.com.br\/news\/wp-json\/wp\/v2\/media?parent=11604"}],"wp:term":[{"taxonomy":"category","embeddable":true,"href":"https:\/\/guialimeira.com.br\/news\/wp-json\/wp\/v2\/categories?post=11604"},{"taxonomy":"post_tag","embeddable":true,"href":"https:\/\/guialimeira.com.br\/news\/wp-json\/wp\/v2\/tags?post=11604"}],"curies":[{"name":"wp","href":"https:\/\/api.w.org\/{rel}","templated":true}]}}