{"id":11598,"date":"2024-08-03T18:41:55","date_gmt":"2024-08-03T21:41:55","guid":{"rendered":"https:\/\/guialimeira.com.br\/2024\/08\/03\/venezuela-tem-dia-de-protestos-da-oposicao-e-de-apoiadores-de-maduro\/"},"modified":"2024-08-03T18:41:55","modified_gmt":"2024-08-03T21:41:55","slug":"venezuela-tem-dia-de-protestos-da-oposicao-e-de-apoiadores-de-maduro","status":"publish","type":"post","link":"https:\/\/guialimeira.com.br\/news\/venezuela-tem-dia-de-protestos-da-oposicao-e-de-apoiadores-de-maduro\/","title":{"rendered":"Venezuela tem dia de protestos da oposi\u00e7\u00e3o e de apoiadores de Maduro"},"content":{"rendered":"<p> <br \/>\n<\/p>\n<div>\n<p>Milhares de venezuelanos sa\u00edram \u00e0s ruas neste s\u00e1bado (3) em protesto contra o que consideram ser a reelei\u00e7\u00e3o fraudulenta do presidente Nicol\u00e1s Maduro. A l\u00edder da oposi\u00e7\u00e3o, Mar\u00eda Corina Machado, que estava escondida por temer pela sua vida, juntou-se aos protestos em Caracas. Maduro tamb\u00e9m convocou uma manifesta\u00e7\u00e3o de apoiadores e acusou a oposi\u00e7\u00e3o de planejar um ataque nas ruas.<img data-recalc-dims=\"1\" decoding=\"async\" src=\"https:\/\/i0.wp.com\/agenciabrasil.ebc.com.br\/ebc.png?w=696&#038;ssl=1\" style=\"width:1px; height:1px; display:inline;\"\/><img data-recalc-dims=\"1\" decoding=\"async\" src=\"https:\/\/i0.wp.com\/agenciabrasil.ebc.com.br\/ebc.gif?w=696&#038;ssl=1\" style=\"width:1px; height:1px; display:inline;\"\/><\/p>\n<p>Mar\u00eda Corina Machado foi recebida na manifesta\u00e7\u00e3o de rejei\u00e7\u00e3o dos resultados oficiais das elei\u00e7\u00f5es presidenciais com gritos de &#8220;liberdade&#8221; pelos milhares de participantes.<\/p>\n<p>A autoridade eleitoral venezuelana, vista por cr\u00edticos como parcial ao partido socialista da situa\u00e7\u00e3o, proclamou Nicol\u00e1s Maduro como vencedor da elei\u00e7\u00e3o do \u00faltimo domingo (28 de julho), ao contabilizar que ele teve 51% dos votos contra 46% do candidato da oposi\u00e7\u00e3o, Edmundo Gonz\u00e1lez. A entidade reafirmou uma margem similar na sexta-feira (2).<\/p>\n<p>O resultado eleitoral motivou alega\u00e7\u00f5es generalizadas de fraude e diversos protestos, que foram combatidos pelas for\u00e7as de seguran\u00e7a do governo Maduro, que os classificou como parte de uma tentativa de golpe de Estado patrocinada pelos Estados Unidos.<\/p>\n<p>At\u00e9 agora, pelo menos 20 pessoas foram mortas nos protestos depois da elei\u00e7\u00e3o, de acordo com o grupo de defesa de direitos Human Rights Watch. Outras 1,2 mil foram presas em conex\u00e3o com as manifesta\u00e7\u00f5es, segundo o governo.<\/p>\n<p><em>*Com informa\u00e7\u00f5es da Reuters, Lusa e RTP<\/em><\/p>\n<\/p><\/div>\n<p><br \/>\n<br \/><a href=\"https:\/\/agenciabrasil.ebc.com.br\/internacional\/noticia\/2024-08\/venezuela-tem-dia-de-protestos-da-oposicao-e-de-apoiadores-de-maduro\" rel=\"noopener\">Ag\u00eancia Brasil <\/a><\/p>\n","protected":false},"excerpt":{"rendered":"<p>Milhares de venezuelanos sa\u00edram \u00e0s ruas neste s\u00e1bado (3) em protesto contra o que consideram ser a reelei\u00e7\u00e3o fraudulenta do presidente Nicol\u00e1s Maduro. A l\u00edder da oposi\u00e7\u00e3o, Mar\u00eda Corina Machado, que estava escondida por temer pela sua vida, juntou-se aos protestos em Caracas. Maduro tamb\u00e9m convocou uma manifesta\u00e7\u00e3o de apoiadores e acusou a oposi\u00e7\u00e3o de [&hellip;]<\/p>\n","protected":false},"author":1,"featured_media":11599,"comment_status":"open","ping_status":"open","sticky":false,"template":"","format":"standard","meta":{"_jetpack_newsletter_access":"","_jetpack_dont_email_post_to_subs":false,"_jetpack_newsletter_tier_id":0,"_jetpack_memberships_contains_paywalled_content":false,"_mbp_banners":[],"_jetpack_feature_clip_id":0,"_jetpack_memberships_contains_paid_content":false,"footnotes":"","jetpack_publicize_message":"","jetpack_publicize_feature_enabled":true,"jetpack_social_post_already_shared":true,"jetpack_social_options":{"image_generator_settings":{"template":"highway","default_image_id":0,"font":"","enabled":false},"version":2},"jetpack_post_was_ever_published":false},"categories":[25],"tags":[],"class_list":["post-11598","post","type-post","status-publish","format-standard","has-post-thumbnail","category-internacional"],"jetpack_publicize_connections":[],"jetpack-related-posts":[],"jetpack_shortlink":"https:\/\/wp.me\/p7Eq1F-314","jetpack_sharing_enabled":true,"jetpack_featured_media_url":"https:\/\/i0.wp.com\/guialimeira.com.br\/news\/wp-content\/uploads\/2024\/08\/2024-08-03t200337z_230787324_rc2h89a6zpt3_rtrmadp_3_venezuela-election-colombia.jpg?fit=1600%2C800&ssl=1","_links":{"self":[{"href":"https:\/\/guialimeira.com.br\/news\/wp-json\/wp\/v2\/posts\/11598","targetHints":{"allow":["GET"]}}],"collection":[{"href":"https:\/\/guialimeira.com.br\/news\/wp-json\/wp\/v2\/posts"}],"about":[{"href":"https:\/\/guialimeira.com.br\/news\/wp-json\/wp\/v2\/types\/post"}],"author":[{"embeddable":true,"href":"https:\/\/guialimeira.com.br\/news\/wp-json\/wp\/v2\/users\/1"}],"replies":[{"embeddable":true,"href":"https:\/\/guialimeira.com.br\/news\/wp-json\/wp\/v2\/comments?post=11598"}],"version-history":[{"count":0,"href":"https:\/\/guialimeira.com.br\/news\/wp-json\/wp\/v2\/posts\/11598\/revisions"}],"wp:featuredmedia":[{"embeddable":true,"href":"https:\/\/guialimeira.com.br\/news\/wp-json\/wp\/v2\/media\/11599"}],"wp:attachment":[{"href":"https:\/\/guialimeira.com.br\/news\/wp-json\/wp\/v2\/media?parent=11598"}],"wp:term":[{"taxonomy":"category","embeddable":true,"href":"https:\/\/guialimeira.com.br\/news\/wp-json\/wp\/v2\/categories?post=11598"},{"taxonomy":"post_tag","embeddable":true,"href":"https:\/\/guialimeira.com.br\/news\/wp-json\/wp\/v2\/tags?post=11598"}],"curies":[{"name":"wp","href":"https:\/\/api.w.org\/{rel}","templated":true}]}}