{"id":11563,"date":"2024-08-03T10:47:56","date_gmt":"2024-08-03T13:47:56","guid":{"rendered":"https:\/\/guialimeira.com.br\/2024\/08\/03\/tiro-com-arco-ana-luiza-caetano-se-despede-nas-oitavas-de-final\/"},"modified":"2024-08-03T10:47:56","modified_gmt":"2024-08-03T13:47:56","slug":"tiro-com-arco-ana-luiza-caetano-se-despede-nas-oitavas-de-final","status":"publish","type":"post","link":"https:\/\/guialimeira.com.br\/news\/tiro-com-arco-ana-luiza-caetano-se-despede-nas-oitavas-de-final\/","title":{"rendered":"Tiro com arco: Ana Luiza Caetano se despede nas oitavas de final"},"content":{"rendered":"<p> <br \/>\n<\/p>\n<div>\n<p>A carioca Ana Luiza Caetano, de 21 anos, se despediu dos Jogos Ol\u00edmpicos de Paris nas oitavas de final do tiro com arco. Ela igualou o melhor resultado j\u00e1 obtido por uma brasileira no torneio ol\u00edmpico, repetindo o desempenho de Ane Marcelle dos Santos na edi\u00e7\u00e3o do Rio, em 2016.<img data-recalc-dims=\"1\" decoding=\"async\" src=\"https:\/\/i0.wp.com\/agenciabrasil.ebc.com.br\/ebc.png?w=696&#038;ssl=1\" style=\"width:1px; height:1px; display:inline;\"\/><img data-recalc-dims=\"1\" decoding=\"async\" src=\"https:\/\/i0.wp.com\/agenciabrasil.ebc.com.br\/ebc.gif?w=696&#038;ssl=1\" style=\"width:1px; height:1px; display:inline;\"\/><\/p>\n<p>Depois de avan\u00e7ar com duas vit\u00f3rias nas rodadas preliminares disputadas na \u00faltima ter\u00e7a-feira (30), Ana Luiza buscava uma in\u00e9dita vaga nas quartas de final. A advers\u00e1ria foi a francesa Lisa Barbelin, n\u00famero 11 no <em>ranking<\/em> mundial. Ana at\u00e9 conseguiu um bom desempenho diante da atleta da casa e venceu um dos sets, mas acabou derrotada na pontua\u00e7\u00e3o final por 6 a 2. As parciais nos sets foram apertadas: 28\/25, 26\/27, 28\/27 e 28\/27.<\/p>\n<p>\u201cEstou frustrada. Foi muito perto, todos os sets foram por uma dist\u00e2ncia muito pequena. Demorei para me adaptar ao vento, mas consegui me ajustar e entrar no clima da prova, mesmo com a torcida contra. Estou feliz com meu jogo, n\u00e3o com o resultado. Fiz um jogo apertado, isso mostra o quanto o Brasil est\u00e1 crescendo e \u00e9 respeitado no esporte. \u00c9 um passo\u201d, afirmou Ana Luiza em entrevista ao Comit\u00ea Ol\u00edmpico do Brasil.<\/p>\n<p>Nessa sexta-feira(2), a arqueira carioca j\u00e1 tinha sido eliminada nas oitavas de final do torneio de equipes mistas, quando competiu ao lado de Marcus D\u2019Almeida. Eles foram superados pela equipe do M\u00e9xico. O ouro no torneio misto foi para a Coreia do Sul, a prata ficou com a Alemanha e a dupla dos Estados Unidos conquistou o bronze.<\/p>\n<h2>Marcus D\u2019Almeida disputa oitavas de final<\/h2>\n<p>No domingo (4), a partir das 5h09, no hor\u00e1rio de Bras\u00edlia, \u00e9 a vez de Marcus D\u2019Almeida disputar uma vaga nas quartas de final. O atual n\u00famero um do mundo ter\u00e1 um duelo dif\u00edcil pela frente contra o sul-coreano Kim Woojin, atual campe\u00e3o ol\u00edmpico no individual e que ontem levou o ouro nas equipes mistas. Woojin foi o atleta com o melhor ranqueamento no in\u00edcio das competi\u00e7\u00f5es nos Jogos de Paris. Marcus tenta superar o melhor resultado j\u00e1 alcan\u00e7ado por ele em Olimp\u00edadas. Na edi\u00e7\u00e3o de T\u00f3quio, em 2021, ele acabou eliminado nas oitavas de final.<\/p>\n<p>\u00a0<\/p>\n<\/p><\/div>\n<p><br \/>\n<br \/><a href=\"https:\/\/agenciabrasil.ebc.com.br\/esportes\/noticia\/2024-08\/tiro-com-arco-ana-luiza-caetano-se-despede-nas-oitavas-de-final\" rel=\"noopener\">Ag\u00eancia Brasil<\/a><\/p>\n","protected":false},"excerpt":{"rendered":"<p>A carioca Ana Luiza Caetano, de 21 anos, se despediu dos Jogos Ol\u00edmpicos de Paris nas oitavas de final do tiro com arco. Ela igualou o melhor resultado j\u00e1 obtido por uma brasileira no torneio ol\u00edmpico, repetindo o desempenho de Ane Marcelle dos Santos na edi\u00e7\u00e3o do Rio, em 2016. Depois de avan\u00e7ar com duas [&hellip;]<\/p>\n","protected":false},"author":1,"featured_media":11564,"comment_status":"open","ping_status":"open","sticky":false,"template":"","format":"standard","meta":{"_jetpack_newsletter_access":"","_jetpack_dont_email_post_to_subs":false,"_jetpack_newsletter_tier_id":0,"_jetpack_memberships_contains_paywalled_content":false,"_mbp_banners":[],"_jetpack_feature_clip_id":0,"_jetpack_memberships_contains_paid_content":false,"footnotes":"","jetpack_publicize_message":"","jetpack_publicize_feature_enabled":true,"jetpack_social_post_already_shared":true,"jetpack_social_options":{"image_generator_settings":{"template":"highway","default_image_id":0,"font":"","enabled":false},"version":2},"jetpack_post_was_ever_published":false},"categories":[23],"tags":[],"class_list":["post-11563","post","type-post","status-publish","format-standard","has-post-thumbnail","category-esportes"],"jetpack_publicize_connections":[],"jetpack-related-posts":[],"jetpack_shortlink":"https:\/\/wp.me\/p7Eq1F-30v","jetpack_sharing_enabled":true,"jetpack_featured_media_url":"https:\/\/i0.wp.com\/guialimeira.com.br\/news\/wp-content\/uploads\/2024\/08\/ana_luisa_lulu_tiro_com_arco.jpg?fit=1600%2C800&ssl=1","_links":{"self":[{"href":"https:\/\/guialimeira.com.br\/news\/wp-json\/wp\/v2\/posts\/11563","targetHints":{"allow":["GET"]}}],"collection":[{"href":"https:\/\/guialimeira.com.br\/news\/wp-json\/wp\/v2\/posts"}],"about":[{"href":"https:\/\/guialimeira.com.br\/news\/wp-json\/wp\/v2\/types\/post"}],"author":[{"embeddable":true,"href":"https:\/\/guialimeira.com.br\/news\/wp-json\/wp\/v2\/users\/1"}],"replies":[{"embeddable":true,"href":"https:\/\/guialimeira.com.br\/news\/wp-json\/wp\/v2\/comments?post=11563"}],"version-history":[{"count":0,"href":"https:\/\/guialimeira.com.br\/news\/wp-json\/wp\/v2\/posts\/11563\/revisions"}],"wp:featuredmedia":[{"embeddable":true,"href":"https:\/\/guialimeira.com.br\/news\/wp-json\/wp\/v2\/media\/11564"}],"wp:attachment":[{"href":"https:\/\/guialimeira.com.br\/news\/wp-json\/wp\/v2\/media?parent=11563"}],"wp:term":[{"taxonomy":"category","embeddable":true,"href":"https:\/\/guialimeira.com.br\/news\/wp-json\/wp\/v2\/categories?post=11563"},{"taxonomy":"post_tag","embeddable":true,"href":"https:\/\/guialimeira.com.br\/news\/wp-json\/wp\/v2\/tags?post=11563"}],"curies":[{"name":"wp","href":"https:\/\/api.w.org\/{rel}","templated":true}]}}