{"id":1154,"date":"2024-04-07T21:10:43","date_gmt":"2024-04-08T00:10:43","guid":{"rendered":"https:\/\/guialimeira.com.br\/2024\/04\/07\/velorio-de-ziraldo-sera-na-manha-de-domingo-7\/"},"modified":"2024-04-07T21:10:43","modified_gmt":"2024-04-08T00:10:43","slug":"velorio-de-ziraldo-sera-na-manha-de-domingo-7","status":"publish","type":"post","link":"https:\/\/guialimeira.com.br\/news\/velorio-de-ziraldo-sera-na-manha-de-domingo-7\/","title":{"rendered":"Vel\u00f3rio de Ziraldo ser\u00e1 na manh\u00e3 de domingo (7)"},"content":{"rendered":"<p> <br \/>\n<\/p>\n<div>\n<p>O cartunista Ziraldo, <a href=\"https:\/\/agenciabrasil.ebc.com.br\/geral\/noticia\/2024-04\/criador-do-menino-maluquinho-ziraldo-morre-aos-91-anos\" target=\"_blank\" rel=\"noopener\">falecido na tarde deste s\u00e1bado<\/a> (6), ser\u00e1 velado na manh\u00e3 de domingo (7), \u00e0s 10h, no Museu de Arte Modena do Rio de Janeiro (MAM). No in\u00edcio da noite, a fam\u00edlia chegou a divulgar a\u00a0\u00a0sede da Associa\u00e7\u00e3o Brasileira de Imprensa (ABI) como local do vel\u00f3rio, mas, horas depois, soltou um novo comunicado com o novo local.\u00a0<img data-recalc-dims=\"1\" decoding=\"async\" src=\"https:\/\/i0.wp.com\/agenciabrasil.ebc.com.br\/ebc.png?w=696&#038;ssl=1\" style=\"width:1px; height:1px; display:inline;\"\/><img data-recalc-dims=\"1\" decoding=\"async\" src=\"https:\/\/i0.wp.com\/agenciabrasil.ebc.com.br\/ebc.gif?w=696&#038;ssl=1\" style=\"width:1px; height:1px; display:inline;\"\/><\/p>\n<p>J\u00e1 o sepultamento ocorrer\u00e1 \u00e0 tarde, no Cemit\u00e9rio Jo\u00e3o Batista. A informa\u00e7\u00e3o foi dada pela fam\u00edlia, em nota oficial. O artista de 91 anos morreu de causas naturais em sua casa.<\/p>\n<p>\u201cZiraldo faleceu hoje, dia 06 de abril, por volta das 14:30, em sua resid\u00eancia, na Lagoa, Rio de Janeiro, aos 91 anos de idade, de causas naturais. O sepultamento ser\u00e1 no Cemit\u00e9rio S\u00e3o Jo\u00e3o Batista, entrada pelo Port\u00e3o Principal, \u00e0s 16h30\u201d, informou a fam\u00edlia. O MAM fica na Avenida Infante Dom Henrique, 85, Parque do Flamengo.<\/p>\n<p>A morte do escritor, chargista e jornalista provocou uma <a href=\"https:\/\/agenciabrasil.ebc.com.br\/geral\/noticia\/2024-04\/artistas-e-politicos-lamentam-nas-redes-a-morte-de-ziraldo\" target=\"_blank\" rel=\"noopener\">onda de homenagens nas redes sociais<\/a>. As manifesta\u00e7\u00f5es vieram desde o desenhista Maur\u00edcio de Sousa at\u00e9 o presidente Luiz In\u00e1cio Lula da Silva.<\/p>\n<h2>Obra<\/h2>\n<p>Aclamado pelo trabalho liter\u00e1rio infantil, Ziraldo recebeu diferentes premia\u00e7\u00f5es, como o &#8220;Nobel&#8221; Internacional de Humor no 32\u00ba Sal\u00e3o Internacional de Caricaturas de Bruxelas e tamb\u00e9m o pr\u00eamio Merghantealler, da imprensa livre da Am\u00e9rica Latina, ambos em 1969. Levou ainda o Pr\u00eamio Jabuti de Literatura, em 1980, com O Menino Maluquinho, e novamente em 2012, com Os Meninos do Espa\u00e7o.<\/p>\n<p>Na d\u00e9cada de 1960, publicou a primeira revista em quadrinhos de sucesso, a Turma do Perer\u00ea, que seria cancelada pouco tempo depois do golpe militar de 1964. Voltaria ainda em edi\u00e7\u00f5es pela Abril e Editora Primor nas d\u00e9cadas seguintes.<\/p>\n<p>Sua mais conhecida cria\u00e7\u00e3o, o Menino Maluquinho, nasceu nos anos 1980 e foi inspirado no filho do escritor. O personagem deu origem ao livro infantil campe\u00e3o de vendas e ao filme de grande sucesso nos cinemas do pa\u00eds.<\/p>\n<p><strong><em>* Mat\u00e9ria atualizada para informa\u00e7\u00e3o sobre a altera\u00e7\u00e3o do local do vel\u00f3rio.<\/em><\/strong><\/p>\n<\/p><\/div>\n<p><br \/>\n<br \/><a href=\"https:\/\/agenciabrasil.ebc.com.br\/geral\/noticia\/2024-04\/velorio-de-ziraldo-sera-na-manha-de-domingo-7\" rel=\"noopener\">Ag\u00eancia Brasil<\/a><\/p>\n","protected":false},"excerpt":{"rendered":"<p>O cartunista Ziraldo, falecido na tarde deste s\u00e1bado (6), ser\u00e1 velado na manh\u00e3 de domingo (7), \u00e0s 10h, no Museu de Arte Modena do Rio de Janeiro (MAM). No in\u00edcio da noite, a fam\u00edlia chegou a divulgar a\u00a0\u00a0sede da Associa\u00e7\u00e3o Brasileira de Imprensa (ABI) como local do vel\u00f3rio, mas, horas depois, soltou um novo comunicado [&hellip;]<\/p>\n","protected":false},"author":1,"featured_media":1130,"comment_status":"open","ping_status":"open","sticky":false,"template":"","format":"standard","meta":{"_jetpack_newsletter_access":"","_jetpack_dont_email_post_to_subs":false,"_jetpack_newsletter_tier_id":0,"_jetpack_memberships_contains_paywalled_content":false,"_mbp_banners":[],"_jetpack_feature_clip_id":0,"_jetpack_memberships_contains_paid_content":false,"footnotes":"","jetpack_publicize_message":"","jetpack_publicize_feature_enabled":true,"jetpack_social_post_already_shared":true,"jetpack_social_options":{"image_generator_settings":{"template":"highway","default_image_id":0,"font":"","enabled":false},"version":2},"jetpack_post_was_ever_published":false},"categories":[1],"tags":[],"class_list":["post-1154","post","type-post","status-publish","format-standard","has-post-thumbnail","category-geral"],"jetpack_publicize_connections":[],"jetpack-related-posts":[],"jetpack_shortlink":"https:\/\/wp.me\/p7Eq1F-iC","jetpack_sharing_enabled":true,"jetpack_featured_media_url":"https:\/\/i0.wp.com\/guialimeira.com.br\/news\/wp-content\/uploads\/2024\/04\/mundo_zira_-_ziraldo.jpg?fit=1600%2C800&ssl=1","_links":{"self":[{"href":"https:\/\/guialimeira.com.br\/news\/wp-json\/wp\/v2\/posts\/1154","targetHints":{"allow":["GET"]}}],"collection":[{"href":"https:\/\/guialimeira.com.br\/news\/wp-json\/wp\/v2\/posts"}],"about":[{"href":"https:\/\/guialimeira.com.br\/news\/wp-json\/wp\/v2\/types\/post"}],"author":[{"embeddable":true,"href":"https:\/\/guialimeira.com.br\/news\/wp-json\/wp\/v2\/users\/1"}],"replies":[{"embeddable":true,"href":"https:\/\/guialimeira.com.br\/news\/wp-json\/wp\/v2\/comments?post=1154"}],"version-history":[{"count":0,"href":"https:\/\/guialimeira.com.br\/news\/wp-json\/wp\/v2\/posts\/1154\/revisions"}],"wp:featuredmedia":[{"embeddable":true,"href":"https:\/\/guialimeira.com.br\/news\/wp-json\/wp\/v2\/media\/1130"}],"wp:attachment":[{"href":"https:\/\/guialimeira.com.br\/news\/wp-json\/wp\/v2\/media?parent=1154"}],"wp:term":[{"taxonomy":"category","embeddable":true,"href":"https:\/\/guialimeira.com.br\/news\/wp-json\/wp\/v2\/categories?post=1154"},{"taxonomy":"post_tag","embeddable":true,"href":"https:\/\/guialimeira.com.br\/news\/wp-json\/wp\/v2\/tags?post=1154"}],"curies":[{"name":"wp","href":"https:\/\/api.w.org\/{rel}","templated":true}]}}