{"id":11526,"date":"2024-08-02T16:07:02","date_gmt":"2024-08-02T19:07:02","guid":{"rendered":"https:\/\/guialimeira.com.br\/2024\/08\/02\/internacoes-de-idosos-por-covid-19-aumentam-no-nordeste-am-e-sp\/"},"modified":"2024-08-02T16:07:02","modified_gmt":"2024-08-02T19:07:02","slug":"internacoes-de-idosos-por-covid-19-aumentam-no-nordeste-am-e-sp","status":"publish","type":"post","link":"https:\/\/guialimeira.com.br\/news\/internacoes-de-idosos-por-covid-19-aumentam-no-nordeste-am-e-sp\/","title":{"rendered":"Interna\u00e7\u00f5es de idosos por covid-19 aumentam no Nordeste, AM e SP"},"content":{"rendered":"<p> <br \/>\n<\/p>\n<div>\n<p>O Amazonas,\u00a0S\u00e3o Paulo e\u00a0alguns estados do Nordeste registraram, nas \u00faltimas semanas, aumento de interna\u00e7\u00f5es por covid-19 entre idosos. A informa\u00e7\u00e3o est\u00e1 no\u00a0novo Boletim InfoGripe, divulgado nesta sexta-feira (2) pela Funda\u00e7\u00e3o Oswaldo Cruz (Fiocruz).\u00a0Apesar da expans\u00e3o, o boletim adverte que as interna\u00e7\u00f5es causadas pela doen\u00e7a\u00a0se mant\u00eam em patamares baixos, comparativamente ao hist\u00f3rico observado durante a pandemia. Os pesquisadores orientam que os hospitais\u00a0reforcem a aten\u00e7\u00e3o para qualquer sinal de aumento significativo na dissemina\u00e7\u00e3o do v\u00edrus.<img data-recalc-dims=\"1\" decoding=\"async\" src=\"https:\/\/i0.wp.com\/agenciabrasil.ebc.com.br\/ebc.png?w=696&#038;ssl=1\" style=\"width:1px; height:1px; display:inline;\"\/><img data-recalc-dims=\"1\" decoding=\"async\" src=\"https:\/\/i0.wp.com\/agenciabrasil.ebc.com.br\/ebc.gif?w=696&#038;ssl=1\" style=\"width:1px; height:1px; display:inline;\"\/><\/p>\n<p>De acordo com Fiocruz, o estudo apurou tamb\u00e9m aumento das interna\u00e7\u00f5es por influenza A entre os idosos em alguns estados das regi\u00f5es Sul e Sudeste, embora j\u00e1 exista sinal de interrup\u00e7\u00e3o do crescimento em outros estados do Centro-Sul. O boletim se refere \u00e0 Semana Epidemiol\u00f3gica (SE) 30, de 21 a 27 de julho, e se baseia nos dados inseridos no Sistema de Informa\u00e7\u00e3o da Vigil\u00e2ncia Epidemiol\u00f3gica da Gripe (Sivep-Gripe) at\u00e9 o dia 27 de julho.<\/p>\n<p>Em rela\u00e7\u00e3o ao v\u00edrus sincicial respirat\u00f3rio (VSR), foi verificada que a interrup\u00e7\u00e3o do crescimento ou a redu\u00e7\u00e3o do n\u00famero de interna\u00e7\u00f5es em crian\u00e7as at\u00e9 2 anos est\u00e1 mais consolidada em diversas regi\u00f5es do pa\u00eds. Entretanto, Santa Catarina e Roraima ainda apresentam ind\u00edcios de expans\u00e3o.<\/p>\n<p>O aumento de casos de s\u00edndrome respirat\u00f3ria aguda grave (SRAG) na Bahia e\u00a0Piau\u00ed pode estar relacionado, principalmente, ao crescimento das interna\u00e7\u00f5es por rinov\u00edrus entre crian\u00e7as e adolescentes.\u00a0No pa\u00eds, de modo geral, o InfoGripe aponta sinal de queda na tend\u00eancia de longo prazo (\u00faltimas seis semanas) e de curto prazo (\u00faltimas tr\u00eas semanas). Essa diminui\u00e7\u00e3o \u00e9 atribu\u00edda a uma queda ou interrup\u00e7\u00e3o no crescimento da SRAG por VSR e influenza A em muitos estados do pa\u00eds, embora os casos ainda estejam em ascens\u00e3o em outras unidades federativas. O v\u00edrus VSR se mant\u00e9m como a principal causa de interna\u00e7\u00e3o e \u00f3bitos em crian\u00e7as at\u00e9 2 anos de idade, ainda que demonstre queda nas \u00faltimas semanas, aponta o estudo.<\/p>\n<p>Outro v\u00edrus respirat\u00f3rio com destaque para a incid\u00eancia de SRAG em crian\u00e7as \u00e9 o rinov\u00edrus. A mortalidade da SRAG nas \u00faltimas oito semanas foi semelhante entre crian\u00e7as pequenas e idosos. Entre os idosos, destacam-se as mortes associadas ao v\u00edrus da gripe, influenza A e da\u00a0covid-9.<\/p>\n<h2>Unidades federativas<\/h2>\n<p>De acordo como Boletim InfoGripe, tr\u00eas das 27 unidades federativas apresentam crescimento de SRAG na tend\u00eancia de longo prazo. S\u00e3o elas Bahia, Piau\u00ed e Roraima. A pesquisadora do Programa de Computa\u00e7\u00e3o Cientifica (Procc\/Fiocruz) e do InfoGripe\u00a0Tatiana Portella\u00a0informou que a atualiza\u00e7\u00e3o observou manuten\u00e7\u00e3o do aumento das interna\u00e7\u00f5es por influenza A entre os idosos em alguns estados das regi\u00f5es Sul e Sudeste, apesar de j\u00e1 haver sinal de interrup\u00e7\u00e3o do crescimento em outros estados do Centro-Sul.<\/p>\n<p>Tatiana disse que, em rela\u00e7\u00e3o ao VSR, a interrup\u00e7\u00e3o do crescimento ou a redu\u00e7\u00e3o do n\u00famero de interna\u00e7\u00f5es em crian\u00e7as at\u00e9 2 anos est\u00e1 mais consolidada em diversas regi\u00f5es do pa\u00eds. Contudo, os estados de Santa Catarina e Roraima ainda apresentam sinal de aumento. \u201cO aumento de casos de SRAG na Bahia se deve, principalmente, ao aumento das interna\u00e7\u00f5es por rinov\u00edrus entre crian\u00e7as e adolescentes. Ainda n\u00e3o \u00e9 poss\u00edvel determinar o v\u00edrus associado ao crescimento de casos de SRAG no Piau\u00ed, mas, levando em conta o cen\u00e1rio nacional e a faixa et\u00e1ria mais afetada (5-14 anos), \u00e9 poss\u00edvel que esse aumento tamb\u00e9m seja decorrente do rinov\u00edrus\u201d, afirmou Tatiana.<\/p>\n<p>Em rela\u00e7\u00e3o aos casos de SRAG por Sars-CoV-2, h\u00e1 incid\u00eancia maior em crian\u00e7as pequenas, enquanto a mortalidade tem sido mais elevada entre idosos a partir de 65 anos, sendo esta a segunda maior causa de \u00f3bitos por SRAG nessa faixa et\u00e1ria. Por\u00e9m, os impactos em termos de hospitaliza\u00e7\u00f5es e, tamb\u00e9m, de \u00f3bitos s\u00e3o inferiores aos observados atualmente para os v\u00edrus VSR e rinov\u00edrus em crian\u00e7as, e influenza A em idosos.<\/p>\n<p>Entre as capitais, quatro mostram amplia\u00e7\u00e3o nos casos de SRAG: Salvador, Teresina, Vit\u00f3ria\u00a0e Florian\u00f3polis. Nas quatro \u00faltimas semanas epidemiol\u00f3gicas, a preval\u00eancia entre os casos positivos foi de 21,9% para influenza A; 1,1% para influenza B; 33,1% para VSR; e 11,7% para Sars-CoV-2 (covid-19). Quanto aos \u00f3bitos, a preval\u00eancia entre os casos positivos foi de 38,6% para influenza A; 1,7% para influenza B; 13,3% para VSR; e 27,8% para Sars-CoV-2.<\/p>\n<h2>Ano epidemiol\u00f3gico<\/h2>\n<p>No ano epidemiol\u00f3gico de 2024, j\u00e1 foram notificados 104.734 casos de SRAG, sendo 51.108 (48,8%) com resultado laboratorial positivo para algum v\u00edrus respirat\u00f3rio e\u00a040.247 (38,4%) negativos. Pelo menos, 7.555 casos aguardam resultado laboratorial. Dentre os casos positivos do ano corrente, 19,3% s\u00e3o influenza A; 0,5%, influenza B;\u00a044,4%, v\u00edrus sincicial respirat\u00f3rio; e 18,1%, Sars-CoV-2.<\/p>\n<\/p><\/div>\n<p><br \/>\n<br \/><a href=\"https:\/\/agenciabrasil.ebc.com.br\/saude\/noticia\/2024-08\/internacoes-de-idosos-por-covid-19-aumentam-no-nordeste-am-e-sp\" rel=\"noopener\">Ag\u00eancia Brasil <\/a><\/p>\n","protected":false},"excerpt":{"rendered":"<p>O Amazonas,\u00a0S\u00e3o Paulo e\u00a0alguns estados do Nordeste registraram, nas \u00faltimas semanas, aumento de interna\u00e7\u00f5es por covid-19 entre idosos. A informa\u00e7\u00e3o est\u00e1 no\u00a0novo Boletim InfoGripe, divulgado nesta sexta-feira (2) pela Funda\u00e7\u00e3o Oswaldo Cruz (Fiocruz).\u00a0Apesar da expans\u00e3o, o boletim adverte que as interna\u00e7\u00f5es causadas pela doen\u00e7a\u00a0se mant\u00eam em patamares baixos, comparativamente ao hist\u00f3rico observado durante a pandemia. [&hellip;]<\/p>\n","protected":false},"author":1,"featured_media":11527,"comment_status":"open","ping_status":"open","sticky":false,"template":"","format":"standard","meta":{"_jetpack_newsletter_access":"","_jetpack_dont_email_post_to_subs":false,"_jetpack_newsletter_tier_id":0,"_jetpack_memberships_contains_paywalled_content":false,"_mbp_banners":[],"_jetpack_feature_clip_id":0,"_jetpack_memberships_contains_paid_content":false,"footnotes":"","jetpack_publicize_message":"","jetpack_publicize_feature_enabled":true,"jetpack_social_post_already_shared":true,"jetpack_social_options":{"image_generator_settings":{"template":"highway","default_image_id":0,"font":"","enabled":false},"version":2},"jetpack_post_was_ever_published":false},"categories":[15],"tags":[],"class_list":["post-11526","post","type-post","status-publish","format-standard","has-post-thumbnail","category-saude"],"jetpack_publicize_connections":[],"jetpack-related-posts":[],"jetpack_shortlink":"https:\/\/wp.me\/p7Eq1F-2ZU","jetpack_sharing_enabled":true,"jetpack_featured_media_url":"https:\/\/i0.wp.com\/guialimeira.com.br\/news\/wp-content\/uploads\/2024\/08\/radiografia_de_torax_coronaviruscovid-19_hospital_sao_paulo1205200326.jpg?fit=1600%2C800&ssl=1","_links":{"self":[{"href":"https:\/\/guialimeira.com.br\/news\/wp-json\/wp\/v2\/posts\/11526","targetHints":{"allow":["GET"]}}],"collection":[{"href":"https:\/\/guialimeira.com.br\/news\/wp-json\/wp\/v2\/posts"}],"about":[{"href":"https:\/\/guialimeira.com.br\/news\/wp-json\/wp\/v2\/types\/post"}],"author":[{"embeddable":true,"href":"https:\/\/guialimeira.com.br\/news\/wp-json\/wp\/v2\/users\/1"}],"replies":[{"embeddable":true,"href":"https:\/\/guialimeira.com.br\/news\/wp-json\/wp\/v2\/comments?post=11526"}],"version-history":[{"count":0,"href":"https:\/\/guialimeira.com.br\/news\/wp-json\/wp\/v2\/posts\/11526\/revisions"}],"wp:featuredmedia":[{"embeddable":true,"href":"https:\/\/guialimeira.com.br\/news\/wp-json\/wp\/v2\/media\/11527"}],"wp:attachment":[{"href":"https:\/\/guialimeira.com.br\/news\/wp-json\/wp\/v2\/media?parent=11526"}],"wp:term":[{"taxonomy":"category","embeddable":true,"href":"https:\/\/guialimeira.com.br\/news\/wp-json\/wp\/v2\/categories?post=11526"},{"taxonomy":"post_tag","embeddable":true,"href":"https:\/\/guialimeira.com.br\/news\/wp-json\/wp\/v2\/tags?post=11526"}],"curies":[{"name":"wp","href":"https:\/\/api.w.org\/{rel}","templated":true}]}}