{"id":11522,"date":"2024-08-02T15:28:48","date_gmt":"2024-08-02T18:28:48","guid":{"rendered":"https:\/\/guialimeira.com.br\/2024\/08\/02\/vela-martine-e-kahena-adiam-sonho-do-tricampeonato-olimpico-em-paris\/"},"modified":"2024-08-02T15:28:48","modified_gmt":"2024-08-02T18:28:48","slug":"vela-martine-e-kahena-adiam-sonho-do-tricampeonato-olimpico-em-paris","status":"publish","type":"post","link":"https:\/\/guialimeira.com.br\/news\/vela-martine-e-kahena-adiam-sonho-do-tricampeonato-olimpico-em-paris\/","title":{"rendered":"Vela: Martine e Kahena adiam sonho do tricampeonato ol\u00edmpico em Paris"},"content":{"rendered":"<p> <br \/>\n<\/p>\n<div>\n<p>O sonho do tricampeonato ol\u00edmpico na vela para dupla Martine Grael e Kahena Kunze foi ficando cada vez mais distante ao longo das competi\u00e7\u00f5es da classe 49er FX. No fim das disputas, as brasileiras terminaram na oitava\u00a0coloca\u00e7\u00e3o no geral. Esta \u00e9 a primeira vez que elas ficam de fora do p\u00f3dio em Jogos Ol\u00edmpicos.<img data-recalc-dims=\"1\" decoding=\"async\" src=\"https:\/\/i0.wp.com\/agenciabrasil.ebc.com.br\/ebc.png?w=696&#038;ssl=1\" style=\"width:1px; height:1px; display:inline;\"\/><img data-recalc-dims=\"1\" decoding=\"async\" src=\"https:\/\/i0.wp.com\/agenciabrasil.ebc.com.br\/ebc.gif?w=696&#038;ssl=1\" style=\"width:1px; height:1px; display:inline;\"\/><\/p>\n<p>Nesta sexta\u00a0(2) o barco do Brasil foi um dos 10\u00a0que participaram da corrida da medalha, a <em>medal race,<\/em>\u00a0a regata final que define os medalhistas na vela. Mas, por conta das atua\u00e7\u00f5es irregulares nas regatas anteriores, mesmo que vencesse a <em>medal race,<\/em> a dupla j\u00e1 n\u00e3o tinha chances de alcan\u00e7ar o p\u00f3dio. Martine e Kahena at\u00e9 tiveram um bom desempenho, terminando a regata em quinto lugar, e terminaram a competi\u00e7\u00e3o com 112 pontos perdidos. Na vela, o vencedor \u00e9 o time que perder menos pontos ao longo das regatas. O ouro ficou com a dupla da Holanda, formada por Odile Van Aanholt e Annette Duetz, que perderam um total de 76 pontos. A prata foi para Su\u00e9cia, com Vilma Bobeck e Rebecca Netzler. A parceria da Fran\u00e7a, composta por Sarah Steyaert e Charline Picon, conquistou a medalha de bronze.<\/p>\n<p>Desde o in\u00edcio das competi\u00e7\u00f5es, no \u00faltimo domingo (28), at\u00e9 a regata de medalha desta sexta (2), Martine e Kahena participaram de um total de 13 provas. E sofreram com um desempenho irregular, especialmente nas primeiras regatas. A dupla, inclusive, foi desclassificada na quarta corrida. Na reta final, ensaiou uma recupera\u00e7\u00e3o, e conquistou um segundo lugar na regata anterior \u00e0\u00a0<em>medal race<\/em>. Mas nem essa boa coloca\u00e7\u00e3o foi suficiente para recolocar as brasileiras na briga pelo p\u00f3dio.<\/p>\n<p>Martine Grael e Kahena Kunze competem juntas desde 2013 e formam uma das parcerias de maior sucesso na hist\u00f3ria da classe 49er FX da vela. Elas conquistaram o bicampeonato ol\u00edmpico nas edi\u00e7\u00f5es do Rio (2016) e de T\u00f3quio (2021). Elas colecionam ainda um ouro (2014) e\u00a0outras cinco medalhas na classe\u00a049er FX.em campeonatos mundiais.<\/p>\n<div class=\"dnd-widget-wrapper context-cheio_8colunas type-image\">\n<div class=\"dnd-atom-rendered\"><!-- scald=394672:cheio_8colunas --><\/p>\n<div class=\"shadow overflow-hidden rounded-lg d-block w-100\">\n            <img data-recalc-dims=\"1\" decoding=\"async\" src=\"https:\/\/i0.wp.com\/agenciabrasil.ebc.com.br\/sites\/default\/files\/thumbnails\/image\/loading_v2.gif?w=696&#038;ssl=1\" data-echo=\"https:\/\/imagens.ebc.com.br\/kkPgXMQcpMgL82ShIvTAX1ygWYE=\/754x0\/smart\/https:\/\/agenciabrasil.ebc.com.br\/sites\/default\/files\/thumbnails\/image\/2024\/08\/02\/gabriella_kidd_vela_paris_2024.jpg?itok=juGHqujz\" alt=\"2024.08.01 - Jogos Ol\u00edmpicos Paris 2024 - Vela ILCA feminino. A atleta brasileira Gabriella Kidd em a\u00e7\u00e3o. Foto: Wander Roberto\/COB\" title=\"Wander Roberto\/COB\/Direitos Reservados\" class=\"flex-fill img-cover\"\/><br \/>\n        <img data-recalc-dims=\"1\" decoding=\"async\" src=\"https:\/\/i0.wp.com\/imagens.ebc.com.br\/kkPgXMQcpMgL82ShIvTAX1ygWYE%3D\/754x0\/smart\/https%3A\/\/agenciabrasil.ebc.com.br\/sites\/default\/files\/thumbnails\/image\/2024\/08\/02\/gabriella_kidd_vela_paris_2024.jpg?w=696&#038;ssl=1\" alt=\"2024.08.01 - Jogos Ol\u00edmpicos Paris 2024 - Vela ILCA feminino. A atleta brasileira Gabriella Kidd em a\u00e7\u00e3o. Foto: Wander Roberto\/COB\" title=\"Wander Roberto\/COB\/Direitos Reservados\" class=\"flex-fill img-cover\"\/>\n    <\/div>\n<p><!-- END scald=394672 --><\/div>\n<div class=\"dnd-caption-wrapper\">\n<p><!--copyright=394672-->A velejadora brasileira\u00a0atleta Gabriella Kidd entrou em a\u00e7\u00e3o nesta sexta-feira (2) na classe\u00a0ILCA feminino\u00a0&#8211; <strong>Wander Roberto\/COB\/Direitos Reservados<\/strong><!--END copyright=394672--><\/p>\n<\/div>\n<\/div>\n<h2>Outros brasileiros\u00a0<\/h2>\n<p>Hoje (2) foi dia da estreia da classe 470. A dupla Isabel Swan e Henrique Haddad ocupa a 15\u00aa posi\u00e7\u00e3o ap\u00f3s duas regatas. Na classe ILCA 6, Gabriela Kidd \u00e9 a 15\u00aa colocada ap\u00f3s duas regatas. No windsurf masculino, Mateus Isaac \u00e9 o 16\u00ba colocado faltando quatro regatas para o fim da primeira fase. Na categoria ILCA 7, Bruno Fontes \u00e9 apenas o 29\u00ba colocado ap\u00f3s quatro regatas.<\/p>\n<p>No sabado (3) tem a estreia da classe NACRA 17, com Jo\u00e3o Bulh\u00f5es e Marina Arndt. No domingo (4), \u00e9 a vez de Bruno Lobo estrear na f\u00f3rmula kite (kitesurfe) masculina. E na classe 49er para homens, a dupla Marco Grael e Gabriel Sim\u00f5es terminou na 19\u00aa posi\u00e7\u00e3o geral e n\u00e3o participou da regata da medalha.<\/p>\n<\/p><\/div>\n<p><br \/>\n<br \/><a href=\"https:\/\/agenciabrasil.ebc.com.br\/esportes\/noticia\/2024-08\/vela-martine-e-kahena-adiam-sonho-do-tricampeonato-olimpico-em-paris\" rel=\"noopener\">Ag\u00eancia Brasil<\/a><\/p>\n","protected":false},"excerpt":{"rendered":"<p>O sonho do tricampeonato ol\u00edmpico na vela para dupla Martine Grael e Kahena Kunze foi ficando cada vez mais distante ao longo das competi\u00e7\u00f5es da classe 49er FX. No fim das disputas, as brasileiras terminaram na oitava\u00a0coloca\u00e7\u00e3o no geral. Esta \u00e9 a primeira vez que elas ficam de fora do p\u00f3dio em Jogos Ol\u00edmpicos. Nesta [&hellip;]<\/p>\n","protected":false},"author":1,"featured_media":11523,"comment_status":"open","ping_status":"open","sticky":false,"template":"","format":"standard","meta":{"_jetpack_newsletter_access":"","_jetpack_dont_email_post_to_subs":false,"_jetpack_newsletter_tier_id":0,"_jetpack_memberships_contains_paywalled_content":false,"_mbp_banners":[],"_jetpack_feature_clip_id":0,"_jetpack_memberships_contains_paid_content":false,"footnotes":"","jetpack_publicize_message":"","jetpack_publicize_feature_enabled":true,"jetpack_social_post_already_shared":true,"jetpack_social_options":{"image_generator_settings":{"template":"highway","default_image_id":0,"font":"","enabled":false},"version":2},"jetpack_post_was_ever_published":false},"categories":[23],"tags":[],"class_list":["post-11522","post","type-post","status-publish","format-standard","has-post-thumbnail","category-esportes"],"jetpack_publicize_connections":[],"jetpack-related-posts":[],"jetpack_shortlink":"https:\/\/wp.me\/p7Eq1F-2ZQ","jetpack_sharing_enabled":true,"jetpack_featured_media_url":"https:\/\/i0.wp.com\/guialimeira.com.br\/news\/wp-content\/uploads\/2024\/08\/martine_e_kahena_vela_paris_2024.jpg?fit=1600%2C800&ssl=1","_links":{"self":[{"href":"https:\/\/guialimeira.com.br\/news\/wp-json\/wp\/v2\/posts\/11522","targetHints":{"allow":["GET"]}}],"collection":[{"href":"https:\/\/guialimeira.com.br\/news\/wp-json\/wp\/v2\/posts"}],"about":[{"href":"https:\/\/guialimeira.com.br\/news\/wp-json\/wp\/v2\/types\/post"}],"author":[{"embeddable":true,"href":"https:\/\/guialimeira.com.br\/news\/wp-json\/wp\/v2\/users\/1"}],"replies":[{"embeddable":true,"href":"https:\/\/guialimeira.com.br\/news\/wp-json\/wp\/v2\/comments?post=11522"}],"version-history":[{"count":0,"href":"https:\/\/guialimeira.com.br\/news\/wp-json\/wp\/v2\/posts\/11522\/revisions"}],"wp:featuredmedia":[{"embeddable":true,"href":"https:\/\/guialimeira.com.br\/news\/wp-json\/wp\/v2\/media\/11523"}],"wp:attachment":[{"href":"https:\/\/guialimeira.com.br\/news\/wp-json\/wp\/v2\/media?parent=11522"}],"wp:term":[{"taxonomy":"category","embeddable":true,"href":"https:\/\/guialimeira.com.br\/news\/wp-json\/wp\/v2\/categories?post=11522"},{"taxonomy":"post_tag","embeddable":true,"href":"https:\/\/guialimeira.com.br\/news\/wp-json\/wp\/v2\/tags?post=11522"}],"curies":[{"name":"wp","href":"https:\/\/api.w.org\/{rel}","templated":true}]}}