{"id":11510,"date":"2024-08-02T14:04:48","date_gmt":"2024-08-02T17:04:48","guid":{"rendered":"https:\/\/guialimeira.com.br\/2024\/08\/02\/ministerio-da-saude-abre-consulta-publica-sobre-uso-de-fluoretos\/"},"modified":"2024-08-02T14:04:48","modified_gmt":"2024-08-02T17:04:48","slug":"ministerio-da-saude-abre-consulta-publica-sobre-uso-de-fluoretos","status":"publish","type":"post","link":"https:\/\/guialimeira.com.br\/news\/ministerio-da-saude-abre-consulta-publica-sobre-uso-de-fluoretos\/","title":{"rendered":"Minist\u00e9rio da Sa\u00fade abre consulta p\u00fablica sobre uso de fluoretos"},"content":{"rendered":"<p> <br \/>\n<\/p>\n<div>\n<p>O Minist\u00e9rio da Sa\u00fade colocou em consulta p\u00fablica um guia de recomenda\u00e7\u00f5es para o uso de fluoretos. As contribui\u00e7\u00f5es v\u00e3o at\u00e9 30 de agosto, exclusivamente pelo <a href=\"https:\/\/www.gov.br\/saude\/pt-br\/acesso-a-informacao\/participacao-social\/consultas-publicas\/2024\/consulta-publica-guia-de-recomendacoes-para-o-uso-de-fluoretos-no-brasi\" target=\"_blank\" rel=\"noopener\">formul\u00e1rio online<\/a>.<img data-recalc-dims=\"1\" decoding=\"async\" src=\"https:\/\/i0.wp.com\/agenciabrasil.ebc.com.br\/ebc.png?w=696&#038;ssl=1\" style=\"width:1px; height:1px; display:inline;\"\/><img data-recalc-dims=\"1\" decoding=\"async\" src=\"https:\/\/i0.wp.com\/agenciabrasil.ebc.com.br\/ebc.gif?w=696&#038;ssl=1\" style=\"width:1px; height:1px; display:inline;\"\/><\/p>\n<p>A proposta do guia \u00e9 oferecer uma fonte de consulta, baseada em evid\u00eancias cient\u00edficas, para profissionais do Sistema \u00danico de Sa\u00fade (SUS), sobre a utiliza\u00e7\u00e3o de fluoretos no cotidiano de servi\u00e7os para preven\u00e7\u00e3o e controle das c\u00e1ries.<\/p>\n<p>Podem participar cirurgi\u00f5es-dentistas, t\u00e9cnicos e auxiliares de sa\u00fade bucal, al\u00e9m de gestores, pesquisadores, estudantes e demais interessados no tema. A consulta \u00e9 liderada pela Coordena\u00e7\u00e3o-Geral de Sa\u00fade Bucal em parceria com um grupo de trabalho formado por especialistas em odontologia e sa\u00fade coletiva.<\/p>\n<h2>Fluoretos<\/h2>\n<p>Derivados do fl\u00faor, os fluoretos s\u00e3o os principais respons\u00e1veis pela diminui\u00e7\u00e3o das c\u00e1ries em diversos pa\u00edses, incluindo o Brasil. \u201cAl\u00e9m de reduzir a preval\u00eancia e a gravidade da doen\u00e7a, o fluoreto tamb\u00e9m diminui a velocidade de desenvolvimento de novas les\u00f5es de c\u00e1rie\u201d, explica o minist\u00e9rio.<\/p>\n<p>\u201c\u00c9 responsabilidade das autoridades sanit\u00e1rias e da sociedade garantir o uso racional e seguro do fluoreto, evitando casos de intoxica\u00e7\u00e3o\u201d, acrescentou a pasta.<\/p>\n<p>De acordo com o Minist\u00e9rio da Sa\u00fade, a fluoreta\u00e7\u00e3o da \u00e1gua e o uso de creme dental fluoretado s\u00e3o considerados totalmente seguros em termos de toxicidade aguda. A aplica\u00e7\u00e3o profissional de fluoreto tamb\u00e9m \u00e9 segura, sendo necess\u00e1rio apenas ter cuidado ao usar gel fluoretado com moldeiras para evitar a ingest\u00e3o.<\/p>\n<p>\u201cQuanto \u00e0 toxicidade cr\u00f4nica, a fluorose dent\u00e1ria \u00e9 o \u00fanico efeito colateral sist\u00eamico decorrente da ingest\u00e3o de fluoreto na \u00e1gua em concentra\u00e7\u00f5es acima das recomendadas para a preven\u00e7\u00e3o de c\u00e1ries. Por isso, as autoridades sanit\u00e1rias estabelecem padr\u00f5es de exposi\u00e7\u00e3o e mant\u00eam sistemas de monitoramento\u201d, esclarece a pasta.\u00a0<\/p>\n<p>No Brasil, a fluoreta\u00e7\u00e3o da \u00e1gua se tornou lei em 1974.<\/p>\n<\/p><\/div>\n<p><br \/>\n<br \/><a href=\"https:\/\/agenciabrasil.ebc.com.br\/saude\/noticia\/2024-08\/ministerio-da-saude-abre-consulta-publica-sobre-uso-de-fluoretos\" rel=\"noopener\">Ag\u00eancia Brasil <\/a><\/p>\n","protected":false},"excerpt":{"rendered":"<p>O Minist\u00e9rio da Sa\u00fade colocou em consulta p\u00fablica um guia de recomenda\u00e7\u00f5es para o uso de fluoretos. As contribui\u00e7\u00f5es v\u00e3o at\u00e9 30 de agosto, exclusivamente pelo formul\u00e1rio online. A proposta do guia \u00e9 oferecer uma fonte de consulta, baseada em evid\u00eancias cient\u00edficas, para profissionais do Sistema \u00danico de Sa\u00fade (SUS), sobre a utiliza\u00e7\u00e3o de fluoretos [&hellip;]<\/p>\n","protected":false},"author":1,"featured_media":11511,"comment_status":"open","ping_status":"open","sticky":false,"template":"","format":"standard","meta":{"_jetpack_newsletter_access":"","_jetpack_dont_email_post_to_subs":false,"_jetpack_newsletter_tier_id":0,"_jetpack_memberships_contains_paywalled_content":false,"_mbp_banners":[],"_jetpack_feature_clip_id":0,"_jetpack_memberships_contains_paid_content":false,"footnotes":"","jetpack_publicize_message":"","jetpack_publicize_feature_enabled":true,"jetpack_social_post_already_shared":true,"jetpack_social_options":{"image_generator_settings":{"template":"highway","default_image_id":0,"font":"","enabled":false},"version":2},"jetpack_post_was_ever_published":false},"categories":[15],"tags":[],"class_list":["post-11510","post","type-post","status-publish","format-standard","has-post-thumbnail","category-saude"],"jetpack_publicize_connections":[],"jetpack-related-posts":[],"jetpack_shortlink":"https:\/\/wp.me\/p7Eq1F-2ZE","jetpack_sharing_enabled":true,"jetpack_featured_media_url":"https:\/\/i0.wp.com\/guialimeira.com.br\/news\/wp-content\/uploads\/2024\/08\/foto_3_3.jpg?fit=1600%2C800&ssl=1","_links":{"self":[{"href":"https:\/\/guialimeira.com.br\/news\/wp-json\/wp\/v2\/posts\/11510","targetHints":{"allow":["GET"]}}],"collection":[{"href":"https:\/\/guialimeira.com.br\/news\/wp-json\/wp\/v2\/posts"}],"about":[{"href":"https:\/\/guialimeira.com.br\/news\/wp-json\/wp\/v2\/types\/post"}],"author":[{"embeddable":true,"href":"https:\/\/guialimeira.com.br\/news\/wp-json\/wp\/v2\/users\/1"}],"replies":[{"embeddable":true,"href":"https:\/\/guialimeira.com.br\/news\/wp-json\/wp\/v2\/comments?post=11510"}],"version-history":[{"count":0,"href":"https:\/\/guialimeira.com.br\/news\/wp-json\/wp\/v2\/posts\/11510\/revisions"}],"wp:featuredmedia":[{"embeddable":true,"href":"https:\/\/guialimeira.com.br\/news\/wp-json\/wp\/v2\/media\/11511"}],"wp:attachment":[{"href":"https:\/\/guialimeira.com.br\/news\/wp-json\/wp\/v2\/media?parent=11510"}],"wp:term":[{"taxonomy":"category","embeddable":true,"href":"https:\/\/guialimeira.com.br\/news\/wp-json\/wp\/v2\/categories?post=11510"},{"taxonomy":"post_tag","embeddable":true,"href":"https:\/\/guialimeira.com.br\/news\/wp-json\/wp\/v2\/tags?post=11510"}],"curies":[{"name":"wp","href":"https:\/\/api.w.org\/{rel}","templated":true}]}}