{"id":11491,"date":"2024-08-02T10:09:49","date_gmt":"2024-08-02T13:09:49","guid":{"rendered":"https:\/\/guialimeira.com.br\/2024\/08\/02\/israel-confirma-morte-de-jornalista-da-al-jazeera\/"},"modified":"2024-08-02T10:09:49","modified_gmt":"2024-08-02T13:09:49","slug":"israel-confirma-morte-de-jornalista-da-al-jazeera","status":"publish","type":"post","link":"https:\/\/guialimeira.com.br\/news\/israel-confirma-morte-de-jornalista-da-al-jazeera\/","title":{"rendered":"Israel confirma morte de jornalista da Al Jazeera"},"content":{"rendered":"<p> <br \/>\n<\/p>\n<div>\n<p>Os militares israelenses confirmaram na quinta-feira (1\u00ba) que mataram o jornalista da Al Jazeera Ismail Al-Ghoul em um ataque a\u00e9reo em Gaza, dizendo que ele era um agente do Hamas que havia participado do ataque a Israel em 7 de outubro.<img data-recalc-dims=\"1\" decoding=\"async\" src=\"https:\/\/i0.wp.com\/agenciabrasil.ebc.com.br\/ebc.png?w=696&#038;ssl=1\" style=\"width:1px; height:1px; display:inline;\"\/><img data-recalc-dims=\"1\" decoding=\"async\" src=\"https:\/\/i0.wp.com\/agenciabrasil.ebc.com.br\/ebc.gif?w=696&#038;ssl=1\" style=\"width:1px; height:1px; display:inline;\"\/><\/p>\n<p>A Al Jazeera rejeitou o que disse serem &#8220;alega\u00e7\u00f5es infundadas&#8221; que, segundo ela, eram uma tentativa de justificar o assassinato deliberado de seus jornalistas.<\/p>\n<p>&#8220;A rede condena as acusa\u00e7\u00f5es contra seu correspondente Ismail Al-Ghoul, sem fornecer qualquer prova, documenta\u00e7\u00e3o ou v\u00eddeo&#8221;, disse em um comunicado, acrescentando que se reservava o direito de tomar medidas legais contra os respons\u00e1veis.<\/p>\n<p>A emissora do Catar disse na quarta-feira que Al-Ghoul e o cinegrafista Ramy El Rify foram mortos em um ataque israelense na Cidade de Gaza quando estavam em uma pauta para filmar perto da casa de Ismail Haniyeh, o chefe do Hamas morto no Ir\u00e3 no in\u00edcio do mesmo dia.<\/p>\n<p>Os militares israelenses disseram que Al-Ghoul era membro da unidade de elite Nukhba, que participou do ataque de 7 de outubro e instruiu os agentes do Hamas sobre como gravar as opera\u00e7\u00f5es, e disse que ele estava envolvido na grava\u00e7\u00e3o e divulga\u00e7\u00e3o dos ataques \u00e0s tropas israelenses.<\/p>\n<p>&#8220;Suas atividades em campo eram parte vital da atividade militar do Hamas&#8221;, disseram em um comunicado.<\/p>\n<p>A Al Jazeera disse que Al-Ghoul trabalhava para a rede desde novembro de 2023 e que sua \u00fanica profiss\u00e3o era a de jornalista.<\/p>\n<p>A emissora disse que ele havia sido preso e detido no Hospital Al-Shifa, na parte norte da Faixa de Gaza, quando foi tomado pelas for\u00e7as israelenses em mar\u00e7o, antes de ser libertado, o que, segundo a emissora, &#8220;desmascara e refuta a falsa alega\u00e7\u00e3o de sua afilia\u00e7\u00e3o a qualquer organiza\u00e7\u00e3o&#8221;<\/p>\n<p>O governo israelense proibiu a Al Jazeera de operar em Israel, acusando-a de representar uma amea\u00e7a \u00e0 seguran\u00e7a nacional.<\/p>\n<p>A Al Jazeera, que tem criticado fortemente a campanha israelense em Gaza, nega ter incitado a viol\u00eancia.<\/p>\n<p>O escrit\u00f3rio de m\u00eddia do governo de Gaza, dirigido pelo Hamas, disse que a morte dos dois membros da equipe da Al Jazeera aumentou para 165 o n\u00famero de jornalistas palestinos mortos por fogo israelense desde 7 de outubro.<\/p>\n<\/p><\/div>\n<p><br \/>\n<br \/><a href=\"https:\/\/agenciabrasil.ebc.com.br\/internacional\/noticia\/2024-08\/israel-confirma-morte-de-jornalista-da-al-jazeera\" rel=\"noopener\">Ag\u00eancia Brasil <\/a><\/p>\n","protected":false},"excerpt":{"rendered":"<p>Os militares israelenses confirmaram na quinta-feira (1\u00ba) que mataram o jornalista da Al Jazeera Ismail Al-Ghoul em um ataque a\u00e9reo em Gaza, dizendo que ele era um agente do Hamas que havia participado do ataque a Israel em 7 de outubro. A Al Jazeera rejeitou o que disse serem &#8220;alega\u00e7\u00f5es infundadas&#8221; que, segundo ela, eram [&hellip;]<\/p>\n","protected":false},"author":1,"featured_media":10327,"comment_status":"open","ping_status":"open","sticky":false,"template":"","format":"standard","meta":{"_jetpack_newsletter_access":"","_jetpack_dont_email_post_to_subs":false,"_jetpack_newsletter_tier_id":0,"_jetpack_memberships_contains_paywalled_content":false,"_mbp_banners":[],"_jetpack_feature_clip_id":0,"_jetpack_memberships_contains_paid_content":false,"footnotes":"","jetpack_publicize_message":"","jetpack_publicize_feature_enabled":true,"jetpack_social_post_already_shared":true,"jetpack_social_options":{"image_generator_settings":{"template":"highway","default_image_id":0,"font":"","enabled":false},"version":2},"jetpack_post_was_ever_published":false},"categories":[25],"tags":[],"class_list":["post-11491","post","type-post","status-publish","format-standard","has-post-thumbnail","category-internacional"],"jetpack_publicize_connections":[],"jetpack-related-posts":[],"jetpack_shortlink":"https:\/\/wp.me\/p7Eq1F-2Zl","jetpack_sharing_enabled":true,"jetpack_featured_media_url":"https:\/\/i0.wp.com\/guialimeira.com.br\/news\/wp-content\/uploads\/2024\/07\/2024-07-13t163030z_1_lynxmpek6c05q_rtroptp_4_israel-palestinians-1-2.jpg?fit=1600%2C800&ssl=1","_links":{"self":[{"href":"https:\/\/guialimeira.com.br\/news\/wp-json\/wp\/v2\/posts\/11491","targetHints":{"allow":["GET"]}}],"collection":[{"href":"https:\/\/guialimeira.com.br\/news\/wp-json\/wp\/v2\/posts"}],"about":[{"href":"https:\/\/guialimeira.com.br\/news\/wp-json\/wp\/v2\/types\/post"}],"author":[{"embeddable":true,"href":"https:\/\/guialimeira.com.br\/news\/wp-json\/wp\/v2\/users\/1"}],"replies":[{"embeddable":true,"href":"https:\/\/guialimeira.com.br\/news\/wp-json\/wp\/v2\/comments?post=11491"}],"version-history":[{"count":0,"href":"https:\/\/guialimeira.com.br\/news\/wp-json\/wp\/v2\/posts\/11491\/revisions"}],"wp:featuredmedia":[{"embeddable":true,"href":"https:\/\/guialimeira.com.br\/news\/wp-json\/wp\/v2\/media\/10327"}],"wp:attachment":[{"href":"https:\/\/guialimeira.com.br\/news\/wp-json\/wp\/v2\/media?parent=11491"}],"wp:term":[{"taxonomy":"category","embeddable":true,"href":"https:\/\/guialimeira.com.br\/news\/wp-json\/wp\/v2\/categories?post=11491"},{"taxonomy":"post_tag","embeddable":true,"href":"https:\/\/guialimeira.com.br\/news\/wp-json\/wp\/v2\/tags?post=11491"}],"curies":[{"name":"wp","href":"https:\/\/api.w.org\/{rel}","templated":true}]}}