{"id":11484,"date":"2024-08-02T08:21:48","date_gmt":"2024-08-02T11:21:48","guid":{"rendered":"https:\/\/guialimeira.com.br\/2024\/08\/02\/coi-lamenta-agressao-contra-boxeadoras-por-questao-de-genero\/"},"modified":"2024-08-02T08:21:48","modified_gmt":"2024-08-02T11:21:48","slug":"coi-lamenta-agressao-contra-boxeadoras-por-questao-de-genero","status":"publish","type":"post","link":"https:\/\/guialimeira.com.br\/news\/coi-lamenta-agressao-contra-boxeadoras-por-questao-de-genero\/","title":{"rendered":"COI lamenta &#8220;agress\u00e3o&#8221; contra boxeadoras por quest\u00e3o de g\u00eanero"},"content":{"rendered":"<p> <br \/>\n<\/p>\n<div>\n<p>O Comit\u00ea Ol\u00edmpico Internacional defendeu na\u00a0quinta-feira (1\u00ba) sua decis\u00e3o de permitir que duas boxeadoras competissem nos Jogos Ol\u00edmpicos de Paris apesar de uma pol\u00eamica de g\u00eanero, dizendo que a dupla estava enfrentando &#8220;agress\u00e3o&#8221; por causa de uma decis\u00e3o anterior arbitr\u00e1ria.<img data-recalc-dims=\"1\" decoding=\"async\" src=\"https:\/\/i0.wp.com\/agenciabrasil.ebc.com.br\/ebc.png?w=696&#038;ssl=1\" style=\"width:1px; height:1px; display:inline;\"\/><img data-recalc-dims=\"1\" decoding=\"async\" src=\"https:\/\/i0.wp.com\/agenciabrasil.ebc.com.br\/ebc.gif?w=696&#038;ssl=1\" style=\"width:1px; height:1px; display:inline;\"\/><\/p>\n<p>A argelina Imane Khelif, que venceu a italiana Angela Carini nas oitavas de final da categoria meio-m\u00e9dio em 46 segundos, e a taiuanesa Lin Yu-ting, duas vezes campe\u00e3 mundial, que lutar\u00e1 nesta\u00a0sexta-feira (2), foram autorizadas a competir na Olimp\u00edada.<\/p>\n<p>A vit\u00f3ria r\u00e1pida de Khelif sobre a italiana, que decidiu se retirar ap\u00f3s uma saraivada de socos da argelina, aumentou a press\u00e3o sobre o COI por permitir que elas lutassem em Paris.<\/p>\n<p>Ambas as lutadoras haviam sido desqualificadas no Campeonato Mundial de 2023 ap\u00f3s n\u00e3o cumprirem as regras de elegibilidade da Associa\u00e7\u00e3o Internacional de Boxe, que impedem atletas com cromossomos XY masculinos de competir em eventos femininos.<\/p>\n<p>Mas a IBA foi banida pelo COI no ano passado devido a quest\u00f5es de governan\u00e7a e finan\u00e7as, com o \u00f3rg\u00e3o ol\u00edmpico realizando a competi\u00e7\u00e3o de boxe em Paris.<\/p>\n<p>O COI disse que a decis\u00e3o da IBA de desqualificar as boxeadoras no ano passado foi arbitr\u00e1ria e a principal causa do furor atual. Personalidades como a autora brit\u00e2nica J.K. Rowling e o bilion\u00e1rio Elon Musk expressaram sua oposi\u00e7\u00e3o a elas competirem nos Jogos.<\/p>\n<p>&#8220;Essas duas atletas foram v\u00edtimas de uma decis\u00e3o repentina e arbitr\u00e1ria da IBA&#8221;, disse o COI em um comunicado. &#8220;Perto do final do Campeonato Mundial da IBA em 2023, elas foram subitamente desqualificadas sem qualquer processo devido.&#8221;\u00a0<span style=\"font-family: sans-serif, Arial, Verdana, &quot;Trebuchet MS&quot;;\">&#8220;De acordo com as atas da IBA dispon\u00edveis em seu site, essa decis\u00e3o foi inicialmente tomada apenas pelo secret\u00e1rio-geral e presidente-executivo da IBA.&#8221;<\/span><\/p>\n<p>Alguns esportes limitaram os n\u00edveis de testosterona permitidos para atletas que disputam competi\u00e7\u00f5es femininas, enquanto outros baniram quem passou pela puberdade masculina.<\/p>\n<p>As Diferen\u00e7as de Dist\u00farbio Sexual (DSD, na sigla em ingl\u00eas) s\u00e3o um grupo de condi\u00e7\u00f5es raras que envolvem genes, horm\u00f4nios e \u00f3rg\u00e3os reprodutivos. Algumas pessoas com DSDs s\u00e3o criadas como mulheres, mas t\u00eam cromossomos sexuais XY e n\u00edveis de testosterona no sangue na faixa masculina.<\/p>\n<p>O COI disse que as regras de elegibilidade foram baseadas nas dos Jogos de T\u00f3quio em 2021 e n\u00e3o podem ser alteradas durante uma competi\u00e7\u00e3o.<\/p>\n<p>&#8220;A agress\u00e3o atual contra essas duas atletas \u00e9 baseada inteiramente nessa decis\u00e3o arbitr\u00e1ria, que foi tomada sem nenhum procedimento adequado &#8211;\u00a0especialmente considerando que essas atletas estavam competindo em competi\u00e7\u00f5es de alto n\u00edvel por muitos anos&#8221;, disse o COI. &#8220;O COI est\u00e1 triste com o abuso que as duas atletas est\u00e3o sofrendo atualmente&#8221;, acrescentou. &#8220;Toda pessoa tem o direito de praticar esporte sem discrimina\u00e7\u00e3o.&#8221;<\/p>\n<p>Em comunicado, a IBA condenou as &#8220;inconsist\u00eancias na elegibilidade&#8221; nos Jogos de Paris.<\/p>\n<p>&#8220;Tanto Imane Khelif quanto Lin Yu-ting, ap\u00f3s os testes, n\u00e3o atenderam aos crit\u00e9rios de elegibilidade exigidos para competir na categoria feminina de nossos respectivos eventos&#8221;, acrescentou o \u00f3rg\u00e3o.\u00a0&#8220;A natureza urgente da decis\u00e3o [de desqualificar as boxeadoras]\u00a0foi justificada, pois a seguran\u00e7a de nossas boxeadoras \u00e9 nossa maior prioridade&#8221;.<\/p>\n<p><strong>* \u00c9 proibida a reprodu\u00e7\u00e3o deste conte\u00fado.<\/strong><\/p>\n<\/p><\/div>\n<p><br \/>\n<br \/><a href=\"https:\/\/agenciabrasil.ebc.com.br\/esportes\/noticia\/2024-08\/coi-lamenta-agressao-contra-boxeadoras-por-questao-de-genero\" rel=\"noopener\">Ag\u00eancia Brasil<\/a><\/p>\n","protected":false},"excerpt":{"rendered":"<p>O Comit\u00ea Ol\u00edmpico Internacional defendeu na\u00a0quinta-feira (1\u00ba) sua decis\u00e3o de permitir que duas boxeadoras competissem nos Jogos Ol\u00edmpicos de Paris apesar de uma pol\u00eamica de g\u00eanero, dizendo que a dupla estava enfrentando &#8220;agress\u00e3o&#8221; por causa de uma decis\u00e3o anterior arbitr\u00e1ria. A argelina Imane Khelif, que venceu a italiana Angela Carini nas oitavas de final da [&hellip;]<\/p>\n","protected":false},"author":1,"featured_media":11485,"comment_status":"open","ping_status":"open","sticky":false,"template":"","format":"standard","meta":{"_jetpack_newsletter_access":"","_jetpack_dont_email_post_to_subs":false,"_jetpack_newsletter_tier_id":0,"_jetpack_memberships_contains_paywalled_content":false,"_mbp_banners":[],"_jetpack_feature_clip_id":0,"_jetpack_memberships_contains_paid_content":false,"footnotes":"","jetpack_publicize_message":"","jetpack_publicize_feature_enabled":true,"jetpack_social_post_already_shared":true,"jetpack_social_options":{"image_generator_settings":{"template":"highway","default_image_id":0,"font":"","enabled":false},"version":2},"jetpack_post_was_ever_published":false},"categories":[23],"tags":[],"class_list":["post-11484","post","type-post","status-publish","format-standard","has-post-thumbnail","category-esportes"],"jetpack_publicize_connections":[],"jetpack-related-posts":[],"jetpack_shortlink":"https:\/\/wp.me\/p7Eq1F-2Ze","jetpack_sharing_enabled":true,"jetpack_featured_media_url":"https:\/\/i0.wp.com\/guialimeira.com.br\/news\/wp-content\/uploads\/2024\/08\/imane_khelif_argelia_boxe.jpg?fit=1600%2C800&ssl=1","_links":{"self":[{"href":"https:\/\/guialimeira.com.br\/news\/wp-json\/wp\/v2\/posts\/11484","targetHints":{"allow":["GET"]}}],"collection":[{"href":"https:\/\/guialimeira.com.br\/news\/wp-json\/wp\/v2\/posts"}],"about":[{"href":"https:\/\/guialimeira.com.br\/news\/wp-json\/wp\/v2\/types\/post"}],"author":[{"embeddable":true,"href":"https:\/\/guialimeira.com.br\/news\/wp-json\/wp\/v2\/users\/1"}],"replies":[{"embeddable":true,"href":"https:\/\/guialimeira.com.br\/news\/wp-json\/wp\/v2\/comments?post=11484"}],"version-history":[{"count":0,"href":"https:\/\/guialimeira.com.br\/news\/wp-json\/wp\/v2\/posts\/11484\/revisions"}],"wp:featuredmedia":[{"embeddable":true,"href":"https:\/\/guialimeira.com.br\/news\/wp-json\/wp\/v2\/media\/11485"}],"wp:attachment":[{"href":"https:\/\/guialimeira.com.br\/news\/wp-json\/wp\/v2\/media?parent=11484"}],"wp:term":[{"taxonomy":"category","embeddable":true,"href":"https:\/\/guialimeira.com.br\/news\/wp-json\/wp\/v2\/categories?post=11484"},{"taxonomy":"post_tag","embeddable":true,"href":"https:\/\/guialimeira.com.br\/news\/wp-json\/wp\/v2\/tags?post=11484"}],"curies":[{"name":"wp","href":"https:\/\/api.w.org\/{rel}","templated":true}]}}