{"id":11483,"date":"2024-08-02T08:07:52","date_gmt":"2024-08-02T11:07:52","guid":{"rendered":"https:\/\/guialimeira.com.br\/2024\/08\/02\/viagem-de-lula-ao-chile-tera-como-foco-diversificacao-de-parcerias\/"},"modified":"2024-08-02T08:07:52","modified_gmt":"2024-08-02T11:07:52","slug":"viagem-de-lula-ao-chile-tera-como-foco-diversificacao-de-parcerias","status":"publish","type":"post","link":"https:\/\/guialimeira.com.br\/news\/viagem-de-lula-ao-chile-tera-como-foco-diversificacao-de-parcerias\/","title":{"rendered":"Viagem de Lula ao Chile ter\u00e1 como foco diversifica\u00e7\u00e3o de parcerias"},"content":{"rendered":"<p> <br \/>\n<\/p>\n<div>\n<p>O presidente Luiz In\u00e1cio Lula da Silva viaja ao Chile na pr\u00f3xima semana para uma visita de Estado que dever\u00e1 contar com a assinatura de mais de 15 acordos bilaterais. A expectativa \u00e9 diversificar a parceria entre os dois pa\u00edses para al\u00e9m da agenda comercial e ampliar o leque de produtos brasileiros exportados.<img data-recalc-dims=\"1\" decoding=\"async\" src=\"https:\/\/i0.wp.com\/agenciabrasil.ebc.com.br\/ebc.png?w=696&#038;ssl=1\" style=\"width:1px; height:1px; display:inline;\"\/><img data-recalc-dims=\"1\" decoding=\"async\" src=\"https:\/\/i0.wp.com\/agenciabrasil.ebc.com.br\/ebc.gif?w=696&#038;ssl=1\" style=\"width:1px; height:1px; display:inline;\"\/><\/p>\n<p>Al\u00e9m de ministros, assessores e outros integrantes do governo federal, cerca de 200 empres\u00e1rios brasileiros tamb\u00e9m dever\u00e3o desembarcar em Santiago para participar do F\u00f3rum Empresarial Chile-Brasil, que ocorre concomitante \u00e0 agenda presidencial.<\/p>\n<p>A embaixadora Gisela Padovan, secret\u00e1ria de Am\u00e9rica Latina e Caribe do Minist\u00e9rio das Rela\u00e7\u00f5es Exteriores (MRE), disse que a visita \u00e9 um s\u00edmbolo da reaproxima\u00e7\u00e3o diplom\u00e1tica entre os dois pa\u00edses, ap\u00f3s a posse de Gabriel Boric, em mar\u00e7o de 2022.<\/p>\n<p>&#8220;N\u00f3s estamos buscando expandir essa agenda bilateral para exatamente trabalhar uma amizade que vai al\u00e9m dos temas econ\u00f4micos e comerciais, para assuntos como ci\u00eancia e tecnologia, defesa da democracia e direitos humanos, educa\u00e7\u00e3o, inova\u00e7\u00e3o, sa\u00fade. N\u00f3s temos uma agenda muito densa e que abrange v\u00e1rios aspectos&#8221;, disse Padovan, durante <em>briefing <\/em>promovido pelo Minist\u00e9rio das Rela\u00e7\u00f5es Exteriores para detalhar a viagem.<\/p>\n<p>De acordo com a secret\u00e1ria, o Brasil possui interesse em discutir com os chilenos quest\u00f5es envolvendo a ind\u00fastria de defesa &#8211; e nessa \u00e1rea os pa\u00edses j\u00e1 possuem uma parceria hist\u00f3rica na fabrica\u00e7\u00e3o de aeronaves &#8211; e na amplia\u00e7\u00e3o dos itens agropecu\u00e1rios exportados ao Chile &#8211; a exemplo dos \u00f3leos. O Chile tem interesse em discutir aspectos relativos \u00e0 seguran\u00e7a, combate ao crime, riscos de desastres naturais e seguran\u00e7a cibern\u00e9tica.<\/p>\n<p>&#8220;N\u00f3s queremos trabalhar para que a regi\u00e3o n\u00e3o seja simplesmente uma exportadora de <em>commodities<\/em>, mas possa tamb\u00e9m beneficiar e gerar empregos de qualidade&#8221;, afirmou. Ela destacou ainda a coincid\u00eancia de posi\u00e7\u00f5es de Lula e Boric em torno de v\u00e1rios temas da agenda global como democracia, integra\u00e7\u00e3o regional, meio ambiente, direitos humanos, inclus\u00e3o social e a situa\u00e7\u00e3o da Palestina. &#8220;S\u00e3o temas da agenda internacional em que h\u00e1 converg\u00eancia de vis\u00f5es, ent\u00e3o o di\u00e1logo pol\u00edtico vai ser tamb\u00e9m muito importante&#8221;, analisou.<\/p>\n<h2>Acordos<\/h2>\n<p>De acordo com o Itamaraty, 17 coopera\u00e7\u00f5es est\u00e3o prontas para serem assinadas durante a visita, que depender\u00e3o da participa\u00e7\u00e3o das autoridades de cada setor na delega\u00e7\u00e3o brasileira.<\/p>\n<p>Na \u00e1rea social e de direitos humanos, por exemplo, devem ser firmadas parcerias envolvendo a sa\u00fade p\u00fablica &#8211; em raz\u00e3o do interesse dos chilenos na experi\u00eancia do Sistema \u00danico de Sa\u00fade -, pol\u00edtica de cuidados, boas pr\u00e1ticas para recursos h\u00eddricos e o meio ambiente, e direitos humanos das pessoas LGBTQIA+, pessoas idosas e pessoas com defici\u00eancia, al\u00e9m de temas como ci\u00eancia, tecnologia e inova\u00e7\u00e3o.<\/p>\n<p>Na esfera comercial e de investimentos, est\u00e3o previstos acordos envolvendo o fortalecimento das rela\u00e7\u00f5es de exporta\u00e7\u00e3o, certifica\u00e7\u00e3o de produtos org\u00e2nicos, explora\u00e7\u00e3o de minerais considerados estrat\u00e9gicos para a transi\u00e7\u00e3o energ\u00e9tica e est\u00edmulo ao turismo.<\/p>\n<p>O Chefe da Divis\u00e3o de Argentina, Uruguai e Chile do Itamaraty, Carlos Cuenca lembra que a visita presidencial estava prevista para maio deste ano e foi adiada em raz\u00e3o da trag\u00e9dia socioambiental no Rio Grande do Sul, o que permitiu que outros acordos que at\u00e9 ent\u00e3o n\u00e3o estavam prontos para serem assinados fossem conclu\u00eddos. &#8220;\u00c9 uma lista de acordos que mostra essa diversifica\u00e7\u00e3o da agenda bilateral com o Chile&#8221;, observou.<\/p>\n<h2>Rela\u00e7\u00e3o<\/h2>\n<p>Brasil e Chile j\u00e1 somam 188 anos de rela\u00e7\u00f5es com mais de 90 acordos bilaterais em vigor. O Brasil \u00e9 o terceiro maior parceiro comercial do Chile e o maior destino dos investimentos chilenos em todo o mundo, com exemplos nas \u00e1reas de celulose, varejo e energia &#8211; sendo a companhia a\u00e9rea Latam a maior empresa presente em solo brasileiro.<\/p>\n<p>Por outro lado, o Chile \u00e9 o sexto maior destino das exporta\u00e7\u00f5es do Brasil, que \u00e9 o maior investidor latino-americano no pa\u00eds. O interc\u00e2mbio comercial entre os dois pa\u00edses atinge US$ 12 bilh\u00f5es por ano.<\/p>\n<\/p><\/div>\n<p><br \/>\n<br \/><a href=\"https:\/\/agenciabrasil.ebc.com.br\/internacional\/noticia\/2024-08\/viagem-de-lula-ao-chile-tera-como-foco-diversificacao-de-parcerias\" rel=\"noopener\">Ag\u00eancia Brasil <\/a><\/p>\n","protected":false},"excerpt":{"rendered":"<p>O presidente Luiz In\u00e1cio Lula da Silva viaja ao Chile na pr\u00f3xima semana para uma visita de Estado que dever\u00e1 contar com a assinatura de mais de 15 acordos bilaterais. A expectativa \u00e9 diversificar a parceria entre os dois pa\u00edses para al\u00e9m da agenda comercial e ampliar o leque de produtos brasileiros exportados. Al\u00e9m de [&hellip;]<\/p>\n","protected":false},"author":1,"featured_media":572,"comment_status":"open","ping_status":"open","sticky":false,"template":"","format":"standard","meta":{"_jetpack_newsletter_access":"","_jetpack_dont_email_post_to_subs":false,"_jetpack_newsletter_tier_id":0,"_jetpack_memberships_contains_paywalled_content":false,"_mbp_banners":[],"_jetpack_feature_clip_id":0,"_jetpack_memberships_contains_paid_content":false,"footnotes":"","jetpack_publicize_message":"","jetpack_publicize_feature_enabled":true,"jetpack_social_post_already_shared":true,"jetpack_social_options":{"image_generator_settings":{"template":"highway","default_image_id":0,"font":"","enabled":false},"version":2},"jetpack_post_was_ever_published":false},"categories":[25],"tags":[],"class_list":["post-11483","post","type-post","status-publish","format-standard","has-post-thumbnail","category-internacional"],"jetpack_publicize_connections":[],"jetpack-related-posts":[],"jetpack_shortlink":"https:\/\/wp.me\/p7Eq1F-2Zd","jetpack_sharing_enabled":true,"jetpack_featured_media_url":"https:\/\/i0.wp.com\/guialimeira.com.br\/news\/wp-content\/uploads\/2024\/03\/pzzb1932.jpg?fit=1600%2C800&ssl=1","_links":{"self":[{"href":"https:\/\/guialimeira.com.br\/news\/wp-json\/wp\/v2\/posts\/11483","targetHints":{"allow":["GET"]}}],"collection":[{"href":"https:\/\/guialimeira.com.br\/news\/wp-json\/wp\/v2\/posts"}],"about":[{"href":"https:\/\/guialimeira.com.br\/news\/wp-json\/wp\/v2\/types\/post"}],"author":[{"embeddable":true,"href":"https:\/\/guialimeira.com.br\/news\/wp-json\/wp\/v2\/users\/1"}],"replies":[{"embeddable":true,"href":"https:\/\/guialimeira.com.br\/news\/wp-json\/wp\/v2\/comments?post=11483"}],"version-history":[{"count":0,"href":"https:\/\/guialimeira.com.br\/news\/wp-json\/wp\/v2\/posts\/11483\/revisions"}],"wp:featuredmedia":[{"embeddable":true,"href":"https:\/\/guialimeira.com.br\/news\/wp-json\/wp\/v2\/media\/572"}],"wp:attachment":[{"href":"https:\/\/guialimeira.com.br\/news\/wp-json\/wp\/v2\/media?parent=11483"}],"wp:term":[{"taxonomy":"category","embeddable":true,"href":"https:\/\/guialimeira.com.br\/news\/wp-json\/wp\/v2\/categories?post=11483"},{"taxonomy":"post_tag","embeddable":true,"href":"https:\/\/guialimeira.com.br\/news\/wp-json\/wp\/v2\/tags?post=11483"}],"curies":[{"name":"wp","href":"https:\/\/api.w.org\/{rel}","templated":true}]}}