{"id":1148,"date":"2024-04-07T19:32:47","date_gmt":"2024-04-07T22:32:47","guid":{"rendered":"https:\/\/guialimeira.com.br\/2024\/04\/07\/amigos-se-despedem-de-ziraldo-e-lembram-seus-tracos-contra-a-ditadura\/"},"modified":"2024-04-07T19:32:47","modified_gmt":"2024-04-07T22:32:47","slug":"amigos-se-despedem-de-ziraldo-e-lembram-seus-tracos-contra-a-ditadura","status":"publish","type":"post","link":"https:\/\/guialimeira.com.br\/news\/amigos-se-despedem-de-ziraldo-e-lembram-seus-tracos-contra-a-ditadura\/","title":{"rendered":"Amigos se despedem de Ziraldo e lembram seus tra\u00e7os contra a ditadura"},"content":{"rendered":"<p> <br \/>\n<\/p>\n<div>\n<p>Antes de ser conhecido como o pai do Menino Maluquinho e \u00edcone da literatura infanto-juvenil, o cartunista Ziraldo, falecido no s\u00e1bado (6), aos 91 anos, teve atua\u00e7\u00e3o marcante como jornalista em defesa de democracia. Durante a ditadura militar, usou seus tra\u00e7os para combater o regime autorit\u00e1rio e defender a liberdade de express\u00e3o.<img data-recalc-dims=\"1\" decoding=\"async\" src=\"https:\/\/i0.wp.com\/agenciabrasil.ebc.com.br\/ebc.png?w=696&#038;ssl=1\" style=\"width:1px; height:1px; display:inline;\"\/><img data-recalc-dims=\"1\" decoding=\"async\" src=\"https:\/\/i0.wp.com\/agenciabrasil.ebc.com.br\/ebc.gif?w=696&#038;ssl=1\" style=\"width:1px; height:1px; display:inline;\"\/><\/p>\n<p>O corpo do desenhista <a href=\"https:\/\/agenciabrasil.ebc.com.br\/geral\/noticia\/2024-04\/corpo-de-ziraldo-e-velado-no-museu-de-arte-moderna-no-rio\" target=\"_blank\" rel=\"noopener\">foi velado neste domingo<\/a>, 7 de abril, data que marca o Dia do Jornalista. O vel\u00f3rio foi no Museu de Arte Moderna do Rio de Janeiro, cidade onde o mineiro de Caratinga morreu de causas naturais.<\/p>\n<p>A <strong>Ag\u00eancia Brasil<\/strong> conversou com amigos, ex-colegas de profiss\u00e3o e familiares, que ressaltaram a atua\u00e7\u00e3o de Ziraldo nos anos de repress\u00e3o e censura.<\/p>\n<h2>O Pasquim<\/h2>\n<p>A maior representa\u00e7\u00e3o de Ziraldo nesse of\u00edcio est\u00e1 no jornal O Pasquim, que teve o desenhista entre seus fundadores e principais colaboradores. Ao seu lado, nomes como Jaguar, S\u00e9rgio Cabral e Tarso de Castro.<\/p>\n<p>O ve\u00edculo de imprensa circulou nas d\u00e9cadas de 70 e 80 e era uma das resist\u00eancias \u00e0 ditadura, tendo enfrentado censura, persegui\u00e7\u00e3o e rendido aos seus respons\u00e1veis pris\u00f5es durante o regime de exce\u00e7\u00e3o.<\/p>\n<p>\u201cEra o deboche, a piada, a goza\u00e7\u00e3o para afetar o regime ditatorial na base do deboche\u201d, lembra o jornalista Marcelo Auler, hoje conselheiro da Associa\u00e7\u00e3o Brasileira de Imprensa (ABI) e que compartilhou a reda\u00e7\u00e3o de O Pasquim com Ziraldo a partir de 1974.<\/p>\n<div class=\"dnd-widget-wrapper context-cheio_8colunas type-image\">\n<div class=\"dnd-atom-rendered\"><!-- scald=379594:cheio_8colunas --><\/p>\n<div class=\"shadow overflow-hidden rounded-lg d-block w-100\">\n            <img data-recalc-dims=\"1\" decoding=\"async\" src=\"https:\/\/i0.wp.com\/agenciabrasil.ebc.com.br\/sites\/default\/files\/thumbnails\/image\/loading_v2.gif?w=696&#038;ssl=1\" data-echo=\"https:\/\/imagens.ebc.com.br\/TSUzbj3wq84bOB4XRvR8CsNvxWo=\/754x0\/smart\/https:\/\/agenciabrasil.ebc.com.br\/sites\/default\/files\/thumbnails\/image\/2024\/04\/07\/trbr4872.jpg?itok=sarbUymh\" alt=\"Rio de Janeiro (RJ), 07\/04\/2024 - Familiares, amigos e fans se despedem do cartunista Ziraldo em vel\u00f3rio, no Museu de Arte Moderna do Rio de Janeiro(MAM). Foto: T\u00e2nia R\u00eago\/Ag\u00eancia Brasil\" title=\"T\u00e2nia R\u00eago\/Ag\u00eancia Brasil\" class=\"flex-fill img-cover\"\/><br \/>\n        <img data-recalc-dims=\"1\" decoding=\"async\" src=\"https:\/\/i0.wp.com\/imagens.ebc.com.br\/TSUzbj3wq84bOB4XRvR8CsNvxWo%3D\/754x0\/smart\/https%3A\/\/agenciabrasil.ebc.com.br\/sites\/default\/files\/thumbnails\/image\/2024\/04\/07\/trbr4872.jpg?w=696&#038;ssl=1\" alt=\"Rio de Janeiro (RJ), 07\/04\/2024 - Familiares, amigos e fans se despedem do cartunista Ziraldo em vel\u00f3rio, no Museu de Arte Moderna do Rio de Janeiro(MAM). Foto: T\u00e2nia R\u00eago\/Ag\u00eancia Brasil\" title=\"T\u00e2nia R\u00eago\/Ag\u00eancia Brasil\" class=\"flex-fill img-cover\"\/>\n    <\/div>\n<p><!-- END scald=379594 --><\/div>\n<p><h6 class=\"meta\">Um capricho do destino fez com que Ziraldo fosse sepultado no Dia do Jornalista. Foto &#8211; <strong>T\u00e2nia R\u00eago\/Ag\u00eancia Brasil<\/strong><!--END copyright=379594--><\/h6>\n<\/p>\n<\/div>\n<p>\u201c\u00c9 um outro tipo de jornalismo, muito cr\u00edtico e sempre de oposi\u00e7\u00e3o\u201d, classifica. Ele conta que, apesar de rep\u00f3rteres fazerem entrevistas que duravam v\u00e1rias horas, os textos mais longos n\u00e3o eram a caracter\u00edstica principal da publica\u00e7\u00e3o.<\/p>\n<p>\u201cO Pasquim era um jornal de piada, de cartum, desenhos. O [cartunista] Henfil, com o seu [personagem] Fradim, atingia muito mais que muito texto de jornalismo. O Ziraldo, com suas charges, atingia muito mais que muito texto de v\u00e1rios jornalistas\u201d.<\/p>\n<h2>Contra a censura<\/h2>\n<p>O ex-deputado federal e ex-ministro das Comunica\u00e7\u00f5es Miro Teixeira acrescentou que, por meio do tabloide, Ziraldo e a equipe conseguiram fazer chegar \u00e0 popula\u00e7\u00e3o as viola\u00e7\u00f5es que estavam sendo acobertadas pela censura de Estado.<\/p>\n<p>\u201cO Pasquim era censurado tamb\u00e9m, mas conseguia atravessar com a arte algumas brechas deixadas pela ditadura. Foi \u00fatil para levar ao povo o conhecimento do que se passava nos c\u00e1rceres, porque as pessoas n\u00e3o tinham conhecimento, a classe m\u00e9dia n\u00e3o tinha conhecimento. Foi gra\u00e7as a pessoas como o Ziraldo que isso chegou ao conhecimento da popula\u00e7\u00e3o\u201d, conta Miro, que tamb\u00e9m \u00e9 jornalista.<\/p>\n<p>O cartunista Ricardo Aroeira aponta legado de Ziraldo em toda a imprensa brasileira. \u201cComo jornalista, ele abriu tr\u00eas, quatro, seis projetos diferentes que, na verdade, mudaram a linguagem jornal\u00edstica. Nenhum jornal brasileiro \u00e9 o mesmo depois de O Pasquim. O texto do jornal \u00e9 diferente, a abordagem da reportagem, um certo senso de humor e leveza, isso tudo \u00e9 Ziraldo\u201d, diz.<\/p>\n<h2>Fam\u00edlia<\/h2>\n<p>Irm\u00e3o mais novo do cartunista, o designer gr\u00e1fico G\u00ea Pinto lembrou de um momento dif\u00edcil da trajet\u00f3ria de Ziraldo, a pris\u00e3o durante a ditadura. Um dos prov\u00e1veis motivos foi a participa\u00e7\u00e3o em O Pasquim. \u201cEu estava na casa dele no dia em que ele foi preso. Ainda menino, levei um susto danado\u201d, rememora.<\/p>\n<div class=\"dnd-widget-wrapper context-grande_6colunas type-image atom-align-right\">\n<div class=\"dnd-atom-rendered\"><!-- scald=379589:grande_6colunas {\"additionalClasses\":\"\"} --><\/p>\n<div class=\"shadow overflow-hidden rounded-lg d-block w-100\">\n            <img data-recalc-dims=\"1\" decoding=\"async\" src=\"https:\/\/i0.wp.com\/agenciabrasil.ebc.com.br\/sites\/default\/files\/thumbnails\/image\/loading_v2.gif?w=696&#038;ssl=1\" data-echo=\"https:\/\/imagens.ebc.com.br\/LuPjYTFpBGIzOGyU2VnGimraPMs=\/463x0\/smart\/https:\/\/agenciabrasil.ebc.com.br\/sites\/default\/files\/thumbnails\/image\/2024\/04\/07\/trbr4661.jpg?itok=KtIoXtdF\" alt=\"Rio de Janeiro (RJ), 07\/04\/2024 - Familiares, amigos e fans se despedem do cartunista Ziraldo em vel\u00f3rio, no Museu de Arte Moderna do Rio de Janeiro(MAM). Foto: T\u00e2nia R\u00eago\/Ag\u00eancia Brasil\" title=\"T\u00e2nia R\u00eago\/Ag\u00eancia Brasil\" class=\"flex-fill img-cover\"\/><br \/>\n        <img data-recalc-dims=\"1\" decoding=\"async\" src=\"https:\/\/i0.wp.com\/imagens.ebc.com.br\/LuPjYTFpBGIzOGyU2VnGimraPMs%3D\/463x0\/smart\/https%3A\/\/agenciabrasil.ebc.com.br\/sites\/default\/files\/thumbnails\/image\/2024\/04\/07\/trbr4661.jpg?w=696&#038;ssl=1\" alt=\"Rio de Janeiro (RJ), 07\/04\/2024 - Familiares, amigos e fans se despedem do cartunista Ziraldo em vel\u00f3rio, no Museu de Arte Moderna do Rio de Janeiro(MAM). Foto: T\u00e2nia R\u00eago\/Ag\u00eancia Brasil\" title=\"T\u00e2nia R\u00eago\/Ag\u00eancia Brasil\" class=\"flex-fill img-cover\"\/>\n    <\/div>\n<p><!-- END scald=379589 --><\/div>\n<p><h6 class=\"meta\">Familiares, amigos e f\u00e3s se despediram\u00a0do cartunista Ziraldo em vel\u00f3rio, no Museu de Arte Moderna do Rio de Janeiro(MAM). Foto:\u00a0<strong>T\u00e2nia R\u00eago\/Ag\u00eancia Brasil<\/strong><!--END copyright=379589--><\/h6>\n<\/p>\n<\/div>\n<p>\u201cO Ziraldo sempre teve esse compromisso com a liberdade e com a democracia. A gente sentia em cada gesto dele, em cada atitude e nas charges. Foi um orgulho ver como ele foi resist\u00eancia\u201d, afirma.<\/p>\n<p>Para a cineasta Fabrizia Pinto, filha de Ziraldo, o pai salvou o Brasil do regime militar e enfatizou que Ziraldo n\u00e3o deixou o pa\u00eds no per\u00edodo mais dif\u00edcil para a imprensa e a sociedade. \u201cEle ficou no Brasil para lutar contra a ditadura. Ele lutou com a pena, um papel, ideias pequenas e p\u00e9rolas. Uma pessoa como essa nunca vai se esvair, n\u00e3o vai embora\u201d.<\/p>\n<p>A diretora do Instituto Ziraldo, Adriana Lins, que tamb\u00e9m \u00e9 sobrinha do desenhista, enumera fatores que, na vis\u00e3o dela, forjaram Ziraldo como jornalista.<\/p>\n<p>\u201cEle \u00e9 um cr\u00edtico de costumes, um cr\u00edtico pol\u00edtico, um observador curioso desde o dia em que nasceu. Na hora em que voc\u00ea tem todos esses dons, essa sagacidade, essa curiosidade, essa intelig\u00eancia, acaba virando jornalista\u201d, afirma.<\/p>\n<p>\u201cEle fez todo mundo saber de tudo de uma maneira t\u00e3o sagaz, minimalista, em \u00e9pocas que n\u00e3o podia se falar tudo \u00e0s claras\u201d, ressalta a sobrinha. O Instituto Ziraldo \u00e9 uma institui\u00e7\u00e3o que preserva o trabalho intelectual do artista.<\/p>\n<h2>Jornais e revistas<\/h2>\n<p>Ziraldo frequentava reda\u00e7\u00f5es antes do come\u00e7o da ditadura militar, iniciada por um <a href=\"https:\/\/agenciabrasil.ebc.com.br\/geral\/noticia\/2024-03\/ditadura-militar-ou-civil-militar-saiba-o-que-esta-por-tras-dos-nomes\" target=\"_blank\" rel=\"noopener\">golpe que completou 60 anos em 2024<\/a>.\u00a0Em 1954, come\u00e7ou uma p\u00e1gina de humor no jornal A Folha de Minas. Passou tamb\u00e9m pelo seman\u00e1rio O Cruzeiro &#8211; que tinha enorme circula\u00e7\u00e3o nacional &#8211; e pelo Jornal do Brasil. O mineiro tamb\u00e9m trabalhou na revista Pif-Paf, dirigida por Mill\u00f4r Fernandes.<\/p>\n<p>Ap\u00f3s a redemocratiza\u00e7\u00e3o, Ziraldo acreditou em mais projetos editorais, como as revistas Palavra e Bundas, as duas em 1999. A segunda ridicularizava o culto a celebridades. Em 2002 lan\u00e7ou O Pasquim 21. Era uma tentativa de reviver os tempos \u00e1ureos do tabloide de oposi\u00e7\u00e3o. Mas a iniciativa durou apenas at\u00e9 2004.<\/p>\n<h2>Est\u00e1tua<\/h2>\n<p>O compositor Ant\u00f4nio Pinto, um dos filhos do desenhista, adiantou que existe o objetivo de criar no Rio de Janeiro um centro cultural em homenagem a Ziraldo.<\/p>\n<p>\u201cMeu pai \u00e9 uma figura enorme, um cara que criou por mais de 70 anos para o Brasil. A gente tem na nossa casa, onde era o est\u00fadio dele, um material vast\u00edssimo, mais de mil desenhos. A gente quer, de alguma maneira, colocar isso para as pessoas verem\u201d.<\/p>\n<p>Outra forma de legado \u00e9 um desejo antigo da filha Fabrizia Pinto e que mudaria a paisagem do Rio de Janeiro. Uma est\u00e1tua na orla da praia de Copacabana, onde j\u00e1 h\u00e1 uma homenagem a outro mineiro, o poeta Carlos Drummond de Andrade (1902-1987).<\/p>\n<p>\u201cEu gostaria muito que ele ficasse sentadinho do lado dele, Drummond e meu pai, porque eles se amavam muito, eles eram muito amigos\u201d, pediu emocionada.<\/p>\n<p>\u201cN\u00f3s \u00e9 que pedimos. Ent\u00e3o vamos fazer todas as homenagens que ele merece e n\u00e3o s\u00e3o poucas\u201d, respondeu o prefeito do Rio de Janeiro, Eduardo Paes.<\/p>\n<\/p><\/div>\n<p><br \/>\n<br \/><a href=\"https:\/\/agenciabrasil.ebc.com.br\/geral\/noticia\/2024-04\/amigos-se-despedem-de-ziraldo-e-lembram-seus-tracos-contra-ditadura\" rel=\"noopener\">Ag\u00eancia Brasil<\/a><\/p>\n","protected":false},"excerpt":{"rendered":"<p>Antes de ser conhecido como o pai do Menino Maluquinho e \u00edcone da literatura infanto-juvenil, o cartunista Ziraldo, falecido no s\u00e1bado (6), aos 91 anos, teve atua\u00e7\u00e3o marcante como jornalista em defesa de democracia. Durante a ditadura militar, usou seus tra\u00e7os para combater o regime autorit\u00e1rio e defender a liberdade de express\u00e3o. O corpo do [&hellip;]<\/p>\n","protected":false},"author":1,"featured_media":1149,"comment_status":"open","ping_status":"open","sticky":false,"template":"","format":"standard","meta":{"_jetpack_newsletter_access":"","_jetpack_dont_email_post_to_subs":false,"_jetpack_newsletter_tier_id":0,"_jetpack_memberships_contains_paywalled_content":false,"_mbp_banners":[],"_jetpack_feature_clip_id":0,"_jetpack_memberships_contains_paid_content":false,"footnotes":"","jetpack_publicize_message":"","jetpack_publicize_feature_enabled":true,"jetpack_social_post_already_shared":true,"jetpack_social_options":{"image_generator_settings":{"template":"highway","default_image_id":0,"font":"","enabled":false},"version":2},"jetpack_post_was_ever_published":false},"categories":[22],"tags":[],"class_list":["post-1148","post","type-post","status-publish","format-standard","has-post-thumbnail","category-nacional"],"jetpack_publicize_connections":[],"jetpack-related-posts":[],"jetpack_shortlink":"https:\/\/wp.me\/p7Eq1F-iw","jetpack_sharing_enabled":true,"jetpack_featured_media_url":"https:\/\/i0.wp.com\/guialimeira.com.br\/news\/wp-content\/uploads\/2024\/04\/73003786_2505883842838812_2004839881360015360_n.jpg?fit=1600%2C800&ssl=1","_links":{"self":[{"href":"https:\/\/guialimeira.com.br\/news\/wp-json\/wp\/v2\/posts\/1148","targetHints":{"allow":["GET"]}}],"collection":[{"href":"https:\/\/guialimeira.com.br\/news\/wp-json\/wp\/v2\/posts"}],"about":[{"href":"https:\/\/guialimeira.com.br\/news\/wp-json\/wp\/v2\/types\/post"}],"author":[{"embeddable":true,"href":"https:\/\/guialimeira.com.br\/news\/wp-json\/wp\/v2\/users\/1"}],"replies":[{"embeddable":true,"href":"https:\/\/guialimeira.com.br\/news\/wp-json\/wp\/v2\/comments?post=1148"}],"version-history":[{"count":0,"href":"https:\/\/guialimeira.com.br\/news\/wp-json\/wp\/v2\/posts\/1148\/revisions"}],"wp:featuredmedia":[{"embeddable":true,"href":"https:\/\/guialimeira.com.br\/news\/wp-json\/wp\/v2\/media\/1149"}],"wp:attachment":[{"href":"https:\/\/guialimeira.com.br\/news\/wp-json\/wp\/v2\/media?parent=1148"}],"wp:term":[{"taxonomy":"category","embeddable":true,"href":"https:\/\/guialimeira.com.br\/news\/wp-json\/wp\/v2\/categories?post=1148"},{"taxonomy":"post_tag","embeddable":true,"href":"https:\/\/guialimeira.com.br\/news\/wp-json\/wp\/v2\/tags?post=1148"}],"curies":[{"name":"wp","href":"https:\/\/api.w.org\/{rel}","templated":true}]}}