{"id":1146,"date":"2024-04-07T19:08:46","date_gmt":"2024-04-07T22:08:46","guid":{"rendered":"https:\/\/guialimeira.com.br\/2024\/04\/07\/prazo-para-regularizar-titulo-pela-internet-termina-nesta-segunda\/"},"modified":"2024-04-07T19:08:46","modified_gmt":"2024-04-07T22:08:46","slug":"prazo-para-regularizar-titulo-pela-internet-termina-nesta-segunda","status":"publish","type":"post","link":"https:\/\/guialimeira.com.br\/news\/prazo-para-regularizar-titulo-pela-internet-termina-nesta-segunda\/","title":{"rendered":"Prazo para regularizar t\u00edtulo pela internet termina nesta segunda"},"content":{"rendered":"<p> <br \/>\n<\/p>\n<div>\n<p>Eleitores sem\u00a0biometria cadastrada podem\u00a0acessar os servi\u00e7os eleitorais pela internet, chamados T\u00edtulo Net, somente at\u00e9 esta\u00a0segunda-feira (8). Depois desse prazo, o eleitor sem as digitais cadastradas\u00a0precisar\u00e1 ir\u00a0a um cart\u00f3rio eleitoral\u00a0at\u00e9 o dia 8 de maio para ser atendido e poder votar nas elei\u00e7\u00f5es municipais, marcadas para outubro.\u00a0\u00a0<img data-recalc-dims=\"1\" decoding=\"async\" src=\"https:\/\/i0.wp.com\/agenciabrasil.ebc.com.br\/ebc.png?w=696&#038;ssl=1\" style=\"width:1px; height:1px; display:inline;\"\/><img data-recalc-dims=\"1\" decoding=\"async\" src=\"https:\/\/i0.wp.com\/agenciabrasil.ebc.com.br\/ebc.gif?w=696&#038;ssl=1\" style=\"width:1px; height:1px; display:inline;\"\/><\/p>\n<p>Segundo a Justi\u00e7a Eleitoral,\u00a0os eleitores com a\u00a0biometria\u00a0em dia podem\u00a0continuar utilizando os servi\u00e7os pela\u00a0internet. \u00c9 poss\u00edvel ver qual \u00e9 a\u00a0situa\u00e7\u00e3o cadastral\u00a0<a href=\"https:\/\/www.tse.jus.br\/#\/\" target=\"_blank\" rel=\"noopener\">no site do TSE<\/a>.\u00a0<\/p>\n<p>O dia 8 de maio \u00e9 o prazo final para regularizar a situa\u00e7\u00e3o eleitoral, solicitar transfer\u00eancia de domic\u00edlio e atualizar dados cadastrais. Ap\u00f3s essa data, esses servi\u00e7os ficar\u00e3o\u00a0indispon\u00edveis, pois a Justi\u00e7a Eleitoral passar\u00e1 a se dedicar a organiza\u00e7\u00e3o\u00a0das elei\u00e7\u00f5es municipais.<\/p>\n<h2>Primeiro t\u00edtulo<\/h2>\n<p>Quem for tirar o t\u00edtulo pela primeira vez precisa ir a um cart\u00f3rio eleitoral para coletar a biometria, que \u00e9 gratuita. Esse cadastro evita que uma pessoa vote no lugar de outra e permite identificar se um eleitor tem mais de um registro eleitoral.\u00a0<\/p>\n<p>A Justi\u00e7a Eleitoral alerta que apenas fazer o pedido\u00a0pela internet n\u00e3o \u00e9 garantia\u00a0da emiss\u00e3o do t\u00edtulo ou a regulariza\u00e7\u00e3o eleitoral. \u00c9 necess\u00e1rio anexar os documentos exigidos.\u00a0<\/p>\n<p>\u00a0<\/p>\n<p>\u00a0<\/p>\n<\/p><\/div>\n<p><br \/>\n<br \/><a href=\"https:\/\/agenciabrasil.ebc.com.br\/geral\/noticia\/2024-04\/prazo-para-regularizar-t%C3%ADtulo-pela-internet-termina-nesta-segunda\" rel=\"noopener\">Ag\u00eancia Brasil<\/a><\/p>\n","protected":false},"excerpt":{"rendered":"<p>Eleitores sem\u00a0biometria cadastrada podem\u00a0acessar os servi\u00e7os eleitorais pela internet, chamados T\u00edtulo Net, somente at\u00e9 esta\u00a0segunda-feira (8). Depois desse prazo, o eleitor sem as digitais cadastradas\u00a0precisar\u00e1 ir\u00a0a um cart\u00f3rio eleitoral\u00a0at\u00e9 o dia 8 de maio para ser atendido e poder votar nas elei\u00e7\u00f5es municipais, marcadas para outubro.\u00a0\u00a0 Segundo a Justi\u00e7a Eleitoral,\u00a0os eleitores com a\u00a0biometria\u00a0em dia podem\u00a0continuar [&hellip;]<\/p>\n","protected":false},"author":1,"featured_media":1147,"comment_status":"open","ping_status":"open","sticky":false,"template":"","format":"standard","meta":{"_jetpack_newsletter_access":"","_jetpack_dont_email_post_to_subs":false,"_jetpack_newsletter_tier_id":0,"_jetpack_memberships_contains_paywalled_content":false,"_mbp_banners":[],"_jetpack_feature_clip_id":0,"_jetpack_memberships_contains_paid_content":false,"footnotes":"","jetpack_publicize_message":"","jetpack_publicize_feature_enabled":true,"jetpack_social_post_already_shared":true,"jetpack_social_options":{"image_generator_settings":{"template":"highway","default_image_id":0,"font":"","enabled":false},"version":2},"jetpack_post_was_ever_published":false},"categories":[1],"tags":[],"class_list":["post-1146","post","type-post","status-publish","format-standard","has-post-thumbnail","category-geral"],"jetpack_publicize_connections":[],"jetpack-related-posts":[],"jetpack_shortlink":"https:\/\/wp.me\/p7Eq1F-iu","jetpack_sharing_enabled":true,"jetpack_featured_media_url":"https:\/\/i0.wp.com\/guialimeira.com.br\/news\/wp-content\/uploads\/2024\/04\/21082010-21082010wd1248a_2.jpg?fit=1600%2C800&ssl=1","_links":{"self":[{"href":"https:\/\/guialimeira.com.br\/news\/wp-json\/wp\/v2\/posts\/1146","targetHints":{"allow":["GET"]}}],"collection":[{"href":"https:\/\/guialimeira.com.br\/news\/wp-json\/wp\/v2\/posts"}],"about":[{"href":"https:\/\/guialimeira.com.br\/news\/wp-json\/wp\/v2\/types\/post"}],"author":[{"embeddable":true,"href":"https:\/\/guialimeira.com.br\/news\/wp-json\/wp\/v2\/users\/1"}],"replies":[{"embeddable":true,"href":"https:\/\/guialimeira.com.br\/news\/wp-json\/wp\/v2\/comments?post=1146"}],"version-history":[{"count":0,"href":"https:\/\/guialimeira.com.br\/news\/wp-json\/wp\/v2\/posts\/1146\/revisions"}],"wp:featuredmedia":[{"embeddable":true,"href":"https:\/\/guialimeira.com.br\/news\/wp-json\/wp\/v2\/media\/1147"}],"wp:attachment":[{"href":"https:\/\/guialimeira.com.br\/news\/wp-json\/wp\/v2\/media?parent=1146"}],"wp:term":[{"taxonomy":"category","embeddable":true,"href":"https:\/\/guialimeira.com.br\/news\/wp-json\/wp\/v2\/categories?post=1146"},{"taxonomy":"post_tag","embeddable":true,"href":"https:\/\/guialimeira.com.br\/news\/wp-json\/wp\/v2\/tags?post=1146"}],"curies":[{"name":"wp","href":"https:\/\/api.w.org\/{rel}","templated":true}]}}