{"id":11438,"date":"2024-08-01T15:51:52","date_gmt":"2024-08-01T18:51:52","guid":{"rendered":"https:\/\/guialimeira.com.br\/2024\/08\/01\/brasil-assume-temporariamente-embaixada-da-argentina-em-caracas\/"},"modified":"2024-08-01T15:51:52","modified_gmt":"2024-08-01T18:51:52","slug":"brasil-assume-temporariamente-embaixada-da-argentina-em-caracas","status":"publish","type":"post","link":"https:\/\/guialimeira.com.br\/news\/brasil-assume-temporariamente-embaixada-da-argentina-em-caracas\/","title":{"rendered":"Brasil assume temporariamente embaixada da Argentina em Caracas"},"content":{"rendered":"<p> <br \/>\n<\/p>\n<div>\n<p>O presidente da Argentina, Javier Milei, agradeceu ao Brasil por assumir temporariamente, nesta quinta-feira (1\u00ba), a representa\u00e7\u00e3o diplom\u00e1tica argentina em Caracas, na Venezuela, a pedido de seu governo, ap\u00f3s o presidente venezuelano, Nicol\u00e1s Maduro, decretar, na segunda-feira (29), o fechamento da representa\u00e7\u00e3o diplom\u00e1tica argentina e ordenar a expuls\u00e3o do pa\u00eds dos diplomatas argentinos.<img data-recalc-dims=\"1\" decoding=\"async\" src=\"https:\/\/i0.wp.com\/agenciabrasil.ebc.com.br\/ebc.png?w=696&#038;ssl=1\" style=\"width:1px; height:1px; display:inline;\"\/><img data-recalc-dims=\"1\" decoding=\"async\" src=\"https:\/\/i0.wp.com\/agenciabrasil.ebc.com.br\/ebc.gif?w=696&#038;ssl=1\" style=\"width:1px; height:1px; display:inline;\"\/><\/p>\n<p><a href=\"https:\/\/twitter.com\/JMilei\/status\/1818982715665916398\" target=\"_blank\" rel=\"noopener\">A publica\u00e7\u00e3o foi feita na rede social X<\/a> (antigo Twitter) de Milei.<\/p>\n<blockquote>\n<p>\u201cOs la\u00e7os de amizade que unem a Argentina ao Brasil s\u00e3o muito fortes e hist\u00f3ricos. \u00a0A Venezuela respeitar\u00e1, portanto, as disposi\u00e7\u00f5es da Conven\u00e7\u00e3o de Viena sobre Rela\u00e7\u00f5es Diplom\u00e1ticas e da Conven\u00e7\u00e3o de Viena sobre Rela\u00e7\u00f5es Consulares\u201d,\u00a0publicou na rede X o presidente da Argentina,\u00a0Javier Milei.<\/p>\n<\/blockquote>\n<p>Na postagem, ele prev\u00ea a retomada democr\u00e1tica no pa\u00eds bolivariano. \u201cN\u00e3o tenho d\u00favidas de que, em breve, reabriremos a nossa embaixada em uma Venezuela livre e democr\u00e1tica\u201d, disse.<\/p>\n<p>Na segunda-feira (29), o governo Maduro anunciou, por meio de um comunicado, <a href=\"http:\/\/agenciabrasil.ebc.com.br\/internacional\/noticia\/2024-07\/venezuela-expulsa-diplomatas-de-paises-que-contestam-eleicao\" target=\"_blank\" rel=\"noopener\">que expulsaria o pessoal diplom\u00e1tico da Argentina, Chile, Costa Rica, Peru, Panam\u00e1, Rep\u00fablica Dominicana e Uruguai<\/a>, que questionou a elei\u00e7\u00e3o presidencial na Venezuela, no domingo (28).<\/p>\n<p>Especificamente <a href=\"https:\/\/twitter.com\/yvangil\/status\/1818475290215010510?ref_src=twsrc%5Etfw%7Ctwcamp%5Etweetembed%7Ctwterm%5E1818475290215010510%7Ctwgr%5E5fb6b993f33e16cc635369e2a6e329e9a0c05641%7Ctwcon%5Es1_&amp;ref_url=https%3A%2F%2Fwww.terra.com.br%2Fnoticias%2Fmundo%2Fvenezuela-anuncia-rompimento-das-relacoes-diplomaticas-com-o-peru4644f0e90cbbcb0e98fb3856b8b62c4bwt44gt3w.html\" target=\"_blank\" rel=\"noopener\">a Argentina acusou de fraude os resultados eleitorais<\/a>. Adicionalmente, na ter\u00e7a-feira (30), a Venezuela anunciou, via chanceler da Venezuela [Yvan Gil, o rompimento das rela\u00e7\u00f5es diplom\u00e1ticas com o Peru, em resposta ao reconhecimento peruano do opositor de Maduro nas urnas, Edmundo Gonz\u00e1lez Urrutia, como presidente eleito da Venezuela.<\/p>\n<h2>Comunicado argentino<\/h2>\n<p>A ministra de Rela\u00e7\u00f5es Exteriores, Com\u00e9rcio Internacional e Culto da Argentina, Diana Mondino, tamb\u00e9m publicou na rede social X a foto do hasteamento da bandeira brasileira, na manh\u00e3 desta quinta-feira (1\u00ba), na resid\u00eancia do embaixador da Argentina, no solo venezuelano. a foto do hasteamento da bandeira brasileira, na manh\u00e3 desta quinta-feira (1\u00ba), na resid\u00eancia do embaixador da Argentina, no solo venezuelano.<\/p>\n<p><a href=\"https:\/\/www.cancilleria.gob.ar\/es\/actualidad\/noticias\/partida-del-personal-de-la-embajada-argentina-en-venezuela\" target=\"_blank\" rel=\"noopener\">Em nota \u00e0 imprensa publicada um dia antes (31)<\/a>, o Minist\u00e9rio das Rela\u00e7\u00f5es Exteriores, Com\u00e9rcio Internacional e Culto da Argentina confirmou que os funcion\u00e1rios diplom\u00e1ticos, consulares e adidos de defesa argentinos que trabalhavam na Embaixada da Argentina em Caracas deixar\u00e3o o pa\u00eds nesta quinta-feira, devido \u00e0 notifica\u00e7\u00e3o do governo da Venezuela, emitida em 29 de julho.<\/p>\n<p>A nota da\u00a0chancelaria\u00a0refor\u00e7a que a cust\u00f3dia da sede diplom\u00e1tica argentina envolve os cidad\u00e3os venezuelanos opositores ao governo de Nicol\u00e1s Maduro, que est\u00e3o refugiados na embaixada desde 20 de mar\u00e7o.<\/p>\n<p>Os seis asilados pol\u00edticos devem ser mantidos no local, mas sem a presen\u00e7a de diplomatas argentinos, pois foram impedidos de sair do pa\u00eds juntamente com o corpo diplom\u00e1tico argentino, expulso da embaixada no in\u00edcio da semana.<\/p>\n<p>O comunicado tamb\u00e9m explica que, sob a cust\u00f3dia do governo do presidente Luiz In\u00e1cio Lula da Silva, o Brasil se encarregar\u00e1 momentaneamente da administra\u00e7\u00e3o e do cuidado dos im\u00f3veis das duas instala\u00e7\u00f5es da miss\u00e3o argentina em Caracas (a embaixada e a resid\u00eancia oficial do embaixador), seus bens e arquivos, bem como da prote\u00e7\u00e3o de seus interesses e dos nacionais argentinos em territ\u00f3rio venezuelano.<\/p>\n<h2>Brasil<\/h2>\n<p>O governo brasileiro confirmou que mant\u00e9m tratativas avan\u00e7adas com a Argentina para a guarda das instala\u00e7\u00f5es diplom\u00e1ticas do pa\u00eds vizinho em solo venezuelano, o que inclui a seguran\u00e7a dos opositores venezuelanos refugiados na embaixada argentina.<\/p>\n<p>E com o Peru, o Minist\u00e9rio das Rela\u00e7\u00f5es Exteriores (MRE) afirma que est\u00e3o em est\u00e1gio inicial as negocia\u00e7\u00f5es para que o Brasil se responsabilize temporariamente pela embaixada do pa\u00eds andino tamb\u00e9m em Caracas, a pedido do governo do Peru.<\/p>\n<p>Nessa quarta-feira (31),<a href=\"http:\/\/o ministro-chefe da Secretaria de Rela\u00e7\u00f5es Institucionais, Alexandre Padilha\" target=\"_blank\" rel=\"noopener\"> <\/a><a href=\"https:\/\/www.cancilleria.gob.ar\/es\/actualidad\/noticias\/partida-del-personal-de-la-embajada-argentina-en-venezuela\" target=\"_blank\" rel=\"noopener\">o ministro-chefe da Secretaria de Rela\u00e7\u00f5es Institucionais, Alexandre Padilha<\/a>, disse que o governo brasileiro somente vai se posicionar sobre o resultado do pleito venezuelano ap\u00f3s a publica\u00e7\u00e3o das atas pelo\u00a0Conselho Nacional Eleitoral que detalham os resultados das urnas.<\/p>\n<p>O Minist\u00e9rio das Rela\u00e7\u00f5es Exteriores do Brasil explica que a divulga\u00e7\u00e3o dos dados desagregados, por mesa de vota\u00e7\u00e3o, significa um passo indispens\u00e1vel para a transpar\u00eancia, credibilidade e legitimidade do resultado do pleito.<\/p>\n<p>Na segunda-feira, <a href=\"https:\/\/www.instagram.com\/p\/C-DQEyVgU84\/\" target=\"_blank\" rel=\"noopener\">a Embaixada do Brasil em Caracas<\/a>] emitiu um alerta consular a brasileiros e brasileiras residentes &#8211; em tr\u00e2nsito ou com viagem marcada &#8211; \u00e0 Venezuela para que acompanhem as informa\u00e7\u00f5es sobre a situa\u00e7\u00e3o de seguran\u00e7a local e evitem aglomera\u00e7\u00f5es.<\/p>\n<p>Em caso de emerg\u00eancia envolvendo brasileiros, o telefone de plant\u00e3o, com <em>whatsapp,<\/em> da Embaixada do Brasil em Caracas \u00e9: +58 414-3723337. O plant\u00e3o consular geral do Itamaraty, em Bras\u00edlia, pode ser acionado pelo telefone +55 (61) 98260-0610.<\/p>\n<\/p><\/div>\n<p><script async src=\"\/\/platform.twitter.com\/widgets.js\" charset=\"utf-8\"><\/script><script async src=\"\/\/www.instagram.com\/embed.js\"><\/script><br \/>\n<br \/><br \/>\n<br \/><a href=\"https:\/\/agenciabrasil.ebc.com.br\/internacional\/noticia\/2024-08\/brasil-assume-temporariamente-embaixada-da-argentina-em-caracas\" rel=\"noopener\">Ag\u00eancia Brasil <\/a><\/p>\n","protected":false},"excerpt":{"rendered":"<p>O presidente da Argentina, Javier Milei, agradeceu ao Brasil por assumir temporariamente, nesta quinta-feira (1\u00ba), a representa\u00e7\u00e3o diplom\u00e1tica argentina em Caracas, na Venezuela, a pedido de seu governo, ap\u00f3s o presidente venezuelano, Nicol\u00e1s Maduro, decretar, na segunda-feira (29), o fechamento da representa\u00e7\u00e3o diplom\u00e1tica argentina e ordenar a expuls\u00e3o do pa\u00eds dos diplomatas argentinos. A publica\u00e7\u00e3o [&hellip;]<\/p>\n","protected":false},"author":1,"featured_media":11439,"comment_status":"open","ping_status":"open","sticky":false,"template":"","format":"standard","meta":{"_jetpack_newsletter_access":"","_jetpack_dont_email_post_to_subs":false,"_jetpack_newsletter_tier_id":0,"_jetpack_memberships_contains_paywalled_content":false,"_mbp_banners":[],"_jetpack_feature_clip_id":0,"_jetpack_memberships_contains_paid_content":false,"footnotes":"","jetpack_publicize_message":"","jetpack_publicize_feature_enabled":true,"jetpack_social_post_already_shared":true,"jetpack_social_options":{"image_generator_settings":{"template":"highway","default_image_id":0,"font":"","enabled":false},"version":2},"jetpack_post_was_ever_published":false},"categories":[25],"tags":[],"class_list":["post-11438","post","type-post","status-publish","format-standard","has-post-thumbnail","category-internacional"],"jetpack_publicize_connections":[],"jetpack-related-posts":[],"jetpack_shortlink":"https:\/\/wp.me\/p7Eq1F-2Yu","jetpack_sharing_enabled":true,"jetpack_featured_media_url":"https:\/\/i0.wp.com\/guialimeira.com.br\/news\/wp-content\/uploads\/2024\/08\/gt5xu7-w8aanpofa.jpg?fit=1600%2C800&ssl=1","_links":{"self":[{"href":"https:\/\/guialimeira.com.br\/news\/wp-json\/wp\/v2\/posts\/11438","targetHints":{"allow":["GET"]}}],"collection":[{"href":"https:\/\/guialimeira.com.br\/news\/wp-json\/wp\/v2\/posts"}],"about":[{"href":"https:\/\/guialimeira.com.br\/news\/wp-json\/wp\/v2\/types\/post"}],"author":[{"embeddable":true,"href":"https:\/\/guialimeira.com.br\/news\/wp-json\/wp\/v2\/users\/1"}],"replies":[{"embeddable":true,"href":"https:\/\/guialimeira.com.br\/news\/wp-json\/wp\/v2\/comments?post=11438"}],"version-history":[{"count":0,"href":"https:\/\/guialimeira.com.br\/news\/wp-json\/wp\/v2\/posts\/11438\/revisions"}],"wp:featuredmedia":[{"embeddable":true,"href":"https:\/\/guialimeira.com.br\/news\/wp-json\/wp\/v2\/media\/11439"}],"wp:attachment":[{"href":"https:\/\/guialimeira.com.br\/news\/wp-json\/wp\/v2\/media?parent=11438"}],"wp:term":[{"taxonomy":"category","embeddable":true,"href":"https:\/\/guialimeira.com.br\/news\/wp-json\/wp\/v2\/categories?post=11438"},{"taxonomy":"post_tag","embeddable":true,"href":"https:\/\/guialimeira.com.br\/news\/wp-json\/wp\/v2\/tags?post=11438"}],"curies":[{"name":"wp","href":"https:\/\/api.w.org\/{rel}","templated":true}]}}