{"id":11407,"date":"2024-08-01T10:46:48","date_gmt":"2024-08-01T13:46:48","guid":{"rendered":"https:\/\/guialimeira.com.br\/2024\/08\/01\/mais-de-100-sao-detidos-na-inglaterra-em-protestos-anti-imigracao\/"},"modified":"2024-08-01T10:46:48","modified_gmt":"2024-08-01T13:46:48","slug":"mais-de-100-sao-detidos-na-inglaterra-em-protestos-anti-imigracao","status":"publish","type":"post","link":"https:\/\/guialimeira.com.br\/news\/mais-de-100-sao-detidos-na-inglaterra-em-protestos-anti-imigracao\/","title":{"rendered":"Mais de 100 s\u00e3o detidos na Inglaterra, em protestos anti-imigra\u00e7\u00e3o"},"content":{"rendered":"<p> <br \/>\n<\/p>\n<div>\n<p>Milhares de manifestantes voltaram a entrar em confronto com a pol\u00edcia, durante a noite de quarta-feira (31), em Londres, Manchester e Hartlepool. Os protestos come\u00e7aram ap\u00f3s um esfaqueamento em Southport, que deixou 3 meninas mortas.<img data-recalc-dims=\"1\" decoding=\"async\" src=\"https:\/\/i0.wp.com\/agenciabrasil.ebc.com.br\/ebc.png?w=696&#038;ssl=1\" style=\"width:1px; height:1px; display:inline;\"\/><img data-recalc-dims=\"1\" decoding=\"async\" src=\"https:\/\/i0.wp.com\/agenciabrasil.ebc.com.br\/ebc.gif?w=696&#038;ssl=1\" style=\"width:1px; height:1px; display:inline;\"\/><\/p>\n<p>A viol\u00eancia nas ruas brit\u00e2nicas levou a &#8220;mais de 100 pessoas presas&#8221; e v\u00e1rios feridos. Na capital, os manifestantes anti-imigra\u00e7\u00e3o concentraram-se perto da resid\u00eancia oficial do primeiro-ministro, em Downing Street. Eles gritavam &#8220;salvem as nossas crian\u00e7as&#8221; e &#8220;queremos o nosso pa\u00eds de volta&#8221;.<\/p>\n<p>De acordo com as autoridades de Cleveland, um carro de pol\u00edcia foi incendiado depois de uma multid\u00e3o ter se concentrado na \u00e1rea de Murray Street, em Hartlepool. <a href=\"https:\/\/agenciabrasil.ebc.com.br\/internacional\/noticia\/2024-07\/dezenas-de-policiais-britanicos-ficam-feridos-apos-morte-de-3-meninas\" target=\"_blank\" rel=\"noopener\">Durante os protestos<\/a>, os policiais foram atacados com diversos objetos, como garrafas de vidro e ovos. Oito pessoas foram presas.<\/p>\n<p>Em Manchester, uma grande manifesta\u00e7\u00e3o ocorreu junto ao hotel Holiday Inn, na Oldham Road, ao fim do dia de quarta-feira, relatou o <em>Manchester Evening News<\/em>.<\/p>\n<p>Nesta a\u00e7\u00e3o de protesto, cerca de 40 pessoas \u2013 homens e crian\u00e7as \u2013 usavam balaclavas ou gorros. O jornal afirma que a manifesta\u00e7\u00e3o &#8220;parecia ser uma posi\u00e7\u00e3o contra os requerentes de asilo atualmente alojados no hotel&#8221;.<\/p>\n<h2>Deten\u00e7\u00f5es<\/h2>\n<p>J\u00e1 em Londres, os protestos que envolveram manifestantes de extrema-direita tornaram-se mais violentos.<\/p>\n<p>Sob o lema &#8220;Basta&#8221;, as ruas perto do Parlamento e da resid\u00eancia oficial do primeiro-ministro, Keir Starmer, em Downing Street foram palco de confrontos com a pol\u00edcia.<\/p>\n<p>Latas de cerveja e garrafas de vidro foram arremessadas contra a pol\u00edcia de choque em frente \u00e0 Downing Street. Os manifestantes atiraram ainda sinalizadores de fuma\u00e7a contra a est\u00e1tua de Winston Churchill na Pra\u00e7a do Parlamento.<\/p>\n<p>\u201cMais de 100 pessoas foram detidas por delitos, incluindo desordem violenta, agress\u00e3o a um trabalhador de emerg\u00eancia e viola\u00e7\u00e3o das condi\u00e7\u00f5es de protesto. Alguns policiais sofreram ferimentos leves\u201d, comunicou a Pol\u00edcia Metropolitana.<\/p>\n<p>\u00a0Keir Starmer re\u00fane-se nesta quinta-feira (1\u00b0) com a pol\u00edcia. No encontro, o primeiro-ministro trabalhista pretende &#8220;oferecer a eles o total apoio do governo ap\u00f3s v\u00e1rios incidentes de grande repercuss\u00e3o de viol\u00eancia extrema e desordem p\u00fablica nas ruas&#8221;.<\/p>\n<p>&#8220;Embora o direito aos protestos pac\u00edficos deva ser protegido a todo custo, o primeiro-ministro deixar\u00e1 claro que os criminosos que exploram esse direito para semear o \u00f3dio e realizar atos violentos enfrentar\u00e3o toda a for\u00e7a da lei&#8221;, acrescentou o N\u00famero 10 de Downing Street.<\/p>\n<h2>Entenda<\/h2>\n<p>As desordens come\u00e7aram depois de informa\u00e7\u00f5es alegadamente falsas nas redes sociais alegarem que o suspeito do ataque a facas seria um migrante isl\u00e2mico radical. Ap\u00f3s o ataque, eclodiram os primeiros confrontos na cidade de Southport, na ter\u00e7a-feira (30).<\/p>\n<p>A pol\u00edcia tem restri\u00e7\u00f5es legais quanto aos detalhes que pode fornecer sobre o suposto agressor adolescente. No entanto, informou que trata-se de um cidad\u00e3o de 17 anos e, por isso, restringe da divulga\u00e7\u00e3o de informa\u00e7\u00f5es.<\/p>\n<p>Segundo a pol\u00edcia brit\u00e2nica, o ataque a faca n\u00e3o estava relacionado com terrorismo. As autoridades afirmam ainda que o suspeito nasceu na Gr\u00e3-Bretanha. O caso do esfaqueamento em Southport continua em investiga\u00e7\u00e3o.<\/p>\n<p>Na segunda feira passada, durante uma aula de dan\u00e7a em Hart Street, Southport, o adolescente teria feito o ataque a facas que matou as tr\u00eas meninas. Outras oito crian\u00e7as ficaram feridas, cinco em estado cr\u00edtico. Dois adultos tamb\u00e9m ficaram gravemente feridos.<\/p>\n<p>O acusado foi detido preventivamente e comparecer\u00e1 ao tribunal de magistrados de Liverpool, na Derby Square, ainda esta quinta-feira.<\/p>\n<\/p><\/div>\n<p><br \/>\n<br \/><a href=\"https:\/\/agenciabrasil.ebc.com.br\/internacional\/noticia\/2024-08\/mais-de-100-sao-detidos-na-inglaterra-em-protestos-anti-imigracao\" rel=\"noopener\">Ag\u00eancia Brasil <\/a><\/p>\n","protected":false},"excerpt":{"rendered":"<p>Milhares de manifestantes voltaram a entrar em confronto com a pol\u00edcia, durante a noite de quarta-feira (31), em Londres, Manchester e Hartlepool. Os protestos come\u00e7aram ap\u00f3s um esfaqueamento em Southport, que deixou 3 meninas mortas. A viol\u00eancia nas ruas brit\u00e2nicas levou a &#8220;mais de 100 pessoas presas&#8221; e v\u00e1rios feridos. Na capital, os manifestantes anti-imigra\u00e7\u00e3o [&hellip;]<\/p>\n","protected":false},"author":1,"featured_media":11408,"comment_status":"open","ping_status":"open","sticky":false,"template":"","format":"standard","meta":{"_jetpack_newsletter_access":"","_jetpack_dont_email_post_to_subs":false,"_jetpack_newsletter_tier_id":0,"_jetpack_memberships_contains_paywalled_content":false,"_mbp_banners":[],"_jetpack_feature_clip_id":0,"_jetpack_memberships_contains_paid_content":false,"footnotes":"","jetpack_publicize_message":"","jetpack_publicize_feature_enabled":true,"jetpack_social_post_already_shared":true,"jetpack_social_options":{"image_generator_settings":{"template":"highway","default_image_id":0,"font":"","enabled":false},"version":2},"jetpack_post_was_ever_published":false},"categories":[25],"tags":[],"class_list":["post-11407","post","type-post","status-publish","format-standard","has-post-thumbnail","category-internacional"],"jetpack_publicize_connections":[],"jetpack-related-posts":[],"jetpack_shortlink":"https:\/\/wp.me\/p7Eq1F-2XZ","jetpack_sharing_enabled":true,"jetpack_featured_media_url":"https:\/\/i0.wp.com\/guialimeira.com.br\/news\/wp-content\/uploads\/2024\/08\/2024-07-31t210441z_1_lynxmpek6u12y_rtroptp_4_britain-protest-london.jpg?fit=1600%2C800&ssl=1","_links":{"self":[{"href":"https:\/\/guialimeira.com.br\/news\/wp-json\/wp\/v2\/posts\/11407","targetHints":{"allow":["GET"]}}],"collection":[{"href":"https:\/\/guialimeira.com.br\/news\/wp-json\/wp\/v2\/posts"}],"about":[{"href":"https:\/\/guialimeira.com.br\/news\/wp-json\/wp\/v2\/types\/post"}],"author":[{"embeddable":true,"href":"https:\/\/guialimeira.com.br\/news\/wp-json\/wp\/v2\/users\/1"}],"replies":[{"embeddable":true,"href":"https:\/\/guialimeira.com.br\/news\/wp-json\/wp\/v2\/comments?post=11407"}],"version-history":[{"count":0,"href":"https:\/\/guialimeira.com.br\/news\/wp-json\/wp\/v2\/posts\/11407\/revisions"}],"wp:featuredmedia":[{"embeddable":true,"href":"https:\/\/guialimeira.com.br\/news\/wp-json\/wp\/v2\/media\/11408"}],"wp:attachment":[{"href":"https:\/\/guialimeira.com.br\/news\/wp-json\/wp\/v2\/media?parent=11407"}],"wp:term":[{"taxonomy":"category","embeddable":true,"href":"https:\/\/guialimeira.com.br\/news\/wp-json\/wp\/v2\/categories?post=11407"},{"taxonomy":"post_tag","embeddable":true,"href":"https:\/\/guialimeira.com.br\/news\/wp-json\/wp\/v2\/tags?post=11407"}],"curies":[{"name":"wp","href":"https:\/\/api.w.org\/{rel}","templated":true}]}}