{"id":11394,"date":"2024-08-01T08:35:48","date_gmt":"2024-08-01T11:35:48","guid":{"rendered":"https:\/\/guialimeira.com.br\/2024\/08\/01\/rio-prorroga-vacinacao-contra-variante-xbb-da-covid-19-ate-sabado\/"},"modified":"2024-08-01T08:35:48","modified_gmt":"2024-08-01T11:35:48","slug":"rio-prorroga-vacinacao-contra-variante-xbb-da-covid-19-ate-sabado","status":"publish","type":"post","link":"https:\/\/guialimeira.com.br\/news\/rio-prorroga-vacinacao-contra-variante-xbb-da-covid-19-ate-sabado\/","title":{"rendered":"Rio prorroga vacina\u00e7\u00e3o contra variante XBB da Covid-19 at\u00e9 s\u00e1bado"},"content":{"rendered":"<p> <br \/>\n<\/p>\n<div>\n<p>A Secretaria Municipal de Sa\u00fade do Rio de Janeiro ampliou at\u00e9 o pr\u00f3ximo s\u00e1bado (2) o programa de vacina\u00e7\u00e3o contra a variante XBB da Covid-19 para pessoas com 5 anos ou mais. A finalidade \u00e9 utilizar as doses do imunizante que, devido ao seu tempo de conserva\u00e7\u00e3o, devem ser aplicadas antes do fim do prazo de validade.<img data-recalc-dims=\"1\" decoding=\"async\" src=\"https:\/\/i0.wp.com\/agenciabrasil.ebc.com.br\/ebc.png?w=696&#038;ssl=1\" style=\"width:1px; height:1px; display:inline;\"\/><img data-recalc-dims=\"1\" decoding=\"async\" src=\"https:\/\/i0.wp.com\/agenciabrasil.ebc.com.br\/ebc.gif?w=696&#038;ssl=1\" style=\"width:1px; height:1px; display:inline;\"\/><\/p>\n<p>O imunizante contra a variante XBB est\u00e1 dispon\u00edvel em todas as 238 cl\u00ednicas da fam\u00edlia e centros municipais de sa\u00fade da cidade. Os moradores podem se dirigir tamb\u00e9m ao Super Centro Carioca de Vacina\u00e7\u00e3o em Botafogo, na zona sul, que funciona diariamente das 8h \u00e0s 22h, e \u00e0 unidade do Super Centro Carioca de Vacina\u00e7\u00e3o no ParkShopping CampoGrande, com hor\u00e1rios de funcionamento alinhados ao centro comercial, com atendimento, a partir das 10h.<\/p>\n<p>A Secretaria pede que os interessados verifiquem os documentos necess\u00e1rios e compare\u00e7am aos locais de vacina\u00e7\u00e3o o quanto antes para garantir a dose do imunizante e contribuir para o controle da variante XBB, que est\u00e1 em circula\u00e7\u00e3o atualmente.\u00a0<\/p>\n<p>A vacina atualizada contra covid-19\/XBB tamb\u00e9m \u00e9 aplicada como imunizante de rotina para crian\u00e7as de 6 meses a 4 anos de idade.<\/p>\n<\/p><\/div>\n<p><br \/>\n<br \/><a href=\"https:\/\/agenciabrasil.ebc.com.br\/saude\/noticia\/2024-08\/rio-prorroga-vacinacao-contra-variante-xbb-da-covid-19-ate-sabado\" rel=\"noopener\">Ag\u00eancia Brasil <\/a><\/p>\n","protected":false},"excerpt":{"rendered":"<p>A Secretaria Municipal de Sa\u00fade do Rio de Janeiro ampliou at\u00e9 o pr\u00f3ximo s\u00e1bado (2) o programa de vacina\u00e7\u00e3o contra a variante XBB da Covid-19 para pessoas com 5 anos ou mais. A finalidade \u00e9 utilizar as doses do imunizante que, devido ao seu tempo de conserva\u00e7\u00e3o, devem ser aplicadas antes do fim do prazo [&hellip;]<\/p>\n","protected":false},"author":1,"featured_media":11395,"comment_status":"open","ping_status":"open","sticky":false,"template":"","format":"standard","meta":{"_jetpack_newsletter_access":"","_jetpack_dont_email_post_to_subs":false,"_jetpack_newsletter_tier_id":0,"_jetpack_memberships_contains_paywalled_content":false,"_mbp_banners":[],"_jetpack_feature_clip_id":0,"_jetpack_memberships_contains_paid_content":false,"footnotes":"","jetpack_publicize_message":"","jetpack_publicize_feature_enabled":true,"jetpack_social_post_already_shared":true,"jetpack_social_options":{"image_generator_settings":{"template":"highway","default_image_id":0,"font":"","enabled":false},"version":2},"jetpack_post_was_ever_published":false},"categories":[15],"tags":[],"class_list":["post-11394","post","type-post","status-publish","format-standard","has-post-thumbnail","category-saude"],"jetpack_publicize_connections":[],"jetpack-related-posts":[],"jetpack_shortlink":"https:\/\/wp.me\/p7Eq1F-2XM","jetpack_sharing_enabled":true,"jetpack_featured_media_url":"https:\/\/i0.wp.com\/guialimeira.com.br\/news\/wp-content\/uploads\/2024\/08\/dsc8419_0.jpg?fit=1600%2C800&ssl=1","_links":{"self":[{"href":"https:\/\/guialimeira.com.br\/news\/wp-json\/wp\/v2\/posts\/11394","targetHints":{"allow":["GET"]}}],"collection":[{"href":"https:\/\/guialimeira.com.br\/news\/wp-json\/wp\/v2\/posts"}],"about":[{"href":"https:\/\/guialimeira.com.br\/news\/wp-json\/wp\/v2\/types\/post"}],"author":[{"embeddable":true,"href":"https:\/\/guialimeira.com.br\/news\/wp-json\/wp\/v2\/users\/1"}],"replies":[{"embeddable":true,"href":"https:\/\/guialimeira.com.br\/news\/wp-json\/wp\/v2\/comments?post=11394"}],"version-history":[{"count":0,"href":"https:\/\/guialimeira.com.br\/news\/wp-json\/wp\/v2\/posts\/11394\/revisions"}],"wp:featuredmedia":[{"embeddable":true,"href":"https:\/\/guialimeira.com.br\/news\/wp-json\/wp\/v2\/media\/11395"}],"wp:attachment":[{"href":"https:\/\/guialimeira.com.br\/news\/wp-json\/wp\/v2\/media?parent=11394"}],"wp:term":[{"taxonomy":"category","embeddable":true,"href":"https:\/\/guialimeira.com.br\/news\/wp-json\/wp\/v2\/categories?post=11394"},{"taxonomy":"post_tag","embeddable":true,"href":"https:\/\/guialimeira.com.br\/news\/wp-json\/wp\/v2\/tags?post=11394"}],"curies":[{"name":"wp","href":"https:\/\/api.w.org\/{rel}","templated":true}]}}