{"id":11390,"date":"2024-08-01T07:56:48","date_gmt":"2024-08-01T10:56:48","guid":{"rendered":"https:\/\/guialimeira.com.br\/2024\/08\/01\/caio-bonfim-fatura-prata-inedita-para-o-brasil-na-marcha-atletica\/"},"modified":"2024-08-01T07:56:48","modified_gmt":"2024-08-01T10:56:48","slug":"caio-bonfim-fatura-prata-inedita-para-o-brasil-na-marcha-atletica","status":"publish","type":"post","link":"https:\/\/guialimeira.com.br\/news\/caio-bonfim-fatura-prata-inedita-para-o-brasil-na-marcha-atletica\/","title":{"rendered":"Caio Bonfim fatura prata in\u00e9dita para o Brasil na marcha atl\u00e9tica"},"content":{"rendered":"<p> <br \/>\n<\/p>\n<div>\n<p>Na primeira prova do atletismo nos Jogos Ol\u00edmpicos de Paris, o brasileiro Caio Bonfim faturou\u00a0a medalha de prata na marcha atl\u00e9tica. Foi a primeira conquista do atleta de 33 anos, que faz a quarta participa\u00e7\u00e3o ol\u00edmpica.<img data-recalc-dims=\"1\" decoding=\"async\" src=\"https:\/\/i0.wp.com\/agenciabrasil.ebc.com.br\/ebc.png?w=696&#038;ssl=1\" style=\"width:1px; height:1px; display:inline;\"\/><img data-recalc-dims=\"1\" decoding=\"async\" src=\"https:\/\/i0.wp.com\/agenciabrasil.ebc.com.br\/ebc.gif?w=696&#038;ssl=1\" style=\"width:1px; height:1px; display:inline;\"\/><\/p>\n<blockquote class=\"twitter-tweet\">\n<p dir=\"ltr\" lang=\"ca\" xml:lang=\"ca\">PERSEVERAN\u00c7A.<a href=\"https:\/\/twitter.com\/hashtag\/TimeBrasil?src=hash&amp;ref_src=twsrc%5Etfw\" rel=\"noopener\">#TimeBrasil<\/a> <a href=\"https:\/\/twitter.com\/hashtag\/JogosOl%C3%ADmpicos?src=hash&amp;ref_src=twsrc%5Etfw\" rel=\"noopener\">#JogosOl\u00edmpicos<\/a> <a href=\"https:\/\/twitter.com\/hashtag\/Paris2024?src=hash&amp;ref_src=twsrc%5Etfw\" rel=\"noopener\">#Paris2024<\/a> <a href=\"https:\/\/t.co\/OLtJJyjbte\">pic.twitter.com\/OLtJJyjbte<\/a><\/p>\n<p>\u2014 Time Brasil (@timebrasil) <a href=\"https:\/\/twitter.com\/timebrasil\/status\/1818918726915277118?ref_src=twsrc%5Etfw\" rel=\"noopener\">August 1, 2024<\/a><\/p><\/blockquote>\n<p>Os 49 atletas largaram \u00e0s 8h, no hor\u00e1rio da Fran\u00e7a (3h no hor\u00e1rio de Bras\u00edlia),\u00a0para o percurso de 20 quil\u00f4metros pelas ruas da capital francesa. Desde o in\u00edcio da prova Caio se manteve entre os primeiros colocados, junto ao pelot\u00e3o principal. O brasileiro chegou a liderar por alguns quil\u00f4metros, mas na \u00faltima volta o equatoriano Brian Pintado fez a ultrapassagem e se desgarrou na frente. Pintado venceu com o tempo de 1h18min55. Mesmo com duas puni\u00e7\u00f5es, Caio se manteve entre os primeiros e cruzou a linha de chegada em 1h19min09. O espanhol Alvaro Martin (1h19min11) foi bronze.\u00a0A cerim\u00f4nia de entrega das medalhas ser\u00e1 amanh\u00e3 (2), no Stade de France, palco das principais competi\u00e7\u00f5es de atletismo.<\/p>\n<p>Outros dois brasileiros participaram dos 20km da marcha atl\u00e9tica. Max Batista foi o 28\u00ba colocado e Matheus Correa terminou em 39\u00ba lugar.<\/p>\n<p>Caio Bonfim j\u00e1 havia se aproximado da medalha nos Jogos Rio 2016, quando terminou a prova da marcha na quarta posi\u00e7\u00e3o, at\u00e9 ent\u00e3o o melhor resultado para o Brasil na prova. Em Londres (2012), sua estreia ol\u00edmpica, ele passou mal e n\u00e3o completou o percurso. E em T\u00f3quio (2021), o brasiliense terminou na 13\u00aa coloca\u00e7\u00e3o. O marchador tamb\u00e9m tem no curr\u00edculo duas medalhas de bronze em mundiais de atletismo (2017 e 2023), al\u00e9m de tr\u00eas medalhas na prova individual em Jogos Pan-Americanos (prata em 2019 e 2023, bronze em 2013). receber a medalha de prata<\/p>\n<p>O p\u00f3dio ol\u00edmpico coroa o trabalho de uma vida inteira dedicada \u00e0 marcha atl\u00e9tica. Caio come\u00e7ou no esporte muito cedo, inspirado pela m\u00e3e, Gianetti Sena Bonfim, que era atleta da modalidade e se tornou sua treinadora. O pai, Jo\u00e3o Bonfim, tamb\u00e9m \u00e9 t\u00e9cnico de marcha atl\u00e9tica. A fam\u00edlia Bonfim \u00e9 respons\u00e1vel pelo Centro de Atletismo de Sobradinho, projeto social que forma novos atletas no Distrito Federal.<\/p>\n<blockquote>\n<p>\u201cTodo mundo que um dia viu a marcha disse \u2018isso \u00e9 estranho\u2019. Para mim era normal, minha m\u00e3e fazia marcha. Ela fez \u00edndice para Atlanta-1996, teve umas mudan\u00e7as de crit\u00e9rios e ela n\u00e3o foi. Quando eu fui pra Londres eu falei pra ela: \u2018quem disse que voc\u00ea n\u00e3o foi para uma Olimp\u00edada?\u2019. E hoje na nossa quarta Olimp\u00edada eu posso virar para minha m\u00e3e e falar: \u2018N\u00f3s somos medalhistas ol\u00edmpicos, n\u00f3s somos medalhistas ol\u00edmpicos!\u201d, disse Caio Bonfim em entrevista ao canal Sportv.<\/p>\n<\/blockquote>\n<h2>Prova feminina<\/h2>\n<p>A competi\u00e7\u00e3o feminina da marcha atl\u00e9tica tamb\u00e9m foi disputada hoje, com a participa\u00e7\u00e3o de 45 atletas. As brasileiras n\u00e3o conseguiram medalhas. A melhor colocada foi Erica Sena, que terminou na 13\u00aa posi\u00e7\u00e3o. Viviane Lyra cruzou a linha de chegada na 18\u00aa coloca\u00e7\u00e3o. O ouro foi para chinesa Jiayu Yang, com o tempo de 1h21min47. A prata ficou com a espanhola Maria Perez e o bronze com a australiana Jemima Montag.<\/p>\n<p>Na quarta-feira (7) ocorrer\u00e1 o revezamento misto da marcha atl\u00e9tica, competi\u00e7\u00e3o que aparece pela primeira vez no programa dos Jogos Ol\u00edmpicos. Na prova, um homem e uma mulher se alternam em percurso de 10km de marcha, totalizando no final 42,195 km, a dist\u00e2ncia de uma maratona. O Brasil ser\u00e1 representado por Caio Bonfim e Viviane Lyra.<\/p>\n<\/p><\/div>\n<p><script async src=\"\/\/platform.twitter.com\/widgets.js\" charset=\"utf-8\"><\/script><br \/>\n<br \/><br \/>\n<br \/><a href=\"https:\/\/agenciabrasil.ebc.com.br\/esportes\/noticia\/2024-08\/caio-bonfim-fatura-prata-inedita-para-o-brasil-na-marcha-atletica\" rel=\"noopener\">Ag\u00eancia Brasil<\/a><\/p>\n","protected":false},"excerpt":{"rendered":"<p>Na primeira prova do atletismo nos Jogos Ol\u00edmpicos de Paris, o brasileiro Caio Bonfim faturou\u00a0a medalha de prata na marcha atl\u00e9tica. Foi a primeira conquista do atleta de 33 anos, que faz a quarta participa\u00e7\u00e3o ol\u00edmpica. PERSEVERAN\u00c7A.#TimeBrasil #JogosOl\u00edmpicos #Paris2024 pic.twitter.com\/OLtJJyjbte \u2014 Time Brasil (@timebrasil) August 1, 2024 Os 49 atletas largaram \u00e0s 8h, no hor\u00e1rio [&hellip;]<\/p>\n","protected":false},"author":1,"featured_media":11391,"comment_status":"open","ping_status":"open","sticky":false,"template":"","format":"standard","meta":{"_jetpack_newsletter_access":"","_jetpack_dont_email_post_to_subs":false,"_jetpack_newsletter_tier_id":0,"_jetpack_memberships_contains_paywalled_content":false,"_mbp_banners":[],"_jetpack_feature_clip_id":0,"_jetpack_memberships_contains_paid_content":false,"footnotes":"","jetpack_publicize_message":"","jetpack_publicize_feature_enabled":true,"jetpack_social_post_already_shared":true,"jetpack_social_options":{"image_generator_settings":{"template":"highway","default_image_id":0,"font":"","enabled":false},"version":2},"jetpack_post_was_ever_published":false},"categories":[23],"tags":[],"class_list":["post-11390","post","type-post","status-publish","format-standard","has-post-thumbnail","category-esportes"],"jetpack_publicize_connections":[],"jetpack-related-posts":[],"jetpack_shortlink":"https:\/\/wp.me\/p7Eq1F-2XI","jetpack_sharing_enabled":true,"jetpack_featured_media_url":"https:\/\/i0.wp.com\/guialimeira.com.br\/news\/wp-content\/uploads\/2024\/08\/caio_bonfim_prata_marcha_atletica_paris.jpg?fit=1600%2C800&ssl=1","_links":{"self":[{"href":"https:\/\/guialimeira.com.br\/news\/wp-json\/wp\/v2\/posts\/11390","targetHints":{"allow":["GET"]}}],"collection":[{"href":"https:\/\/guialimeira.com.br\/news\/wp-json\/wp\/v2\/posts"}],"about":[{"href":"https:\/\/guialimeira.com.br\/news\/wp-json\/wp\/v2\/types\/post"}],"author":[{"embeddable":true,"href":"https:\/\/guialimeira.com.br\/news\/wp-json\/wp\/v2\/users\/1"}],"replies":[{"embeddable":true,"href":"https:\/\/guialimeira.com.br\/news\/wp-json\/wp\/v2\/comments?post=11390"}],"version-history":[{"count":0,"href":"https:\/\/guialimeira.com.br\/news\/wp-json\/wp\/v2\/posts\/11390\/revisions"}],"wp:featuredmedia":[{"embeddable":true,"href":"https:\/\/guialimeira.com.br\/news\/wp-json\/wp\/v2\/media\/11391"}],"wp:attachment":[{"href":"https:\/\/guialimeira.com.br\/news\/wp-json\/wp\/v2\/media?parent=11390"}],"wp:term":[{"taxonomy":"category","embeddable":true,"href":"https:\/\/guialimeira.com.br\/news\/wp-json\/wp\/v2\/categories?post=11390"},{"taxonomy":"post_tag","embeddable":true,"href":"https:\/\/guialimeira.com.br\/news\/wp-json\/wp\/v2\/tags?post=11390"}],"curies":[{"name":"wp","href":"https:\/\/api.w.org\/{rel}","templated":true}]}}