{"id":11383,"date":"2024-07-31T21:46:48","date_gmt":"2024-08-01T00:46:48","guid":{"rendered":"https:\/\/guialimeira.com.br\/2024\/07\/31\/canoagem-slalom-ana-satila-encerra-final-do-c1-na-quinta-posicao\/"},"modified":"2024-07-31T21:46:48","modified_gmt":"2024-08-01T00:46:48","slug":"canoagem-slalom-ana-satila-encerra-final-do-c1-na-quinta-posicao","status":"publish","type":"post","link":"https:\/\/guialimeira.com.br\/news\/canoagem-slalom-ana-satila-encerra-final-do-c1-na-quinta-posicao\/","title":{"rendered":"Canoagem slalom: Ana S\u00e1tila encerra final do C1 na quinta posi\u00e7\u00e3o"},"content":{"rendered":"<p> <br \/>\n<\/p>\n<div>\n<p>A mineira Ana S\u00e1tila encerrou nesta quarta-feira (31) a sua participa\u00e7\u00e3o na disputa do C1 (canoa) da canoagem slalom dos Jogos Ol\u00edmpicos de Paris (Fran\u00e7a) na quinta posi\u00e7\u00e3o, cinco posi\u00e7\u00f5es \u00e0 frente do recorde brasileiro anterior na prova, que pertencia a ela mesma e que foi conquistado nos Jogos de T\u00f3quio (2020).<img data-recalc-dims=\"1\" decoding=\"async\" src=\"https:\/\/i0.wp.com\/agenciabrasil.ebc.com.br\/ebc.png?w=696&#038;ssl=1\" style=\"width:1px; height:1px; display:inline;\"\/><img data-recalc-dims=\"1\" decoding=\"async\" src=\"https:\/\/i0.wp.com\/agenciabrasil.ebc.com.br\/ebc.gif?w=696&#038;ssl=1\" style=\"width:1px; height:1px; display:inline;\"\/><\/p>\n<p>\u201cN\u00e3o estou feliz. Estava me sentindo muito bem, muito preparada. Tinha uma equipe gigante do meu lado, lutando dia e noite para que eu estivesse aqui na minha melhor forma, e eu estava. Infelizmente n\u00e3o consegui essa medalha. Ainda estou assimilando tudo o que aconteceu, mas estou orgulhosa por ter colocado tudo o que eu podia dentro dessa competi\u00e7\u00e3o. Claro que n\u00e3o foi o que eu queria, mas \u00e9 analisar o que aconteceu, descansar e me preparar para a \u00faltima categoria que eu tenho\u201d.<\/p>\n<p>No primeiro dos tr\u00eas eventos de canoagem slalom nos quais estava inscrita, Ana S\u00e1tila garantiu um quarto lugar no K1 (caiaque) no \u00faltimo domingo (28). Por\u00e9m a brasileira ainda tem mais uma oportunidade de conquistar a sonhada medalha ol\u00edmpica nos Jogos de Paris, pois na pr\u00f3xima sexta-feira (2) come\u00e7a a disputa do caiaque extremo, modalidade mais radical do programa da canoagem nos Jogos Ol\u00edmpicos.<\/p>\n<\/p><\/div>\n<p><br \/>\n<br \/><a href=\"https:\/\/agenciabrasil.ebc.com.br\/esportes\/noticia\/2024-07\/canoagem-slalom-ana-satila-encerra-disputa-do-c1-na-quinta-posicao\" rel=\"noopener\">Ag\u00eancia Brasil<\/a><\/p>\n","protected":false},"excerpt":{"rendered":"<p>A mineira Ana S\u00e1tila encerrou nesta quarta-feira (31) a sua participa\u00e7\u00e3o na disputa do C1 (canoa) da canoagem slalom dos Jogos Ol\u00edmpicos de Paris (Fran\u00e7a) na quinta posi\u00e7\u00e3o, cinco posi\u00e7\u00f5es \u00e0 frente do recorde brasileiro anterior na prova, que pertencia a ela mesma e que foi conquistado nos Jogos de T\u00f3quio (2020). \u201cN\u00e3o estou feliz. [&hellip;]<\/p>\n","protected":false},"author":1,"featured_media":11384,"comment_status":"open","ping_status":"open","sticky":false,"template":"","format":"standard","meta":{"_jetpack_newsletter_access":"","_jetpack_dont_email_post_to_subs":false,"_jetpack_newsletter_tier_id":0,"_jetpack_memberships_contains_paywalled_content":false,"_mbp_banners":[],"_jetpack_feature_clip_id":0,"_jetpack_memberships_contains_paid_content":false,"footnotes":"","jetpack_publicize_message":"","jetpack_publicize_feature_enabled":true,"jetpack_social_post_already_shared":true,"jetpack_social_options":{"image_generator_settings":{"template":"highway","default_image_id":0,"font":"","enabled":false},"version":2},"jetpack_post_was_ever_published":false},"categories":[23],"tags":[],"class_list":["post-11383","post","type-post","status-publish","format-standard","has-post-thumbnail","category-esportes"],"jetpack_publicize_connections":[],"jetpack-related-posts":[],"jetpack_shortlink":"https:\/\/wp.me\/p7Eq1F-2XB","jetpack_sharing_enabled":true,"jetpack_featured_media_url":"https:\/\/i0.wp.com\/guialimeira.com.br\/news\/wp-content\/uploads\/2024\/07\/ana_satila_foto_miriam_jeske_cob_728dd81e32.jpg?fit=1600%2C800&ssl=1","_links":{"self":[{"href":"https:\/\/guialimeira.com.br\/news\/wp-json\/wp\/v2\/posts\/11383","targetHints":{"allow":["GET"]}}],"collection":[{"href":"https:\/\/guialimeira.com.br\/news\/wp-json\/wp\/v2\/posts"}],"about":[{"href":"https:\/\/guialimeira.com.br\/news\/wp-json\/wp\/v2\/types\/post"}],"author":[{"embeddable":true,"href":"https:\/\/guialimeira.com.br\/news\/wp-json\/wp\/v2\/users\/1"}],"replies":[{"embeddable":true,"href":"https:\/\/guialimeira.com.br\/news\/wp-json\/wp\/v2\/comments?post=11383"}],"version-history":[{"count":0,"href":"https:\/\/guialimeira.com.br\/news\/wp-json\/wp\/v2\/posts\/11383\/revisions"}],"wp:featuredmedia":[{"embeddable":true,"href":"https:\/\/guialimeira.com.br\/news\/wp-json\/wp\/v2\/media\/11384"}],"wp:attachment":[{"href":"https:\/\/guialimeira.com.br\/news\/wp-json\/wp\/v2\/media?parent=11383"}],"wp:term":[{"taxonomy":"category","embeddable":true,"href":"https:\/\/guialimeira.com.br\/news\/wp-json\/wp\/v2\/categories?post=11383"},{"taxonomy":"post_tag","embeddable":true,"href":"https:\/\/guialimeira.com.br\/news\/wp-json\/wp\/v2\/tags?post=11383"}],"curies":[{"name":"wp","href":"https:\/\/api.w.org\/{rel}","templated":true}]}}