{"id":1137,"date":"2024-04-07T16:29:44","date_gmt":"2024-04-07T19:29:44","guid":{"rendered":"https:\/\/guialimeira.com.br\/2024\/04\/07\/eclipse-total-do-sol-acontece-na-segunda-saiba-como-ver-pela-internet\/"},"modified":"2024-04-07T16:29:44","modified_gmt":"2024-04-07T19:29:44","slug":"eclipse-total-do-sol-acontece-na-segunda-saiba-como-ver-pela-internet","status":"publish","type":"post","link":"https:\/\/guialimeira.com.br\/news\/eclipse-total-do-sol-acontece-na-segunda-saiba-como-ver-pela-internet\/","title":{"rendered":"Eclipse total do sol acontece na segunda; saiba como ver pela internet"},"content":{"rendered":"<p> <br \/>\n<\/p>\n<div>\n<p>O eclipse total do Sol em 2024, que acontece nesta segunda-feira (8), ser\u00e1 vis\u00edvel nos tr\u00eas pa\u00edses da Am\u00e9rica do Norte (Canad\u00e1, Estados Unidos e M\u00e9xico) e tamb\u00e9m poder\u00e1 ser observado de forma parcial\u00a0em quase toda a Am\u00e9rica Central e em uma faixa da Europa Ocidental. No Brasil, por\u00e9m, o fen\u00f4meno astron\u00f4mico n\u00e3o poder\u00e1 ser visto nem parcialmente, porque a Am\u00e9rica do Sul n\u00e3o est\u00e1 na trajet\u00f3ria do eclipse.<img data-recalc-dims=\"1\" decoding=\"async\" src=\"https:\/\/i0.wp.com\/agenciabrasil.ebc.com.br\/ebc.png?w=696&#038;ssl=1\" style=\"width:1px; height:1px; display:inline;\"\/><img data-recalc-dims=\"1\" decoding=\"async\" src=\"https:\/\/i0.wp.com\/agenciabrasil.ebc.com.br\/ebc.gif?w=696&#038;ssl=1\" style=\"width:1px; height:1px; display:inline;\"\/><\/p>\n<p>Um eclipse total ocorre quando a Lua passa entre a Terra e o Sol, bloqueando completamente a luz solar e projetando uma sombra sobre o planeta. De acordo com o site especializado em hor\u00e1rios, fusos hor\u00e1rios e astronomia <a href=\"https:\/\/www.timeanddate.com\/eclipse\/solar\/2024-april-8\" rel=\"noopener\"><em>Time and Date<\/em><\/a>, o eclipse solar total deste ano come\u00e7ar\u00e1 \u00e0s 12h42, atingir\u00e1 o m\u00e1ximo \u00e0s 15h17 e terminar\u00e1 \u00e0s 17h52, no hor\u00e1rio do Brasil. os melhores lugares do mundo para v\u00ea-lo ser\u00e3o no norte do M\u00e9xico; no Texas, no sul dos EUA; e o leste do Canad\u00e1.<\/p>\n<h2>Transmiss\u00e3o ao vivo<\/h2>\n<p>A pr\u00f3xima vez que o Brasil perceber\u00e1 o dia virar noite completa ser\u00e1 somente em 12 de agosto de 2045.\u00a0Para que os brasileiros possam acompanhar as fases do fen\u00f4meno desta segunda-feira, o Observat\u00f3rio Nacional (ON), vinculado ao Minist\u00e9rio da Ci\u00eancia, Tecnologia e Inova\u00e7\u00e3o, far\u00e1 uma transmiss\u00e3o ao vivo a partir de 12h30, pelo seu canal no YouTube.\u00a0\u00a0<\/p>\n<p>A previs\u00e3o \u00e9 que a transmiss\u00e3o em tempo real mostre todas as fases parciais do espet\u00e1culo da natureza at\u00e9 o alinhamento total da Lua, da Terra e do Sol, mas depender\u00e1 apenas das condi\u00e7\u00f5es clim\u00e1ticas, em cada localidade.<\/p>\n<p>Al\u00e9m de exibir o fen\u00f4meno, os astr\u00f4nomos amadores e profissionais que fazem parte do projeto conversar\u00e3o com o p\u00fablico sobre astronomia, astrof\u00edsica, telesc\u00f3pios e captura de imagens astron\u00f4micas, como habitualmente \u00e9 feito durante observa\u00e7\u00f5es p\u00fablicas presenciais promovidas.<\/p>\n<div class=\"dnd-widget-wrapper context-cheio_8colunas type-image atom-align-center\">\n<div class=\"dnd-atom-rendered\"><!-- scald=379412:cheio_8colunas {\"additionalClasses\":\"\"} --><\/p>\n<div class=\"shadow overflow-hidden rounded-lg d-block w-100\">\n            <img data-recalc-dims=\"1\" decoding=\"async\" src=\"https:\/\/i0.wp.com\/agenciabrasil.ebc.com.br\/sites\/default\/files\/thumbnails\/image\/loading_v2.gif?w=696&#038;ssl=1\" data-echo=\"https:\/\/imagens.ebc.com.br\/RFQzVp2Ae39NWj7mjEVqjEwIjck=\/754x0\/smart\/https:\/\/agenciabrasil.ebc.com.br\/sites\/default\/files\/thumbnails\/image\/2024\/04\/05\/eclipse_total_do_sol_de_8_de_abril.jpg?itok=tBhWEW9_\" alt=\"Bras\u00edlia (DF) 05\/04\/2024 - Apartir das 12h30 (hora legal de Bras\u00edlia) da tarde da pr\u00f3xima segunda-feira, dia 08\/04, o Observat\u00f3rio Nacional promove uma nova edi\u00e7\u00e3o do projeto \" o=\"\" c=\"\" em=\"\" sua=\"\" casa:=\"\" observa=\"\" remota=\"\" foto:=\"\" nasa=\"\" title=\"Nasa\" class=\"flex-fill img-cover\"\/><br \/>\n        <img data-recalc-dims=\"1\" decoding=\"async\" src=\"https:\/\/i0.wp.com\/imagens.ebc.com.br\/RFQzVp2Ae39NWj7mjEVqjEwIjck%3D\/754x0\/smart\/https%3A\/\/agenciabrasil.ebc.com.br\/sites\/default\/files\/thumbnails\/image\/2024\/04\/05\/eclipse_total_do_sol_de_8_de_abril.jpg?w=696&#038;ssl=1\" alt=\"Bras\u00edlia (DF) 05\/04\/2024 - Apartir das 12h30 (hora legal de Bras\u00edlia) da tarde da pr\u00f3xima segunda-feira, dia 08\/04, o Observat\u00f3rio Nacional promove uma nova edi\u00e7\u00e3o do projeto \" o=\"\" c=\"\" em=\"\" sua=\"\" casa:=\"\" observa=\"\" remota=\"\" foto:=\"\" nasa=\"\" title=\"Nasa\" class=\"flex-fill img-cover\"\/>\n    <\/div>\n<p><!-- END scald=379412 --><\/div>\n<p><h6 class=\"meta\"><!--copyright=379412--><em>Bras\u00edlia (DF) 05\/04\/2024 &#8211; Apartir das 12h30 (hora legal de Bras\u00edlia) da tarde da pr\u00f3xima segunda-feira, dia 08\/04, o Observat\u00f3rio Nacional promove uma nova edi\u00e7\u00e3o do projeto &#8220;O C\u00e9u em sua Casa: observa\u00e7\u00e3o remota&#8221;. Foto: Nasa &#8211; <strong>Nasa<\/strong><\/em><!--END copyright=379412--><\/h6>\n<\/p>\n<\/div>\n<h2><!--copyright=379412-->Seguran\u00e7a<\/h2>\n<p>O Observat\u00f3rio Nacional alerta que os eclipses nunca devem ser encarados diretamente sem a prote\u00e7\u00e3o adequada, pois podem causar danos permanentes \u00e0 vis\u00e3o, como a queima da retina.\u00a0E, ao contr\u00e1rio do que muitos pensam, \u00f3culos de sol comuns, mesmo os muito escuros, chapas de raio-X n\u00e3o s\u00e3o apropriados para esse fim, muito menos lentes, bin\u00f3culos, telesc\u00f3pios ou qualquer instrumento \u00f3ptico sem os filtros corretos, pois n\u00e3o s\u00e3o seguros. O uso de acess\u00f3rios inadequados para observa\u00e7\u00e3o de eclipses pode causar perda da vis\u00e3o tempor\u00e1ria ou em definitivo.<\/p>\n<p>A orienta\u00e7\u00e3o do Observat\u00f3rio Nacional \u00e9 que sejam usados filtros apropriados e mesmo assim n\u00e3o se pode olhar por muito tempo seguidos. Somente por cerca de 20 segundos para garantir a seguran\u00e7a.<\/p>\n<p>Portanto, n\u00e3o h\u00e1 momento em que seja seguro olhar diretamente para o Sol durante um eclipse sem usar um filtro solar especial, por exemplo, em \u00f3culos de eclipse.<\/p>\n<h2>Pr\u00f3ximos eventos<\/h2>\n<p>Os pr\u00f3ximos eclipses solares parciais vis\u00edveis no Brasil acontecer\u00e3o em 6 de fevereiro de 2027, 26 de janeiro de 2028 e 20 de mar\u00e7o de 2034. Por\u00e9m, o eclipse solar total ser\u00e1 visto pelos brasileiros em 12 de agosto de 2045, com \u00e1pice previsto para ocorrer \u00e0s 16h19, com o disco solar coberto em sua totalidade por 2 minutos e 44 segundos. Depois desse, o pr\u00f3ximo eclipse total vis\u00edvel no Brasil ocorrer\u00e1 em 2125.<\/p>\n<p>Em abril deste ano, o planeta ainda testemunhar\u00e1 no dia 8 a Super Lua Nova; e uma chuva de meteoros que deve atingir o pico entre 21 e 22 de abril, dependendo da localiza\u00e7\u00e3o do observador.<\/p>\n<\/p><\/div>\n<p><br \/>\n<br \/><a href=\"https:\/\/agenciabrasil.ebc.com.br\/geral\/noticia\/2024-04\/eclipse-total-do-sol-acontece-na-segunda-saiba-como-ver-pela-internet\" rel=\"noopener\">Ag\u00eancia Brasil<\/a><\/p>\n","protected":false},"excerpt":{"rendered":"<p>O eclipse total do Sol em 2024, que acontece nesta segunda-feira (8), ser\u00e1 vis\u00edvel nos tr\u00eas pa\u00edses da Am\u00e9rica do Norte (Canad\u00e1, Estados Unidos e M\u00e9xico) e tamb\u00e9m poder\u00e1 ser observado de forma parcial\u00a0em quase toda a Am\u00e9rica Central e em uma faixa da Europa Ocidental. No Brasil, por\u00e9m, o fen\u00f4meno astron\u00f4mico n\u00e3o poder\u00e1 ser [&hellip;]<\/p>\n","protected":false},"author":1,"featured_media":1138,"comment_status":"open","ping_status":"open","sticky":false,"template":"","format":"standard","meta":{"_jetpack_newsletter_access":"","_jetpack_dont_email_post_to_subs":false,"_jetpack_newsletter_tier_id":0,"_jetpack_memberships_contains_paywalled_content":false,"_mbp_banners":[],"_jetpack_feature_clip_id":0,"_jetpack_memberships_contains_paid_content":false,"footnotes":"","jetpack_publicize_message":"","jetpack_publicize_feature_enabled":true,"jetpack_social_post_already_shared":true,"jetpack_social_options":{"image_generator_settings":{"template":"highway","default_image_id":0,"font":"","enabled":false},"version":2},"jetpack_post_was_ever_published":false},"categories":[22],"tags":[],"class_list":["post-1137","post","type-post","status-publish","format-standard","has-post-thumbnail","category-nacional"],"jetpack_publicize_connections":[],"jetpack-related-posts":[],"jetpack_shortlink":"https:\/\/wp.me\/p7Eq1F-il","jetpack_sharing_enabled":true,"jetpack_featured_media_url":"https:\/\/i0.wp.com\/guialimeira.com.br\/news\/wp-content\/uploads\/2024\/04\/canaa_dos_carajas.jpg?fit=1600%2C800&ssl=1","_links":{"self":[{"href":"https:\/\/guialimeira.com.br\/news\/wp-json\/wp\/v2\/posts\/1137","targetHints":{"allow":["GET"]}}],"collection":[{"href":"https:\/\/guialimeira.com.br\/news\/wp-json\/wp\/v2\/posts"}],"about":[{"href":"https:\/\/guialimeira.com.br\/news\/wp-json\/wp\/v2\/types\/post"}],"author":[{"embeddable":true,"href":"https:\/\/guialimeira.com.br\/news\/wp-json\/wp\/v2\/users\/1"}],"replies":[{"embeddable":true,"href":"https:\/\/guialimeira.com.br\/news\/wp-json\/wp\/v2\/comments?post=1137"}],"version-history":[{"count":0,"href":"https:\/\/guialimeira.com.br\/news\/wp-json\/wp\/v2\/posts\/1137\/revisions"}],"wp:featuredmedia":[{"embeddable":true,"href":"https:\/\/guialimeira.com.br\/news\/wp-json\/wp\/v2\/media\/1138"}],"wp:attachment":[{"href":"https:\/\/guialimeira.com.br\/news\/wp-json\/wp\/v2\/media?parent=1137"}],"wp:term":[{"taxonomy":"category","embeddable":true,"href":"https:\/\/guialimeira.com.br\/news\/wp-json\/wp\/v2\/categories?post=1137"},{"taxonomy":"post_tag","embeddable":true,"href":"https:\/\/guialimeira.com.br\/news\/wp-json\/wp\/v2\/tags?post=1137"}],"curies":[{"name":"wp","href":"https:\/\/api.w.org\/{rel}","templated":true}]}}