{"id":11338,"date":"2024-07-31T15:27:48","date_gmt":"2024-07-31T18:27:48","guid":{"rendered":"https:\/\/guialimeira.com.br\/2024\/07\/31\/diretor-geral-da-oms-confirma-deteccao-de-polio-na-faixa-de-gaza\/"},"modified":"2024-07-31T15:27:48","modified_gmt":"2024-07-31T18:27:48","slug":"diretor-geral-da-oms-confirma-deteccao-de-polio-na-faixa-de-gaza","status":"publish","type":"post","link":"https:\/\/guialimeira.com.br\/news\/diretor-geral-da-oms-confirma-deteccao-de-polio-na-faixa-de-gaza\/","title":{"rendered":"Diretor-geral da OMS confirma detec\u00e7\u00e3o de p\u00f3lio na Faixa de Gaza"},"content":{"rendered":"<p> <br \/>\n<\/p>\n<div>\n<p>O diretor-geral da Organiza\u00e7\u00e3o Mundial da Sa\u00fade (OMS), Tedros Adhanom Ghebreyesus, confirmou nesta quarta-feira (31) a detec\u00e7\u00e3o do v\u00edrus da poliomielite na Faixa de Gaza. A regi\u00e3o enfrenta uma grave crise sanit\u00e1ria ap\u00f3s quase dez meses de guerra entre Israel e o Hamas.<img data-recalc-dims=\"1\" decoding=\"async\" src=\"https:\/\/i0.wp.com\/agenciabrasil.ebc.com.br\/ebc.png?w=696&#038;ssl=1\" style=\"width:1px; height:1px; display:inline;\"\/><img data-recalc-dims=\"1\" decoding=\"async\" src=\"https:\/\/i0.wp.com\/agenciabrasil.ebc.com.br\/ebc.gif?w=696&#038;ssl=1\" style=\"width:1px; height:1px; display:inline;\"\/><\/p>\n<p>Em seu perfil na rede social X, Tedros escreveu: \u201cA detec\u00e7\u00e3o da p\u00f3lio em Gaza \u00e9 um grave lembrete das terr\u00edveis condi\u00e7\u00f5es enfrentadas pela popula\u00e7\u00e3o. A persist\u00eancia do conflito dificulta os esfor\u00e7os para identificar e responder a amea\u00e7as \u00e0 sa\u00fade preven\u00edveis, como a poliomielite.\u201d<\/p>\n<p>A OMS informou que prepara o envio de cerca de 1 milh\u00e3o de doses da vacina contra a p\u00f3lio para Gaza. O porta-voz da entidade, Christian Lindmeier, fez um apelo por um cessar-fogo na regi\u00e3o que permita o in\u00edcio de campanha de vacina\u00e7\u00e3o em massa.<\/p>\n<\/p><\/div>\n<p><br \/>\n<br \/><a href=\"https:\/\/agenciabrasil.ebc.com.br\/internacional\/noticia\/2024-07\/diretor-geral-da-oms-confirma-deteccao-de-polio-na-faixa-de-gaza\" rel=\"noopener\">Ag\u00eancia Brasil <\/a><\/p>\n","protected":false},"excerpt":{"rendered":"<p>O diretor-geral da Organiza\u00e7\u00e3o Mundial da Sa\u00fade (OMS), Tedros Adhanom Ghebreyesus, confirmou nesta quarta-feira (31) a detec\u00e7\u00e3o do v\u00edrus da poliomielite na Faixa de Gaza. A regi\u00e3o enfrenta uma grave crise sanit\u00e1ria ap\u00f3s quase dez meses de guerra entre Israel e o Hamas. Em seu perfil na rede social X, Tedros escreveu: \u201cA detec\u00e7\u00e3o da [&hellip;]<\/p>\n","protected":false},"author":1,"featured_media":11339,"comment_status":"open","ping_status":"open","sticky":false,"template":"","format":"standard","meta":{"_jetpack_newsletter_access":"","_jetpack_dont_email_post_to_subs":false,"_jetpack_newsletter_tier_id":0,"_jetpack_memberships_contains_paywalled_content":false,"_mbp_banners":[],"_jetpack_feature_clip_id":0,"_jetpack_memberships_contains_paid_content":false,"footnotes":"","jetpack_publicize_message":"","jetpack_publicize_feature_enabled":true,"jetpack_social_post_already_shared":true,"jetpack_social_options":{"image_generator_settings":{"template":"highway","default_image_id":0,"font":"","enabled":false},"version":2},"jetpack_post_was_ever_published":false},"categories":[25],"tags":[],"class_list":["post-11338","post","type-post","status-publish","format-standard","has-post-thumbnail","category-internacional"],"jetpack_publicize_connections":[],"jetpack-related-posts":[],"jetpack_shortlink":"https:\/\/wp.me\/p7Eq1F-2WS","jetpack_sharing_enabled":true,"jetpack_featured_media_url":"https:\/\/i0.wp.com\/guialimeira.com.br\/news\/wp-content\/uploads\/2024\/07\/2023-11-11t013308z_1_lynxmpejaa00f_rtroptp_4_who-gaza-children-israel-sk1.jpg?fit=1600%2C800&ssl=1","_links":{"self":[{"href":"https:\/\/guialimeira.com.br\/news\/wp-json\/wp\/v2\/posts\/11338","targetHints":{"allow":["GET"]}}],"collection":[{"href":"https:\/\/guialimeira.com.br\/news\/wp-json\/wp\/v2\/posts"}],"about":[{"href":"https:\/\/guialimeira.com.br\/news\/wp-json\/wp\/v2\/types\/post"}],"author":[{"embeddable":true,"href":"https:\/\/guialimeira.com.br\/news\/wp-json\/wp\/v2\/users\/1"}],"replies":[{"embeddable":true,"href":"https:\/\/guialimeira.com.br\/news\/wp-json\/wp\/v2\/comments?post=11338"}],"version-history":[{"count":0,"href":"https:\/\/guialimeira.com.br\/news\/wp-json\/wp\/v2\/posts\/11338\/revisions"}],"wp:featuredmedia":[{"embeddable":true,"href":"https:\/\/guialimeira.com.br\/news\/wp-json\/wp\/v2\/media\/11339"}],"wp:attachment":[{"href":"https:\/\/guialimeira.com.br\/news\/wp-json\/wp\/v2\/media?parent=11338"}],"wp:term":[{"taxonomy":"category","embeddable":true,"href":"https:\/\/guialimeira.com.br\/news\/wp-json\/wp\/v2\/categories?post=11338"},{"taxonomy":"post_tag","embeddable":true,"href":"https:\/\/guialimeira.com.br\/news\/wp-json\/wp\/v2\/tags?post=11338"}],"curies":[{"name":"wp","href":"https:\/\/api.w.org\/{rel}","templated":true}]}}