{"id":1132,"date":"2024-04-07T14:27:55","date_gmt":"2024-04-07T17:27:55","guid":{"rendered":"https:\/\/guialimeira.com.br\/2024\/04\/07\/inspira-ciencia-abre-inscricao-gratuita-para-professores-de-todo-pais\/"},"modified":"2024-04-07T14:27:55","modified_gmt":"2024-04-07T17:27:55","slug":"inspira-ciencia-abre-inscricao-gratuita-para-professores-de-todo-pais","status":"publish","type":"post","link":"https:\/\/guialimeira.com.br\/news\/inspira-ciencia-abre-inscricao-gratuita-para-professores-de-todo-pais\/","title":{"rendered":"Inspira Ci\u00eancia abre inscri\u00e7\u00e3o gratuita para professores de todo pa\u00eds"},"content":{"rendered":"<p> <br \/>\n<\/p>\n<div>\n<p>O Museu do Amanh\u00e3 (foto) abre na pr\u00f3xima segunda-feira (8) inscri\u00e7\u00f5es para a oitava edi\u00e7\u00e3o do programa de forma\u00e7\u00e3o gratuito Inspira Ci\u00eancia, voltado para professores da educa\u00e7\u00e3o b\u00e1sica de todo o pa\u00eds. Ele oferece oportunidade de atualiza\u00e7\u00e3o em ci\u00eancias, abrangendo temas ligados \u00e0 astronomia, geologia, paleontologia, biologia e ecologia.<img data-recalc-dims=\"1\" decoding=\"async\" src=\"https:\/\/i0.wp.com\/agenciabrasil.ebc.com.br\/ebc.png?w=696&#038;ssl=1\" style=\"width:1px; height:1px; display:inline;\"\/><img data-recalc-dims=\"1\" decoding=\"async\" src=\"https:\/\/i0.wp.com\/agenciabrasil.ebc.com.br\/ebc.gif?w=696&#038;ssl=1\" style=\"width:1px; height:1px; display:inline;\"\/><\/p>\n<p>\u201cA gente tenta sair um pouco dessa ci\u00eancia meio dura, como \u00e9 dada em sala de aula, e trazer outros elementos para que os professores se atualizem e incorporem esses outros elementos e conceitos nas aulas deles\u201d, informou \u00e0 Ag\u00eancia Brasil a gerente de Desenvolvimento Cient\u00edfico do Museu do Amanh\u00e3, Nina Pougy. Ao todo, 900 professores j\u00e1 foram formados pelo programa que oferece, nesta oitava edi\u00e7\u00e3o, 200 vagas.<\/p>\n<p>As inscri\u00e7\u00f5es poder\u00e3o ser feitas neste<a href=\"http:\/\/form.typeform.com\/to\/JMhDZ9Kw?typeform-source=controlespam.ebc.com.br\" target=\"_blank\" rel=\"noopener\"> link<\/a> at\u00e9 12 de maio. Os resultados ser\u00e3o divulgados em 17 de maio.\u00a0\u00a0\u00a0\u00a0\u00a0\u00a0<\/p>\n<p>As tr\u00eas primeiras edi\u00e7\u00f5es do Inspira Ci\u00eancia (uma em 2018 e duas em 2019) foram presenciais. A partir de 2020, com a pandemia da covid-19, o programa se tornou online.<\/p>\n<p>A avalia\u00e7\u00e3o da mudan\u00e7a foi positiva, disse Nina Pougy. \u201cPorque a gente hoje consegue contemplar professores de todo o Brasil. Na edi\u00e7\u00e3o do ano passado, tivemos professores de 24 estados e de mais de 90 munic\u00edpios. Ficou muito rico esse processo, a forma\u00e7\u00e3o sendo online, com professores de muitos estados e munic\u00edpios, com experi\u00eancias diferentes\u201d. Participam professores das redes municipal e estadual de ensino.<\/p>\n<p>A busca pelo programa \u00e9 muito grande. No total, foram mais de 5,4 mil professores inscritos. Desses, foram selecionados 1,5 mil, sendo que mais de 900 conclu\u00edram o curso. H\u00e1 aulas expositivas e pr\u00e1ticas, trabalhando-se m\u00e9todos de ensino por investiga\u00e7\u00e3o. H\u00e1 aulas mais pr\u00e1ticas tamb\u00e9m de ferramentas tecnol\u00f3gicas que possam ser usadas em sala de aula.<\/p>\n<h2>Rede<\/h2>\n<p>Al\u00e9m de atualizar os docentes, outro objetivo do projeto \u00e9 formar uma rede entre professores de todo o Brasil. \u201cA gente sempre cria um grupo de <em>whatsapp<\/em> &#8211; h\u00e1 grupos ativos desde a primeira edi\u00e7\u00e3o, em 2018, e esses professores compartilham informa\u00e7\u00f5es, cursos e eventos. A gente valoriza muito esse espa\u00e7o e essa cria\u00e7\u00e3o de rede entre os professores, entendendo que muitos deles dividem os mesmos desafios, uma realidade semelhante e a gente consegue aproximar, para que eles tenham esse canal tamb\u00e9m de comunica\u00e7\u00e3o que dura para al\u00e9m desse momento da forma\u00e7\u00e3o\u201d, acentuou Nina.<\/p>\n<p>Para serem selecionados, os professores devem estar vinculados a alguma escola. A sele\u00e7\u00e3o \u00e9 feita com base em crit\u00e9rios de abrang\u00eancia territorial, de modo a ter professores de todos os estados. Cinquenta por cento das vagas s\u00e3o oferecidas a professores negros (pretos e pardos), ind\u00edgenas e quilombolas.<\/p>\n<p>Como o Museu do Amanh\u00e3 n\u00e3o consegue contemplar todos os interessados, foi produzido um conte\u00fado gravado (videoaulas) que ficar\u00e1 dispon\u00edvel na plataforma da empresa IBM, patrocinadora do projeto.<\/p>\n<p>Com parceria firmada tamb\u00e9m com o Canal Futura, no segundo semestre ser\u00e1 disponibilizado na plataforma educacional do Futura um conte\u00fado mais introdut\u00f3rio, visando ampliar o alcance das aulas e dos temas trabalhados pelo Inspira Ci\u00eancia. O programa \u00e9 realizado em parceria com o <em>British Council<\/em>.<\/p>\n<h2>Encontros<\/h2>\n<p>Em 2024, os professores selecionados participar\u00e3o de cinco encontros virtuais nos dias 8, 15 e 29 de junho e 6 e 13 de julho. A cada dia, palestrantes convidados falar\u00e3o sobre temas fundamentais em ci\u00eancia, componentes da abordagem do ensino por investiga\u00e7\u00e3o, e ainda haver\u00e1 tempo dedicado para intera\u00e7\u00e3o entre os participantes, com o foco na troca de experi\u00eancias entre eles. No final, haver\u00e1 uma televisita \u00e0 exposi\u00e7\u00e3o de longa dura\u00e7\u00e3o do Museu do Amanh\u00e3, relacionando com todo o conte\u00fado exposto e discutido, finalizou Nina.<\/p>\n<p>O Museu do Amanh\u00e3 \u00e9 um equipamento da prefeitura do Rio de Janeiro, gerido pelo Instituto de Desenvolvimento e Gest\u00e3o (IDG).<\/p>\n<\/p><\/div>\n<p><br \/>\n<br \/><a href=\"https:\/\/agenciabrasil.ebc.com.br\/geral\/noticia\/2024-04\/inspira-ciencia-abre-inscricao-gratuita-para-professores-de-todo-pais\" rel=\"noopener\">Ag\u00eancia Brasil<\/a><\/p>\n","protected":false},"excerpt":{"rendered":"<p>O Museu do Amanh\u00e3 (foto) abre na pr\u00f3xima segunda-feira (8) inscri\u00e7\u00f5es para a oitava edi\u00e7\u00e3o do programa de forma\u00e7\u00e3o gratuito Inspira Ci\u00eancia, voltado para professores da educa\u00e7\u00e3o b\u00e1sica de todo o pa\u00eds. Ele oferece oportunidade de atualiza\u00e7\u00e3o em ci\u00eancias, abrangendo temas ligados \u00e0 astronomia, geologia, paleontologia, biologia e ecologia. \u201cA gente tenta sair um pouco [&hellip;]<\/p>\n","protected":false},"author":1,"featured_media":1133,"comment_status":"open","ping_status":"open","sticky":false,"template":"","format":"standard","meta":{"_jetpack_newsletter_access":"","_jetpack_dont_email_post_to_subs":false,"_jetpack_newsletter_tier_id":0,"_jetpack_memberships_contains_paywalled_content":false,"_mbp_banners":[],"_jetpack_feature_clip_id":0,"_jetpack_memberships_contains_paid_content":false,"footnotes":"","jetpack_publicize_message":"","jetpack_publicize_feature_enabled":true,"jetpack_social_post_already_shared":true,"jetpack_social_options":{"image_generator_settings":{"template":"highway","default_image_id":0,"font":"","enabled":false},"version":2},"jetpack_post_was_ever_published":false},"categories":[22],"tags":[],"class_list":["post-1132","post","type-post","status-publish","format-standard","has-post-thumbnail","category-nacional"],"jetpack_publicize_connections":[],"jetpack-related-posts":[],"jetpack_shortlink":"https:\/\/wp.me\/p7Eq1F-ig","jetpack_sharing_enabled":true,"jetpack_featured_media_url":"https:\/\/i0.wp.com\/guialimeira.com.br\/news\/wp-content\/uploads\/2024\/04\/mg_2250.jpg?fit=1600%2C800&ssl=1","_links":{"self":[{"href":"https:\/\/guialimeira.com.br\/news\/wp-json\/wp\/v2\/posts\/1132","targetHints":{"allow":["GET"]}}],"collection":[{"href":"https:\/\/guialimeira.com.br\/news\/wp-json\/wp\/v2\/posts"}],"about":[{"href":"https:\/\/guialimeira.com.br\/news\/wp-json\/wp\/v2\/types\/post"}],"author":[{"embeddable":true,"href":"https:\/\/guialimeira.com.br\/news\/wp-json\/wp\/v2\/users\/1"}],"replies":[{"embeddable":true,"href":"https:\/\/guialimeira.com.br\/news\/wp-json\/wp\/v2\/comments?post=1132"}],"version-history":[{"count":0,"href":"https:\/\/guialimeira.com.br\/news\/wp-json\/wp\/v2\/posts\/1132\/revisions"}],"wp:featuredmedia":[{"embeddable":true,"href":"https:\/\/guialimeira.com.br\/news\/wp-json\/wp\/v2\/media\/1133"}],"wp:attachment":[{"href":"https:\/\/guialimeira.com.br\/news\/wp-json\/wp\/v2\/media?parent=1132"}],"wp:term":[{"taxonomy":"category","embeddable":true,"href":"https:\/\/guialimeira.com.br\/news\/wp-json\/wp\/v2\/categories?post=1132"},{"taxonomy":"post_tag","embeddable":true,"href":"https:\/\/guialimeira.com.br\/news\/wp-json\/wp\/v2\/tags?post=1132"}],"curies":[{"name":"wp","href":"https:\/\/api.w.org\/{rel}","templated":true}]}}