{"id":11279,"date":"2024-07-30T18:58:48","date_gmt":"2024-07-30T21:58:48","guid":{"rendered":"https:\/\/guialimeira.com.br\/2024\/07\/30\/fiocruz-e-organizacoes-defendem-soberania-em-saude-no-sul-global\/"},"modified":"2024-07-30T18:58:48","modified_gmt":"2024-07-30T21:58:48","slug":"fiocruz-e-organizacoes-defendem-soberania-em-saude-no-sul-global","status":"publish","type":"post","link":"https:\/\/guialimeira.com.br\/news\/fiocruz-e-organizacoes-defendem-soberania-em-saude-no-sul-global\/","title":{"rendered":"Fiocruz e organiza\u00e7\u00f5es\u00a0defendem\u00a0soberania em sa\u00fade no Sul Global"},"content":{"rendered":"<p> <br \/>\n<\/p>\n<div>\n<p>Representantes de dez organiza\u00e7\u00f5es, lideradas pela Funda\u00e7\u00e3o Oswaldo Cruz (Fiocruz), assinaram nesta ter\u00e7a-feira (30) a\u00a0Declara\u00e7\u00e3o do Rio de Janeiro, uma carta em defesa da soberania em sa\u00fade na inova\u00e7\u00e3o e no desenvolvimento de diagn\u00f3sticos, vacinas e medicamentos para enfrentar emerg\u00eancias de sa\u00fade p\u00fablica internacional no Sul Global. O documento foi divulgado pelo presidente da Fiocruz, Mario Moreira, no encerramento da C\u00fapula Global de Prepara\u00e7\u00e3o para Pandemias 2024, evento que come\u00e7ou nessa segunda-feira (29), no Rio de Janeiro.<img data-recalc-dims=\"1\" decoding=\"async\" src=\"https:\/\/i0.wp.com\/agenciabrasil.ebc.com.br\/ebc.png?w=696&#038;ssl=1\" style=\"width:1px; height:1px; display:inline;\"\/><img data-recalc-dims=\"1\" decoding=\"async\" src=\"https:\/\/i0.wp.com\/agenciabrasil.ebc.com.br\/ebc.gif?w=696&#038;ssl=1\" style=\"width:1px; height:1px; display:inline;\"\/><\/p>\n<p>\u201cO Sul Global foi a regi\u00e3o que mais sofreu durante a pandemia, com dificuldades de acesso a produtos, sobretudo \u00e0s vacinas. O que propomos nessa carta \u00e9 uma nova rela\u00e7\u00e3o Norte-Sul, em que se respeitem as condi\u00e7\u00f5es cient\u00edficas e tecnol\u00f3gicas dos pa\u00edses do Sul Global, e se discuta uma melhor distribui\u00e7\u00e3o da produ\u00e7\u00e3o e que possamos cooperar em n\u00edveis diferenciados, baseados no respeito e no reconhecimento de que esses pa\u00edses t\u00eam muito a contribuir na prepara\u00e7\u00e3o mundial para novas pandemias. A Fiocruz liderou esse processo e contou com imediato apoio dos nossos parceiros no terceiro setor, na ind\u00fastria, financiadores, em institui\u00e7\u00f5es de\u00a0<em>advocacy<\/em>. \u00c9 uma carta, portanto, de m\u00faltiplas assinaturas, mas com o mesmo objetivo: tornar as rela\u00e7\u00f5es Norte-Sul mais justas\u201d, disse\u00a0Moreira.<\/p>\n<p>A\u00a0Declara\u00e7\u00e3o\u00a0lista\u00a0seis pontos centrais, incluindo a necessidade de se estabelecer uma Alian\u00e7a para Produ\u00e7\u00e3o, Inova\u00e7\u00e3o e Acesso Regional e Local, conforme discutido no \u00e2mbito do G20, e de colabora\u00e7\u00e3o entre as ag\u00eancias reguladoras para harmoniza\u00e7\u00e3o regulat\u00f3rias entre os pa\u00edses. Tamb\u00e9m est\u00e3o citadas no documento demandas por compartilhamento de informa\u00e7\u00f5es, transfer\u00eancia de tecnologias e de investimentos robustos em pesquisa e desenvolvimento, inova\u00e7\u00e3o e produ\u00e7\u00e3o.<\/p>\n<p>Os signat\u00e1rios da declara\u00e7\u00e3o\u00a0destacam que as dificuldades de resposta dos pa\u00edses do Sul Global s\u00e3o agravadas pela concentra\u00e7\u00e3o de cadeias globais de suprimentos de sa\u00fade em pa\u00edses do Norte, impedindo o acesso a suprimentos e tecnologias de sa\u00fade, como vacinas, medicamentos, reagentes de diagn\u00f3stico, equipamentos m\u00e9dicos e de prote\u00e7\u00e3o individual.\u00a0Para eles, os pa\u00edses devem trabalhar de forma colaborativa, abordando os interesses do Sul Global com responsabilidades compartilhadas, adotando uma abordagem inclusiva na prepara\u00e7\u00e3o de leis e regulamentos, e reconhecendo a soberania e as diferen\u00e7as de cada pa\u00eds.<\/p>\n<\/p><\/div>\n<p><br \/>\n<br \/><a href=\"https:\/\/agenciabrasil.ebc.com.br\/saude\/noticia\/2024-07\/fiocruz-e-organizacoes-defendem-soberania-em-saude-no-sul-global\" rel=\"noopener\">Ag\u00eancia Brasil <\/a><\/p>\n","protected":false},"excerpt":{"rendered":"<p>Representantes de dez organiza\u00e7\u00f5es, lideradas pela Funda\u00e7\u00e3o Oswaldo Cruz (Fiocruz), assinaram nesta ter\u00e7a-feira (30) a\u00a0Declara\u00e7\u00e3o do Rio de Janeiro, uma carta em defesa da soberania em sa\u00fade na inova\u00e7\u00e3o e no desenvolvimento de diagn\u00f3sticos, vacinas e medicamentos para enfrentar emerg\u00eancias de sa\u00fade p\u00fablica internacional no Sul Global. O documento foi divulgado pelo presidente da Fiocruz, [&hellip;]<\/p>\n","protected":false},"author":1,"featured_media":11280,"comment_status":"open","ping_status":"open","sticky":false,"template":"","format":"standard","meta":{"_jetpack_newsletter_access":"","_jetpack_dont_email_post_to_subs":false,"_jetpack_newsletter_tier_id":0,"_jetpack_memberships_contains_paywalled_content":false,"_mbp_banners":[],"_jetpack_feature_clip_id":0,"_jetpack_memberships_contains_paid_content":false,"footnotes":"","jetpack_publicize_message":"","jetpack_publicize_feature_enabled":true,"jetpack_social_post_already_shared":true,"jetpack_social_options":{"image_generator_settings":{"template":"highway","default_image_id":0,"font":"","enabled":false},"version":2},"jetpack_post_was_ever_published":false},"categories":[15],"tags":[],"class_list":["post-11279","post","type-post","status-publish","format-standard","has-post-thumbnail","category-saude"],"jetpack_publicize_connections":[],"jetpack-related-posts":[],"jetpack_shortlink":"https:\/\/wp.me\/p7Eq1F-2VV","jetpack_sharing_enabled":true,"jetpack_featured_media_url":"https:\/\/i0.wp.com\/guialimeira.com.br\/news\/wp-content\/uploads\/2024\/07\/fotodentro_0.jpg?fit=1600%2C800&ssl=1","_links":{"self":[{"href":"https:\/\/guialimeira.com.br\/news\/wp-json\/wp\/v2\/posts\/11279","targetHints":{"allow":["GET"]}}],"collection":[{"href":"https:\/\/guialimeira.com.br\/news\/wp-json\/wp\/v2\/posts"}],"about":[{"href":"https:\/\/guialimeira.com.br\/news\/wp-json\/wp\/v2\/types\/post"}],"author":[{"embeddable":true,"href":"https:\/\/guialimeira.com.br\/news\/wp-json\/wp\/v2\/users\/1"}],"replies":[{"embeddable":true,"href":"https:\/\/guialimeira.com.br\/news\/wp-json\/wp\/v2\/comments?post=11279"}],"version-history":[{"count":0,"href":"https:\/\/guialimeira.com.br\/news\/wp-json\/wp\/v2\/posts\/11279\/revisions"}],"wp:featuredmedia":[{"embeddable":true,"href":"https:\/\/guialimeira.com.br\/news\/wp-json\/wp\/v2\/media\/11280"}],"wp:attachment":[{"href":"https:\/\/guialimeira.com.br\/news\/wp-json\/wp\/v2\/media?parent=11279"}],"wp:term":[{"taxonomy":"category","embeddable":true,"href":"https:\/\/guialimeira.com.br\/news\/wp-json\/wp\/v2\/categories?post=11279"},{"taxonomy":"post_tag","embeddable":true,"href":"https:\/\/guialimeira.com.br\/news\/wp-json\/wp\/v2\/tags?post=11279"}],"curies":[{"name":"wp","href":"https:\/\/api.w.org\/{rel}","templated":true}]}}