{"id":11272,"date":"2024-07-30T18:06:48","date_gmt":"2024-07-30T21:06:48","guid":{"rendered":"https:\/\/guialimeira.com.br\/2024\/07\/30\/forcas-armadas-da-venezuela-reafirmam-lealdade-a-maduro\/"},"modified":"2024-07-30T18:06:48","modified_gmt":"2024-07-30T21:06:48","slug":"forcas-armadas-da-venezuela-reafirmam-lealdade-a-maduro","status":"publish","type":"post","link":"https:\/\/guialimeira.com.br\/news\/forcas-armadas-da-venezuela-reafirmam-lealdade-a-maduro\/","title":{"rendered":"For\u00e7as Armadas da Venezuela reafirmam lealdade a Maduro"},"content":{"rendered":"<p> <br \/>\n<\/p>\n<div>\n<p>Em um contexto de tens\u00e3o crescente na Venezuela, o chefe das For\u00e7as Armadas Nacional Bolivariana, Vlad\u00edmir Padrino L\u00f3pez, reafirmou, nesta ter\u00e7a-feira (30), \u201cabsoluta lealdade e apoio incondicional\u201d ao presidente Nicol\u00e1s Maduro, acrescentando que ele \u201cfoi legitimamente reeleito pelo Poder Popular e proclamado pelo Poder Eleitoral para o pr\u00f3ximo per\u00edodo presidencial 2025-2031\u201d.<img data-recalc-dims=\"1\" decoding=\"async\" src=\"https:\/\/i0.wp.com\/agenciabrasil.ebc.com.br\/ebc.png?w=696&#038;ssl=1\" style=\"width:1px; height:1px; display:inline;\"\/><img data-recalc-dims=\"1\" decoding=\"async\" src=\"https:\/\/i0.wp.com\/agenciabrasil.ebc.com.br\/ebc.gif?w=696&#038;ssl=1\" style=\"width:1px; height:1px; display:inline;\"\/><\/p>\n<p>Segundo o chefe das For\u00e7as Armadas venezuelanas, os protestos registrados nos \u00faltimos dois dias no pa\u00eds s\u00e3o atos de terrorismo e sabotagem promovidos por estrutura internacional para desacreditar o processo eleitoral.<\/p>\n<p>\u201cS\u00e3o express\u00f5es de \u00f3dio e irracionalidade que formam parte de um plano preconcebido por grupos pol\u00edticos que sabiam que seriam derrotados. Al\u00e9m disso, comportam uma tentativa de golpe de Estado midi\u00e1tico, suportado pelas redes socais e apoiado pelo imperialismo norte-americano e seus aliados externos e internos\u201d, afirmou o militar.<\/p>\n<p>Desde que foi anunciada a vit\u00f3ria de Maduro nas elei\u00e7\u00f5es do \u00faltimo domingo (28), uma s\u00e9rie de atos questionando o resultado foi registrada\u00a0em diversos pontos da Venezuela.<\/p>\n<p>De acordo com o Minist\u00e9rio P\u00fablico venezuelano, 759 pessoas foram presas, 48 policiais ficaram feridos e um membro da Guarda Bolivariana foi morto por arma de fogo. J\u00e1 a organiza\u00e7\u00e3o n\u00e3o governamental (ONG) venezuelana Foro Penal calcula que seis manifestantes tenham sido mortos desde a \u00faltima segunda-feira (29).<\/p>\n<p>Padrino L\u00f3pez diz que foram destru\u00eddos centros eleitorais, pr\u00e9dios p\u00fablicos e privados, comandos militares e policiais, assim como \u201cs\u00edmbolos da identidade nacional como o \u00edndio Coromoto em Guanare e esculturas do comandante Ch\u00e1vez, entre outros\u201d.<\/p>\n<p>\u201cOs pseudol\u00edderes e as organiza\u00e7\u00f5es criminais que instam a seguir este caminho obscuro que quem n\u00e3o tem a raz\u00e3o, se escondem covardemente no estrangeiro para executar seus planos macabros. Muitos deles j\u00e1 foram plenamente identificados, capturados e processados judicialmente\u201d, acrescentou.<\/p>\n<p>Por fim, o chefe militar pede que a popula\u00e7\u00e3o \u201cn\u00e3o caia\u00a0em provoca\u00e7\u00f5es nem manipula\u00e7\u00f5es que fomentem a viol\u00eancia e a intoler\u00e2ncia\u201d.<\/p>\n<h2>Impasse<\/h2>\n<p>O governo de Nicol\u00e1s Maduro acusa parte da oposi\u00e7\u00e3o e pa\u00edses de incitarem um suposto golpe de Estado no pa\u00eds contra o resultado eleitoral. Por outro lado, parte da oposi\u00e7\u00e3o, alguns pa\u00edses e organismos como Organiza\u00e7\u00e3o dos Estados Americanos (OEA)\u00a0questionam a lisura do pleito e pedem a <a href=\"https:\/\/agenciabrasil.ebc.com.br\/internacional\/noticia\/2024-07\/cresce-pressao-para-cne-divulgar-atas-da-eleicao-da-venezuela\" target=\"_blank\" rel=\"noopener\">publica\u00e7\u00e3o das atas<\/a> que permitem que os votos sejam auditados.<\/p>\n<p>Ap\u00f3s o an\u00fancio do resultado, a lideran\u00e7a da oposi\u00e7\u00e3o Mar\u00eda Corina Machado chegou a pedir uma a\u00e7\u00e3o das For\u00e7as Armadas. \u201cEles sabem. E o dever da For\u00e7a Armada Nacional \u00e9 fazer respeitar a soberania popular expressada no voto. E isso \u00e9 o que esperamos n\u00f3s, os venezuelanos, de cada um dos nossos miliares\u201d, afirmou.<\/p>\n<h2>Seguran\u00e7a das urnas<\/h2>\n<p>Os votos computados nas urnas eletr\u00f4nicas da Venezuela devem ser enviados por sistema pr\u00f3prio \u2013\u00a0sem conex\u00e3o com a internet \u2013\u00a0para uma central que faz a totaliza\u00e7\u00e3o. Ao mesmo tempo, \u00e9 impressa uma ata no local da vota\u00e7\u00e3o e distribu\u00edda c\u00f3pias para todos os fiscais. Posteriormente, \u00e9 feita uma verifica\u00e7\u00e3o, por amostragem, para saber se os votos enviados pela urna eletr\u00f4nica s\u00e3o os mesmos entregues aos fiscais. H\u00e1 ainda a possibilidade de auditar as urnas com os votos impressos. Isso porque na Venezuela, al\u00e9m do voto eletr\u00f4nico, h\u00e1 o voto em papel.<\/p>\n<p>Por\u00e9m, o Conselho Nacional Eleitoral (CNE) ainda n\u00e3o divulgou as atas que comprovam o resultado anunciado, que deu vit\u00f3ria a Maduro com 51,21% dos votos, contra 44% para Edmundo Gonz\u00e1lez e 4,6% para os outros oito candidatos.<\/p>\n<p>Questionada\u00a0pela<strong> Ag\u00eancia Brasil<\/strong> sobre quando e como os dados seriam disponibilizados, a assessoria de imprensa do CNE informou que \u201co Poder Eleitoral est\u00e1 atuando\u201d.<\/p>\n<\/p><\/div>\n<p><br \/>\n<br \/><a href=\"https:\/\/agenciabrasil.ebc.com.br\/internacional\/noticia\/2024-07\/forcas-armadas-da-venezuela-reafirmam-lealdade-maduro\" rel=\"noopener\">Ag\u00eancia Brasil <\/a><\/p>\n","protected":false},"excerpt":{"rendered":"<p>Em um contexto de tens\u00e3o crescente na Venezuela, o chefe das For\u00e7as Armadas Nacional Bolivariana, Vlad\u00edmir Padrino L\u00f3pez, reafirmou, nesta ter\u00e7a-feira (30), \u201cabsoluta lealdade e apoio incondicional\u201d ao presidente Nicol\u00e1s Maduro, acrescentando que ele \u201cfoi legitimamente reeleito pelo Poder Popular e proclamado pelo Poder Eleitoral para o pr\u00f3ximo per\u00edodo presidencial 2025-2031\u201d. Segundo o chefe das [&hellip;]<\/p>\n","protected":false},"author":1,"featured_media":11273,"comment_status":"open","ping_status":"open","sticky":false,"template":"","format":"standard","meta":{"_jetpack_newsletter_access":"","_jetpack_dont_email_post_to_subs":false,"_jetpack_newsletter_tier_id":0,"_jetpack_memberships_contains_paywalled_content":false,"_mbp_banners":[],"_jetpack_feature_clip_id":0,"_jetpack_memberships_contains_paid_content":false,"footnotes":"","jetpack_publicize_message":"","jetpack_publicize_feature_enabled":true,"jetpack_social_post_already_shared":true,"jetpack_social_options":{"image_generator_settings":{"template":"highway","default_image_id":0,"font":"","enabled":false},"version":2},"jetpack_post_was_ever_published":false},"categories":[25],"tags":[],"class_list":["post-11272","post","type-post","status-publish","format-standard","has-post-thumbnail","category-internacional"],"jetpack_publicize_connections":[],"jetpack-related-posts":[],"jetpack_shortlink":"https:\/\/wp.me\/p7Eq1F-2VO","jetpack_sharing_enabled":true,"jetpack_featured_media_url":"https:\/\/i0.wp.com\/guialimeira.com.br\/news\/wp-content\/uploads\/2024\/07\/frame_vladimir_padrino_l.jpg?fit=1600%2C800&ssl=1","_links":{"self":[{"href":"https:\/\/guialimeira.com.br\/news\/wp-json\/wp\/v2\/posts\/11272","targetHints":{"allow":["GET"]}}],"collection":[{"href":"https:\/\/guialimeira.com.br\/news\/wp-json\/wp\/v2\/posts"}],"about":[{"href":"https:\/\/guialimeira.com.br\/news\/wp-json\/wp\/v2\/types\/post"}],"author":[{"embeddable":true,"href":"https:\/\/guialimeira.com.br\/news\/wp-json\/wp\/v2\/users\/1"}],"replies":[{"embeddable":true,"href":"https:\/\/guialimeira.com.br\/news\/wp-json\/wp\/v2\/comments?post=11272"}],"version-history":[{"count":0,"href":"https:\/\/guialimeira.com.br\/news\/wp-json\/wp\/v2\/posts\/11272\/revisions"}],"wp:featuredmedia":[{"embeddable":true,"href":"https:\/\/guialimeira.com.br\/news\/wp-json\/wp\/v2\/media\/11273"}],"wp:attachment":[{"href":"https:\/\/guialimeira.com.br\/news\/wp-json\/wp\/v2\/media?parent=11272"}],"wp:term":[{"taxonomy":"category","embeddable":true,"href":"https:\/\/guialimeira.com.br\/news\/wp-json\/wp\/v2\/categories?post=11272"},{"taxonomy":"post_tag","embeddable":true,"href":"https:\/\/guialimeira.com.br\/news\/wp-json\/wp\/v2\/tags?post=11272"}],"curies":[{"name":"wp","href":"https:\/\/api.w.org\/{rel}","templated":true}]}}