{"id":11245,"date":"2024-07-30T15:16:50","date_gmt":"2024-07-30T18:16:50","guid":{"rendered":"https:\/\/guialimeira.com.br\/2024\/07\/30\/volei-de-praia-carol-e-barbara-voltam-a-vencer-e-avancam-as-oitavas\/"},"modified":"2024-07-30T15:16:50","modified_gmt":"2024-07-30T18:16:50","slug":"volei-de-praia-carol-e-barbara-voltam-a-vencer-e-avancam-as-oitavas","status":"publish","type":"post","link":"https:\/\/guialimeira.com.br\/news\/volei-de-praia-carol-e-barbara-voltam-a-vencer-e-avancam-as-oitavas\/","title":{"rendered":"V\u00f4lei de praia: Carol e B\u00e1rbara voltam a vencer e avan\u00e7am \u00e0s oitavas"},"content":{"rendered":"<p> <br \/>\n<\/p>\n<div>\n<p>A dupla de v\u00f4lei de praia Carol Solberg e B\u00e1rbara Seixas cravou a segunda vit\u00f3ria seguida na Olimpiada de Paris, debaixo de um forte calor na Arena Torre Eiffel. No duelo contra a parceria de Monika Paulikiene e Aine Raupelyte, representantes da Litu\u00e2nia, as brasileiras venceram com tranquilidade por 2 sets a 0, parciais de 21\/13 e 21\/14.<img data-recalc-dims=\"1\" decoding=\"async\" src=\"https:\/\/i0.wp.com\/agenciabrasil.ebc.com.br\/ebc.png?w=696&#038;ssl=1\" style=\"width:1px; height:1px; display:inline;\"\/><img data-recalc-dims=\"1\" decoding=\"async\" src=\"https:\/\/i0.wp.com\/agenciabrasil.ebc.com.br\/ebc.gif?w=696&#038;ssl=1\" style=\"width:1px; height:1px; display:inline;\"\/><\/p>\n<p>O resultado garantiu a dupla do Brasil nas oitavas de final da competi\u00e7\u00e3o com uma rodada de anteced\u00eancia. Os dois primeiros de cada grupo, e os dois melhores terceiros colocados avan\u00e7am diretamente para as oitavas de final. Os outros times que ficarem no terceiro lugar disputam a repescagem. Carol e B\u00e1rbara lideram temporariamente o Grupo E. Logo mais, \u00e0s 16h (hor\u00e1rio de Bras\u00edlia), as brasileiras Ana Patr\u00edcia e Duda, l\u00edderes do ranking mundial, encaram as espanholas Liliana Fern\u00e1ndez Steiner e Paula Soria Guti\u00e9rrez, em partida da\u00a0segunda rodada do Grupo A.\u00a0<\/p>\n<blockquote class=\"twitter-tweet\">\n<p dir=\"ltr\" lang=\"pt\" xml:lang=\"pt\">FESHOW! \ud83d\udc4a<\/p>\n<p>A Raupelyte tem altura (1,97m), mas gigantes somos n\u00f3s!<\/p>\n<p>B\u00e1rbara Seixas\/Carol Solberg \ud83c\udde7\ud83c\uddf7 2 x 0 \ud83c\uddf1\ud83c\uddf9 Paulikiene\/Raupelyte (21\/13, 21\/14)<\/p>\n<p>Classificadas para a fase eliminat\u00f3ria, e a vaga direta nas oitavas quase garantida!<\/p>\n<p>Quem t\u00e1 comemorando?<a href=\"https:\/\/twitter.com\/hashtag\/V%C3%B4leiEmParis2024?src=hash&amp;ref_src=twsrc%5Etfw\" rel=\"noopener\">#V\u00f4leiEmParis2024<\/a> <a href=\"https:\/\/t.co\/S5Aq4Awy11\">pic.twitter.com\/S5Aq4Awy11<\/a><\/p>\n<p>\u2014 V\u00f4lei Brasil (@volei) <a href=\"https:\/\/twitter.com\/volei\/status\/1818303245506248840?ref_src=twsrc%5Etfw\" rel=\"noopener\">July 30, 2024<\/a><\/p><\/blockquote>\n<blockquote>\n<p>\u201cTodo calor que a gente estava esperando em Paris chegou. Mas n\u00f3s somos brasileiras, estamos mais acostumadas e preparadas. A gente percebeu que elas estavam sentindo cansa\u00e7o por causa do calor, e aproveitou para acelerar o jogo em momentos que estava bem. Deu certo, e a gente conseguiu uma vit\u00f3ria muito importante.\u201d, afirmou B\u00e1rbara Seixas, em depoimento ao Comit\u00ea Ol\u00edmpico do Brasil.<\/p>\n<\/blockquote>\n<p>A parceria brasileira fecha a primeira fase jogando contra a dupla Stam e Schoon, da Holanda, na sexta-feira (2), ao meio-dia, no hor\u00e1rio de Bras\u00edlia. O duelo deve definir a lideran\u00e7a do grupo.<\/p>\n<blockquote>\n<p>\u201cO jogo contra a dupla da Holanda \u00e9 sempre muito duro, bem parelho. Elas sacam muito bem, n\u00e3o desistem nunca. Agora \u00e9 se preparar com tudo para buscar esse primeiro lugar na chave. Esse jogo vale muito para a gente, todos jogos s\u00e3o muito importantes nos Jogos Ol\u00edmpicos e vamos com tudo para cima\u201d, disse Carol Solberg.<br \/>\u00a0<\/p>\n<\/blockquote>\n<h2>Andr\u00e9\u00a0e George sofrem primeiro rev\u00e9s<\/h2>\n<p>Mais cedo a dupla Andr\u00e9 e George foi superada na\u00a0segunda rodada do torneio ol\u00edmpico. Os brasileiros n\u00e3o fizeram um bom jogo diante da parceria de Cuba, formada por Noslen Diaz e Jorge Alayo, e foram derrotados por 2 sets a 0, parciais de 21\/13 e 21\/18. Eles voltam a jogar na pr\u00f3xima \u00e0s 10h de quinta-feira (1) contra Partain e Benesh, parceria dos Estados Unidos, em duelo que vai fechar a fase de grupos. No momento Andr\u00e9 e George est\u00e3o na terceira posi\u00e7\u00e3o na chave D e precisam da vit\u00f3ria para manter as chances de avan\u00e7ar.<\/p>\n<blockquote>\n<p>\u201cEles jogaram melhor, sacaram melhor. N\u00e3o colocamos nossos advers\u00e1rios sob press\u00e3o. Deixamos que eles ficassem muito livres. Temos um jogo importante na pr\u00f3xima rodada, brigando pela classifica\u00e7\u00e3o. Mas nos Jogos Ol\u00edmpicos todas as partidas s\u00e3o importantes. Vamos pra cima buscar essa vit\u00f3ria\u201d, afirmou Andr\u00e9.<\/p>\n<\/blockquote>\n<blockquote class=\"twitter-tweet\">\n<p dir=\"ltr\" lang=\"pt\" xml:lang=\"pt\">Andr\u00e9\/George \ud83c\udde7\ud83c\uddf7s\u00e3o superados por Diaz\/Alayo \ud83c\udde8\ud83c\uddfa. Time vai buscar classifica\u00e7\u00e3o para as oitavas na quinta, contra os americanos Partain\/Benesh \ud83c\uddfa\ud83c\uddf8. <a href=\"https:\/\/twitter.com\/hashtag\/voleidepraia?src=hash&amp;ref_src=twsrc%5Etfw\" rel=\"noopener\">#voleidepraia<\/a> <a href=\"https:\/\/twitter.com\/hashtag\/jogosolimpicos?src=hash&amp;ref_src=twsrc%5Etfw\" rel=\"noopener\">#jogosolimpicos<\/a> <a href=\"https:\/\/twitter.com\/hashtag\/paris2024?src=hash&amp;ref_src=twsrc%5Etfw\" rel=\"noopener\">#paris2024<\/a> <a href=\"https:\/\/twitter.com\/hashtag\/V%C3%B4leiEmParis2024?src=hash&amp;ref_src=twsrc%5Etfw\" rel=\"noopener\">#V\u00f4leiEmParis2024<\/a> <a href=\"https:\/\/t.co\/G0OV2t6ot3\">pic.twitter.com\/G0OV2t6ot3<\/a><\/p>\n<p>\u2014 V\u00f4lei Brasil (@volei) <a href=\"https:\/\/twitter.com\/volei\/status\/1818239384136634731?ref_src=twsrc%5Etfw\" rel=\"noopener\">July 30, 2024<\/a><\/p><\/blockquote>\n<blockquote class=\"twitter-tweet\"><p>\u201cHoje n\u00e3o jogamos bem e acabamos perdendo. Na pr\u00f3xima rodada temos um jogo muito duro. Contra o time americano, o jogo \u00e9 um pouco mais r\u00e1pido, ent\u00e3o vai depender muito do nosso saque. Vamos parar, estudar e ver onde podemos melhorar. E vamos com tudo.\u201d, disse George.<\/p><\/blockquote><\/div>\n<p><script async src=\"\/\/platform.twitter.com\/widgets.js\" charset=\"utf-8\"><\/script><br \/>\n<br \/><br \/>\n<br \/><a href=\"https:\/\/agenciabrasil.ebc.com.br\/esportes\/noticia\/2024-07\/volei-de-praia-carol-e-barbara-voltam-vencer-e-avancam-oitavas\" rel=\"noopener\">Ag\u00eancia Brasil<\/a><\/p>\n","protected":false},"excerpt":{"rendered":"<p>A dupla de v\u00f4lei de praia Carol Solberg e B\u00e1rbara Seixas cravou a segunda vit\u00f3ria seguida na Olimpiada de Paris, debaixo de um forte calor na Arena Torre Eiffel. No duelo contra a parceria de Monika Paulikiene e Aine Raupelyte, representantes da Litu\u00e2nia, as brasileiras venceram com tranquilidade por 2 sets a 0, parciais de [&hellip;]<\/p>\n","protected":false},"author":1,"featured_media":11246,"comment_status":"open","ping_status":"open","sticky":false,"template":"","format":"standard","meta":{"_jetpack_newsletter_access":"","_jetpack_dont_email_post_to_subs":false,"_jetpack_newsletter_tier_id":0,"_jetpack_memberships_contains_paywalled_content":false,"_mbp_banners":[],"_jetpack_feature_clip_id":0,"_jetpack_memberships_contains_paid_content":false,"footnotes":"","jetpack_publicize_message":"","jetpack_publicize_feature_enabled":true,"jetpack_social_post_already_shared":true,"jetpack_social_options":{"image_generator_settings":{"template":"highway","default_image_id":0,"font":"","enabled":false},"version":2},"jetpack_post_was_ever_published":false},"categories":[23],"tags":[],"class_list":["post-11245","post","type-post","status-publish","format-standard","has-post-thumbnail","category-esportes"],"jetpack_publicize_connections":[],"jetpack-related-posts":[],"jetpack_shortlink":"https:\/\/wp.me\/p7Eq1F-2Vn","jetpack_sharing_enabled":true,"jetpack_featured_media_url":"https:\/\/i0.wp.com\/guialimeira.com.br\/news\/wp-content\/uploads\/2024\/07\/carol_e_barbara_volei_de_praia_paris.jpeg?fit=1600%2C800&ssl=1","_links":{"self":[{"href":"https:\/\/guialimeira.com.br\/news\/wp-json\/wp\/v2\/posts\/11245","targetHints":{"allow":["GET"]}}],"collection":[{"href":"https:\/\/guialimeira.com.br\/news\/wp-json\/wp\/v2\/posts"}],"about":[{"href":"https:\/\/guialimeira.com.br\/news\/wp-json\/wp\/v2\/types\/post"}],"author":[{"embeddable":true,"href":"https:\/\/guialimeira.com.br\/news\/wp-json\/wp\/v2\/users\/1"}],"replies":[{"embeddable":true,"href":"https:\/\/guialimeira.com.br\/news\/wp-json\/wp\/v2\/comments?post=11245"}],"version-history":[{"count":0,"href":"https:\/\/guialimeira.com.br\/news\/wp-json\/wp\/v2\/posts\/11245\/revisions"}],"wp:featuredmedia":[{"embeddable":true,"href":"https:\/\/guialimeira.com.br\/news\/wp-json\/wp\/v2\/media\/11246"}],"wp:attachment":[{"href":"https:\/\/guialimeira.com.br\/news\/wp-json\/wp\/v2\/media?parent=11245"}],"wp:term":[{"taxonomy":"category","embeddable":true,"href":"https:\/\/guialimeira.com.br\/news\/wp-json\/wp\/v2\/categories?post=11245"},{"taxonomy":"post_tag","embeddable":true,"href":"https:\/\/guialimeira.com.br\/news\/wp-json\/wp\/v2\/tags?post=11245"}],"curies":[{"name":"wp","href":"https:\/\/api.w.org\/{rel}","templated":true}]}}