{"id":11241,"date":"2024-07-30T14:54:48","date_gmt":"2024-07-30T17:54:48","guid":{"rendered":"https:\/\/guialimeira.com.br\/2024\/07\/30\/inep-divulga-cartao-de-confirmacao-da-inscricao-no-revalida-2024-2\/"},"modified":"2024-07-30T14:54:48","modified_gmt":"2024-07-30T17:54:48","slug":"inep-divulga-cartao-de-confirmacao-da-inscricao-no-revalida-2024-2","status":"publish","type":"post","link":"https:\/\/guialimeira.com.br\/news\/inep-divulga-cartao-de-confirmacao-da-inscricao-no-revalida-2024-2\/","title":{"rendered":"Inep divulga cart\u00e3o de confirma\u00e7\u00e3o da inscri\u00e7\u00e3o no Revalida 2024.2"},"content":{"rendered":"<p> <br \/>\n<\/p>\n<div>\n<p>O Instituto Nacional de Estudos e Pesquisas Educacionais An\u00edsio Teixeira (Inep) divulga nesta ter\u00e7a-feira (30) o cart\u00e3o de confirma\u00e7\u00e3o da inscri\u00e7\u00e3o na primeira etapa da segunda edi\u00e7\u00e3o deste ano do Exame Nacional de Revalida\u00e7\u00e3o de Diplomas M\u00e9dicos Expedidos por Institui\u00e7\u00e3o de Educa\u00e7\u00e3o Superior Estrangeira (Revalida 2024.2).\u00a0<img data-recalc-dims=\"1\" decoding=\"async\" src=\"https:\/\/i0.wp.com\/agenciabrasil.ebc.com.br\/ebc.png?w=696&#038;ssl=1\" style=\"width:1px; height:1px; display:inline;\"\/><img data-recalc-dims=\"1\" decoding=\"async\" src=\"https:\/\/i0.wp.com\/agenciabrasil.ebc.com.br\/ebc.gif?w=696&#038;ssl=1\" style=\"width:1px; height:1px; display:inline;\"\/><\/p>\n<p>A prova est\u00e1 marcada para 25 de agosto e ser\u00e1 aplicada nas seguintes cidades: Belo Horizonte (MG), Bras\u00edlia (DF), Campo Grande (MS), Curitiba (PR), Porto Velho (RO), Recife (PE), Rio Branco (AC), Salvador (BA) e S\u00e3o Paulo (SP).<\/p>\n<p>O Revalida \u00e9 obrigat\u00f3rio para os m\u00e9dicos formados no exterior que desejam atuar no Brasil. Em 10 de julho, o Inep divulgou a nota de corte para a edi\u00e7\u00e3o 2024.2, que \u00e9 de 86,659 na primeira etapa, dos 150 pontos poss\u00edveis.\u00a0<\/p>\n<p>Os inscritos na segunda edi\u00e7\u00e3o do Revalida em 2024 devem enviar a documenta\u00e7\u00e3o comprobat\u00f3ria de conclus\u00e3o de curso de Medicina entre os dias 28 de agosto e 1\u00ba\u00a0de setembro. O resultado final da primeira etapa est\u00e1 marcado para 25 de outubro.\u00a0<\/p>\n<p>Tamb\u00e9m nesta ter\u00e7a (30) se encerra, \u00e0s 23h59, o prazo para recurso contra o Padr\u00e3o Esperado de Procedimentos (PEP) da segunda etapa do Revalida 2024.1. Nessa etapa, os participantes podem questionar apenas o \u201cgabarito\u201d da prova, sem a reavalia\u00e7\u00e3o de desempenhos individuais. Nesse caso, as provas foram aplicadas em 20 e 21 de julho.\u00a0<\/p>\n<p>O Revalida \u00e9 composto por duas etapas (te\u00f3rica e pr\u00e1tica), que abordam as cinco grandes \u00e1reas da medicina: cl\u00ednica m\u00e9dica, cirurgia, ginecologia e obstetr\u00edcia, pediatria, e medicina da fam\u00edlia e comunidade (sa\u00fade coletiva). O objetivo \u00e9 avaliar habilidades, compet\u00eancias e conhecimentos necess\u00e1rios para o exerc\u00edcio profissional adequado aos princ\u00edpios e necessidades do Sistema \u00danico de Sa\u00fade (SUS).<\/p>\n<\/p><\/div>\n<p><br \/>\n<br \/><a href=\"https:\/\/agenciabrasil.ebc.com.br\/saude\/noticia\/2024-07\/inep-divulga-cartao-de-confirmacao-da-inscricao-no-revalida-20242\" rel=\"noopener\">Ag\u00eancia Brasil <\/a><\/p>\n","protected":false},"excerpt":{"rendered":"<p>O Instituto Nacional de Estudos e Pesquisas Educacionais An\u00edsio Teixeira (Inep) divulga nesta ter\u00e7a-feira (30) o cart\u00e3o de confirma\u00e7\u00e3o da inscri\u00e7\u00e3o na primeira etapa da segunda edi\u00e7\u00e3o deste ano do Exame Nacional de Revalida\u00e7\u00e3o de Diplomas M\u00e9dicos Expedidos por Institui\u00e7\u00e3o de Educa\u00e7\u00e3o Superior Estrangeira (Revalida 2024.2).\u00a0 A prova est\u00e1 marcada para 25 de agosto e [&hellip;]<\/p>\n","protected":false},"author":1,"featured_media":9249,"comment_status":"open","ping_status":"open","sticky":false,"template":"","format":"standard","meta":{"_jetpack_newsletter_access":"","_jetpack_dont_email_post_to_subs":false,"_jetpack_newsletter_tier_id":0,"_jetpack_memberships_contains_paywalled_content":false,"_mbp_banners":[],"_jetpack_feature_clip_id":0,"_jetpack_memberships_contains_paid_content":false,"footnotes":"","jetpack_publicize_message":"","jetpack_publicize_feature_enabled":true,"jetpack_social_post_already_shared":true,"jetpack_social_options":{"image_generator_settings":{"template":"highway","default_image_id":0,"font":"","enabled":false},"version":2},"jetpack_post_was_ever_published":false},"categories":[15],"tags":[],"class_list":["post-11241","post","type-post","status-publish","format-standard","has-post-thumbnail","category-saude"],"jetpack_publicize_connections":[],"jetpack-related-posts":[],"jetpack_shortlink":"https:\/\/wp.me\/p7Eq1F-2Vj","jetpack_sharing_enabled":true,"jetpack_featured_media_url":"https:\/\/i0.wp.com\/guialimeira.com.br\/news\/wp-content\/uploads\/2024\/06\/revalida_mcamgo_abr_100720211818-9.jpg?fit=1600%2C800&ssl=1","_links":{"self":[{"href":"https:\/\/guialimeira.com.br\/news\/wp-json\/wp\/v2\/posts\/11241","targetHints":{"allow":["GET"]}}],"collection":[{"href":"https:\/\/guialimeira.com.br\/news\/wp-json\/wp\/v2\/posts"}],"about":[{"href":"https:\/\/guialimeira.com.br\/news\/wp-json\/wp\/v2\/types\/post"}],"author":[{"embeddable":true,"href":"https:\/\/guialimeira.com.br\/news\/wp-json\/wp\/v2\/users\/1"}],"replies":[{"embeddable":true,"href":"https:\/\/guialimeira.com.br\/news\/wp-json\/wp\/v2\/comments?post=11241"}],"version-history":[{"count":0,"href":"https:\/\/guialimeira.com.br\/news\/wp-json\/wp\/v2\/posts\/11241\/revisions"}],"wp:featuredmedia":[{"embeddable":true,"href":"https:\/\/guialimeira.com.br\/news\/wp-json\/wp\/v2\/media\/9249"}],"wp:attachment":[{"href":"https:\/\/guialimeira.com.br\/news\/wp-json\/wp\/v2\/media?parent=11241"}],"wp:term":[{"taxonomy":"category","embeddable":true,"href":"https:\/\/guialimeira.com.br\/news\/wp-json\/wp\/v2\/categories?post=11241"},{"taxonomy":"post_tag","embeddable":true,"href":"https:\/\/guialimeira.com.br\/news\/wp-json\/wp\/v2\/tags?post=11241"}],"curies":[{"name":"wp","href":"https:\/\/api.w.org\/{rel}","templated":true}]}}